{"id":114901,"date":"2017-05-13T18:54:10","date_gmt":"2017-05-13T20:54:10","guid":{"rendered":"http:\/\/aconteceunovale.com.br\/portal\/?p=114901"},"modified":"2026-09-02T12:15:26","modified_gmt":"2026-09-02T15:15:26","slug":"tres-idosos-sao-espancados-durante-assalto-em-aracuai","status":"publish","type":"post","link":"https:\/\/aconteceunovale.com.br\/portal\/?p=114901","title":{"rendered":"Tr\u00eas idosos s\u00e3o espancados durante assalto em Ara\u00e7ua\u00ed"},"content":{"rendered":"<p>Um casal de idosos, de 84 e 86 anos, e a irm\u00e3 de um deles, de 82, foram agredidos violentamente neste s\u00e1bado (13\/05\/2017) durante um assalto, ocorrido por volta das 6 horas da manh\u00e3, na casa onde vivem, na Rua Leopoldo Pereira, regi\u00e3o central de Ara\u00e7ua\u00ed, no Vale do Jequitinhonha.<\/p>\n<p>Dois suspeitos fugiram em uma moto Bros vermelha e branca e at\u00e9 o momento n\u00e3o foram presos. As informa\u00e7\u00f5es d\u00e3o conta que a dupla fugiu levando R$ 10 mil reais.<\/p>\n<p>A sobrinha do casal, e vizinha dos idosos, disse que o crime foi praticado com requintes de crueldade. \u201cTodos foram agredidos com v\u00e1rias coronhadas na cabe\u00e7a. Foi muita crueldade e covardia. Meu tio, que tem 86 anos, e tem problemas de vis\u00e3o, est\u00e1 com o rosto deformado\u201d, desabafou a mulher.<\/p>\n<p>As v\u00edtimas foram socorridas pela pol\u00edcia e levadas para o hospital da cidade, onde se encontram em observa\u00e7\u00e3o. Uma das v\u00edtimas, o aposentado J\u00e1der, de 86 anos, est\u00e1 bastante ferido, disse um amigo da fam\u00edlia.<\/p>\n<h4>Coronhadas na cabe\u00e7a<\/h4>\n<p>A mulher contou que os idosos estavam em casa quando foram surpreendidos pelos dois assaltantes que estavam usando capacetes e roupas pretas de motoqueiros. Eles pularam o port\u00e3o e um pequeno muro e invadiram a casa  pela porta dos fundos.<\/p>\n<p>&#8220;Ao ouvir o barulho, meu tio abriu a porta da cozinha e foi surpreendido pela dupla que o jogou no ch\u00e3o e come\u00e7ou a agredi-lo.  Escutei gritos e depois sil\u00eancio. Desconfiei que estava acontecendo alguma coisa e quando entrei na casa, vi tudo revirado. Ouvi sussurros no quarto e por medo, sai imediatamente e fui at\u00e9 \u00e0 casa do  vizinho que mora em frente, e pedi que ele ligasse para a pol\u00edcia. Cheguei a ver uma moto que estava estacionada debaixo de uma \u00e1rvore distante pelo menos 50 metros da casa. Quando sai da casa do vizinho, eles estavam fugindo\u201d, disse a mulher.<\/p>\n<p>A Pol\u00edcia Militar informou que faz rastreamentos, mas at\u00e9 o momento ningu\u00e9m foi preso. O caso ser\u00e1 investigado pela Pol\u00edcia Civil.<\/p>\n<p><img decoding=\"async\" src=\"http:\/\/aconteceunovale.com.br\/portal\/wp-content\/uploads\/2017\/05\/assalto_aracuai.jpg\" alt=\"\" \/><em>Casa dos idosos fica em uma rua tranquila e sem sa\u00edda (Foto: Gazeta de Ara\u00e7ua\u00ed)<\/em><br \/>\n<\/br><\/p>\n<p><strong>VER PRIMEIRO<\/strong><\/p>\n<p><strong>Receba as not\u00edcias do Aconteceu no Vale em primeira m\u00e3o. Clique em curtir no endere\u00e7o <a href=\"https:\/\/www.facebook.com\/aconteceunovale\" target=\"_blank\"><font color=\"red\">www.facebook.com\/aconteceunovale<\/font><\/a> ou no box abaixo:<\/strong><\/p>\n<div class=\"fb-like\" data-href=\"https:\/\/www.facebook.com\/aconteceunovale\" data-width=\"120\" data-layout=\"standard\" data-action=\"like\" data-size=\"small\" data-show-faces=\"true\" data-share=\"true\"><\/div>\n<p><\/br><\/p>\n<p><em>(Fonte: Gazeta de Ara\u00e7ua\u00ed)<\/em><\/p>\n","protected":false},"excerpt":{"rendered":"<p>Um casal de idosos, de 84 e 86 anos, e a irm\u00e3 de um deles, de 82, foram agredidos violentamente neste s\u00e1bado (13\/05\/2017) durante um assalto, ocorrido por volta das 6 horas da manh\u00e3, na casa onde vivem, na Rua Leopoldo Pereira, regi\u00e3o central de Ara\u00e7ua\u00ed, no Vale do Jequitinhonha. Dois suspeitos fugiram em uma [&hellip;]<\/p>\n","protected":false},"author":1,"featured_media":114902,"comment_status":"open","ping_status":"closed","sticky":false,"template":"","format":"standard","meta":{"amp_status":"","footnotes":""},"categories":[272530,120],"tags":[148987,186,33634,1018,148988,148986,48601,148985],"class_list":["post-114901","post","type-post","status-publish","format-standard","has-post-thumbnail","hentry","category-aracuai","category-jequi","tag-agressao-contra-idosos-em-aracuai","tag-aracuai","tag-assalto-em-aracuai","tag-destaque","tag-roubo-em-aracuai"],"yoast_head":"<!-- This site is optimized with the Yoast SEO plugin v28.3 - https:\/\/yoast.com\/product\/yoast-seo-wordpress\/ -->\n<title>Tr\u00eas idosos s\u00e3o espancados durante assalto em Ara\u00e7ua\u00ed - Aconteceu no Vale<\/title>\n<meta name=\"robots\" content=\"index, follow, max-snippet:-1, max-image-preview:large, max-video-preview:-1\" \/>\n<link rel=\"canonical\" href=\"https:\/\/aconteceunovale.com.br\/portal\/?p=114901\" \/>\n<meta property=\"og:locale\" content=\"pt_BR\" \/>\n<meta property=\"og:type\" content=\"article\" \/>\n<meta property=\"og:title\" content=\"Tr\u00eas idosos s\u00e3o espancados durante assalto em Ara\u00e7ua\u00ed - Aconteceu no Vale\" \/>\n<meta property=\"og:description\" content=\"Um casal de idosos, de 84 e 86 anos, e a irm\u00e3 de um deles, de 82, foram agredidos violentamente neste s\u00e1bado (13\/05\/2017) durante um assalto, ocorrido por volta das 6 horas da manh\u00e3, na casa onde vivem, na Rua Leopoldo Pereira, regi\u00e3o central de Ara\u00e7ua\u00ed, no Vale do Jequitinhonha. Dois suspeitos fugiram em uma [&hellip;]\" \/>\n<meta property=\"og:url\" content=\"https:\/\/aconteceunovale.com.br\/portal\/?p=114901\" \/>\n<meta property=\"og:site_name\" content=\"Aconteceu no Vale\" \/>\n<meta property=\"article:publisher\" content=\"https:\/\/www.facebook.com\/aconteceunovale\/\" \/>\n<meta property=\"article:published_time\" content=\"2017-05-13T20:54:10+00:00\" \/>\n<meta property=\"article:modified_time\" content=\"2026-09-02T15:15:26+00:00\" \/>\n<meta property=\"og:image\" content=\"https:\/\/aconteceunovale.com.br\/portal\/wp-content\/uploads\/2017\/05\/assalto_aracuai.jpg\" \/>\n\t<meta property=\"og:image:width\" content=\"640\" \/>\n\t<meta property=\"og:image:height\" content=\"360\" \/>\n\t<meta property=\"og:image:type\" content=\"image\/jpeg\" \/>\n<meta name=\"author\" content=\"Aconteceu no Vale\" \/>\n<meta name=\"twitter:card\" content=\"summary_large_image\" \/>\n<meta name=\"twitter:creator\" content=\"@noticiadosvales\" \/>\n<meta name=\"twitter:site\" content=\"@noticiadosvales\" \/>\n<meta name=\"twitter:label1\" content=\"Escrito por\" \/>\n\t<meta name=\"twitter:data1\" content=\"Aconteceu no Vale\" \/>\n\t<meta name=\"twitter:label2\" content=\"Est. tempo de leitura\" \/>\n\t<meta name=\"twitter:data2\" content=\"2 minutos\" \/>\n<script type=\"application\/ld+json\" class=\"yoast-schema-graph\">{\"@context\":\"https:\\\/\\\/schema.org\",\"@graph\":[{\"@type\":\"Article\",\"@id\":\"https:\\\/\\\/aconteceunovale.com.br\\\/portal\\\/?p=114901#article\",\"isPartOf\":{\"@id\":\"https:\\\/\\\/aconteceunovale.com.br\\\/portal\\\/?p=114901\"},\"author\":{\"name\":\"Aconteceu no Vale\",\"@id\":\"https:\\\/\\\/aconteceunovale.com.br\\\/portal\\\/#\\\/schema\\\/person\\\/633529146f2c94272bef50ac2953d589\"},\"headline\":\"Tr\u00eas idosos s\u00e3o espancados durante assalto em Ara\u00e7ua\u00ed\",\"datePublished\":\"2017-05-13T20:54:10+00:00\",\"dateModified\":\"2026-09-02T15:15:26+00:00\",\"mainEntityOfPage\":{\"@id\":\"https:\\\/\\\/aconteceunovale.com.br\\\/portal\\\/?p=114901\"},\"wordCount\":407,\"commentCount\":0,\"image\":{\"@id\":\"https:\\\/\\\/aconteceunovale.com.br\\\/portal\\\/?p=114901#primaryimage\"},\"thumbnailUrl\":\"https:\\\/\\\/aconteceunovale.com.br\\\/portal\\\/wp-content\\\/uploads\\\/2017\\\/05\\\/assalto_aracuai.jpg\",\"keywords\":[\"Agress\u00e3o contra idosos em Ara\u00e7ua\u00ed\",\"Ara\u00e7ua\u00ed\",\"assalto em ara\u00e7ua\u00ed\",\"destaque\",\"Espancamento de idosos em Ara\u00e7ua\u00ed\",\"Idosos espancados em Ara\u00e7ua\u00ed\",\"roubo em Ara\u00e7ua\u00ed\",\"Tr\u00eas idosos s\u00e3o espancados durante assalto em Ara\u00e7ua\u00ed\"],\"articleSection\":[\"Ara\u00e7ua\u00ed\",\"Vale do Jequitinhonha\"],\"inLanguage\":\"pt-BR\",\"potentialAction\":[{\"@type\":\"CommentAction\",\"name\":\"Comment\",\"target\":[\"https:\\\/\\\/aconteceunovale.com.br\\\/portal\\\/?p=114901#respond\"]}]},{\"@type\":\"WebPage\",\"@id\":\"https:\\\/\\\/aconteceunovale.com.br\\\/portal\\\/?p=114901\",\"url\":\"https:\\\/\\\/aconteceunovale.com.br\\\/portal\\\/?p=114901\",\"name\":\"Tr\u00eas idosos s\u00e3o espancados durante assalto em Ara\u00e7ua\u00ed - Aconteceu no Vale\",\"isPartOf\":{\"@id\":\"https:\\\/\\\/aconteceunovale.com.br\\\/portal\\\/#website\"},\"primaryImageOfPage\":{\"@id\":\"https:\\\/\\\/aconteceunovale.com.br\\\/portal\\\/?p=114901#primaryimage\"},\"image\":{\"@id\":\"https:\\\/\\\/aconteceunovale.com.br\\\/portal\\\/?p=114901#primaryimage\"},\"thumbnailUrl\":\"https:\\\/\\\/aconteceunovale.com.br\\\/portal\\\/wp-content\\\/uploads\\\/2017\\\/05\\\/assalto_aracuai.jpg\",\"datePublished\":\"2017-05-13T20:54:10+00:00\",\"dateModified\":\"2026-09-02T15:15:26+00:00\",\"author\":{\"@id\":\"https:\\\/\\\/aconteceunovale.com.br\\\/portal\\\/#\\\/schema\\\/person\\\/633529146f2c94272bef50ac2953d589\"},\"breadcrumb\":{\"@id\":\"https:\\\/\\\/aconteceunovale.com.br\\\/portal\\\/?p=114901#breadcrumb\"},\"inLanguage\":\"pt-BR\",\"potentialAction\":[{\"@type\":\"ReadAction\",\"target\":[\"https:\\\/\\\/aconteceunovale.com.br\\\/portal\\\/?p=114901\"]}]},{\"@type\":\"ImageObject\",\"inLanguage\":\"pt-BR\",\"@id\":\"https:\\\/\\\/aconteceunovale.com.br\\\/portal\\\/?p=114901#primaryimage\",\"url\":\"https:\\\/\\\/aconteceunovale.com.br\\\/portal\\\/wp-content\\\/uploads\\\/2017\\\/05\\\/assalto_aracuai.jpg\",\"contentUrl\":\"https:\\\/\\\/aconteceunovale.com.br\\\/portal\\\/wp-content\\\/uploads\\\/2017\\\/05\\\/assalto_aracuai.jpg\",\"width\":640,\"height\":360},{\"@type\":\"BreadcrumbList\",\"@id\":\"https:\\\/\\\/aconteceunovale.com.br\\\/portal\\\/?p=114901#breadcrumb\",\"itemListElement\":[{\"@type\":\"ListItem\",\"position\":1,\"name\":\"In\u00edcio\",\"item\":\"https:\\\/\\\/aconteceunovale.com.br\\\/portal\\\/\"},{\"@type\":\"ListItem\",\"position\":2,\"name\":\"Tr\u00eas idosos s\u00e3o espancados durante assalto em Ara\u00e7ua\u00ed\"}]},{\"@type\":\"WebSite\",\"@id\":\"https:\\\/\\\/aconteceunovale.com.br\\\/portal\\\/#website\",\"url\":\"https:\\\/\\\/aconteceunovale.com.br\\\/portal\\\/\",\"name\":\"Aconteceu no Vale\",\"description\":\"Portal de Not\u00edcias\",\"potentialAction\":[{\"@type\":\"SearchAction\",\"target\":{\"@type\":\"EntryPoint\",\"urlTemplate\":\"https:\\\/\\\/aconteceunovale.com.br\\\/portal\\\/?s={search_term_string}\"},\"query-input\":{\"@type\":\"PropertyValueSpecification\",\"valueRequired\":true,\"valueName\":\"search_term_string\"}}],\"inLanguage\":\"pt-BR\"},{\"@type\":\"Person\",\"@id\":\"https:\\\/\\\/aconteceunovale.com.br\\\/portal\\\/#\\\/schema\\\/person\\\/633529146f2c94272bef50ac2953d589\",\"name\":\"Aconteceu no Vale\",\"description\":\"Equipe de reportagem do Aconteceu no Vale, portal de not\u00edcias do Vale do Jequitinhonha, em Minas Gerais. Cobrimos as 51 cidades do Vale desde 2013. Sugest\u00f5es de pauta e pedidos de corre\u00e7\u00e3o: contato@aconteceunovale.com.br\",\"sameAs\":[\"http:\\\/\\\/www.aconteceunovale.com.br\"],\"url\":\"https:\\\/\\\/aconteceunovale.com.br\\\/portal\\\/?author=1\"}]}<\/script>\n<!-- \/ Yoast SEO plugin. -->","yoast_head_json":{"title":"Tr\u00eas idosos s\u00e3o espancados durante assalto em Ara\u00e7ua\u00ed - Aconteceu no Vale","robots":{"index":"index","follow":"follow","max-snippet":"max-snippet:-1","max-image-preview":"max-image-preview:large","max-video-preview":"max-video-preview:-1"},"canonical":"https:\/\/aconteceunovale.com.br\/portal\/?p=114901","og_locale":"pt_BR","og_type":"article","og_title":"Tr\u00eas idosos s\u00e3o espancados durante assalto em Ara\u00e7ua\u00ed - Aconteceu no Vale","og_description":"Um casal de idosos, de 84 e 86 anos, e a irm\u00e3 de um deles, de 82, foram agredidos violentamente neste s\u00e1bado (13\/05\/2017) durante um assalto, ocorrido por volta das 6 horas da manh\u00e3, na casa onde vivem, na Rua Leopoldo Pereira, regi\u00e3o central de Ara\u00e7ua\u00ed, no Vale do Jequitinhonha. Dois suspeitos fugiram em uma [&hellip;]","og_url":"https:\/\/aconteceunovale.com.br\/portal\/?p=114901","og_site_name":"Aconteceu no Vale","article_publisher":"https:\/\/www.facebook.com\/aconteceunovale\/","article_published_time":"2017-05-13T20:54:10+00:00","article_modified_time":"2026-09-02T15:15:26+00:00","og_image":[{"width":640,"height":360,"url":"https:\/\/aconteceunovale.com.br\/portal\/wp-content\/uploads\/2017\/05\/assalto_aracuai.jpg","type":"image\/jpeg"}],"author":"Aconteceu no Vale","twitter_card":"summary_large_image","twitter_creator":"@noticiadosvales","twitter_site":"@noticiadosvales","twitter_misc":{"Escrito por":"Aconteceu no Vale","Est. tempo de leitura":"2 minutos"},"schema":{"@context":"https:\/\/schema.org","@graph":[{"@type":"Article","@id":"https:\/\/aconteceunovale.com.br\/portal\/?p=114901#article","isPartOf":{"@id":"https:\/\/aconteceunovale.com.br\/portal\/?p=114901"},"author":{"name":"Aconteceu no Vale","@id":"https:\/\/aconteceunovale.com.br\/portal\/#\/schema\/person\/633529146f2c94272bef50ac2953d589"},"headline":"Tr\u00eas idosos s\u00e3o espancados durante assalto em Ara\u00e7ua\u00ed","datePublished":"2017-05-13T20:54:10+00:00","dateModified":"2026-09-02T15:15:26+00:00","mainEntityOfPage":{"@id":"https:\/\/aconteceunovale.com.br\/portal\/?p=114901"},"wordCount":407,"commentCount":0,"image":{"@id":"https:\/\/aconteceunovale.com.br\/portal\/?p=114901#primaryimage"},"thumbnailUrl":"https:\/\/aconteceunovale.com.br\/portal\/wp-content\/uploads\/2017\/05\/assalto_aracuai.jpg","keywords":["Agress\u00e3o contra idosos em Ara\u00e7ua\u00ed","Ara\u00e7ua\u00ed","assalto em ara\u00e7ua\u00ed","destaque","Espancamento de idosos em Ara\u00e7ua\u00ed","Idosos espancados em Ara\u00e7ua\u00ed","roubo em Ara\u00e7ua\u00ed","Tr\u00eas idosos s\u00e3o espancados durante assalto em Ara\u00e7ua\u00ed"],"articleSection":["Ara\u00e7ua\u00ed","Vale do Jequitinhonha"],"inLanguage":"pt-BR","potentialAction":[{"@type":"CommentAction","name":"Comment","target":["https:\/\/aconteceunovale.com.br\/portal\/?p=114901#respond"]}]},{"@type":"WebPage","@id":"https:\/\/aconteceunovale.com.br\/portal\/?p=114901","url":"https:\/\/aconteceunovale.com.br\/portal\/?p=114901","name":"Tr\u00eas idosos s\u00e3o espancados durante assalto em Ara\u00e7ua\u00ed - Aconteceu no Vale","isPartOf":{"@id":"https:\/\/aconteceunovale.com.br\/portal\/#website"},"primaryImageOfPage":{"@id":"https:\/\/aconteceunovale.com.br\/portal\/?p=114901#primaryimage"},"image":{"@id":"https:\/\/aconteceunovale.com.br\/portal\/?p=114901#primaryimage"},"thumbnailUrl":"https:\/\/aconteceunovale.com.br\/portal\/wp-content\/uploads\/2017\/05\/assalto_aracuai.jpg","datePublished":"2017-05-13T20:54:10+00:00","dateModified":"2026-09-02T15:15:26+00:00","author":{"@id":"https:\/\/aconteceunovale.com.br\/portal\/#\/schema\/person\/633529146f2c94272bef50ac2953d589"},"breadcrumb":{"@id":"https:\/\/aconteceunovale.com.br\/portal\/?p=114901#breadcrumb"},"inLanguage":"pt-BR","potentialAction":[{"@type":"ReadAction","target":["https:\/\/aconteceunovale.com.br\/portal\/?p=114901"]}]},{"@type":"ImageObject","inLanguage":"pt-BR","@id":"https:\/\/aconteceunovale.com.br\/portal\/?p=114901#primaryimage","url":"https:\/\/aconteceunovale.com.br\/portal\/wp-content\/uploads\/2017\/05\/assalto_aracuai.jpg","contentUrl":"https:\/\/aconteceunovale.com.br\/portal\/wp-content\/uploads\/2017\/05\/assalto_aracuai.jpg","width":640,"height":360},{"@type":"BreadcrumbList","@id":"https:\/\/aconteceunovale.com.br\/portal\/?p=114901#breadcrumb","itemListElement":[{"@type":"ListItem","position":1,"name":"In\u00edcio","item":"https:\/\/aconteceunovale.com.br\/portal\/"},{"@type":"ListItem","position":2,"name":"Tr\u00eas idosos s\u00e3o espancados durante assalto em Ara\u00e7ua\u00ed"}]},{"@type":"WebSite","@id":"https:\/\/aconteceunovale.com.br\/portal\/#website","url":"https:\/\/aconteceunovale.com.br\/portal\/","name":"Aconteceu no Vale","description":"Portal de Not\u00edcias","potentialAction":[{"@type":"SearchAction","target":{"@type":"EntryPoint","urlTemplate":"https:\/\/aconteceunovale.com.br\/portal\/?s={search_term_string}"},"query-input":{"@type":"PropertyValueSpecification","valueRequired":true,"valueName":"search_term_string"}}],"inLanguage":"pt-BR"},{"@type":"Person","@id":"https:\/\/aconteceunovale.com.br\/portal\/#\/schema\/person\/633529146f2c94272bef50ac2953d589","name":"Aconteceu no Vale","description":"Equipe de reportagem do Aconteceu no Vale, portal de not\u00edcias do Vale do Jequitinhonha, em Minas Gerais. Cobrimos as 51 cidades do Vale desde 2013. Sugest\u00f5es de pauta e pedidos de corre\u00e7\u00e3o: contato@aconteceunovale.com.br","sameAs":["http:\/\/www.aconteceunovale.com.br"],"url":"https:\/\/aconteceunovale.com.br\/portal\/?author=1"}]}},"_links":{"self":[{"href":"https:\/\/aconteceunovale.com.br\/portal\/index.php?rest_route=\/wp\/v2\/posts\/114901","targetHints":{"allow":["GET"]}}],"collection":[{"href":"https:\/\/aconteceunovale.com.br\/portal\/index.php?rest_route=\/wp\/v2\/posts"}],"about":[{"href":"https:\/\/aconteceunovale.com.br\/portal\/index.php?rest_route=\/wp\/v2\/types\/post"}],"author":[{"embeddable":true,"href":"https:\/\/aconteceunovale.com.br\/portal\/index.php?rest_route=\/wp\/v2\/users\/1"}],"replies":[{"embeddable":true,"href":"https:\/\/aconteceunovale.com.br\/portal\/index.php?rest_route=%2Fwp%2Fv2%2Fcomments&post=114901"}],"version-history":[{"count":1,"href":"https:\/\/aconteceunovale.com.br\/portal\/index.php?rest_route=\/wp\/v2\/posts\/114901\/revisions"}],"predecessor-version":[{"id":199438,"href":"https:\/\/aconteceunovale.com.br\/portal\/index.php?rest_route=\/wp\/v2\/posts\/114901\/revisions\/199438"}],"wp:featuredmedia":[{"embeddable":true,"href":"https:\/\/aconteceunovale.com.br\/portal\/index.php?rest_route=\/wp\/v2\/media\/114902"}],"wp:attachment":[{"href":"https:\/\/aconteceunovale.com.br\/portal\/index.php?rest_route=%2Fwp%2Fv2%2Fmedia&parent=114901"}],"wp:term":[{"taxonomy":"category","embeddable":true,"href":"https:\/\/aconteceunovale.com.br\/portal\/index.php?rest_route=%2Fwp%2Fv2%2Fcategories&post=114901"},{"taxonomy":"post_tag","embeddable":true,"href":"https:\/\/aconteceunovale.com.br\/portal\/index.php?rest_route=%2Fwp%2Fv2%2Ftags&post=114901"}],"curies":[{"name":"wp","href":"https:\/\/api.w.org\/{rel}","templated":true}]}}