{"id":114894,"date":"2017-05-13T18:23:14","date_gmt":"2017-05-13T20:23:14","guid":{"rendered":"http:\/\/aconteceunovale.com.br\/portal\/?p=114894"},"modified":"2019-08-29T00:48:25","modified_gmt":"2019-08-29T02:48:25","slug":"jovem-morre-em-grave-acidente-de-transito-em-governador-valadares","status":"publish","type":"post","link":"https:\/\/aconteceunovale.com.br\/portal\/?p=114894","title":{"rendered":"Jovem morre em grave acidente de tr\u00e2nsito em Governador Valadares"},"content":{"rendered":"<p>Uma mulher de 23 anos morreu em um grave acidente, na madrugada deste s\u00e1bado (13\/05\/2017), em Governador Valadares. Segundo o Corpo de Bombeiros, a v\u00edtima D\u00e9bora Chena Ara\u00fajo estava em uma moto e colidiu contra a lateral de um Vectra no bairro Esplanada.<\/p>\n<p>Ainda de acordo com os bombeiros, o motorista do carro teria parado para fazer uma convers\u00e3o quando foi atingido pela moto na Rua Sete de Setembro. O condutor teve ferimentos leves e foi encaminhado ao Hospital Municipal. A mulher tamb\u00e9m foi socorrida, mas n\u00e3o resistiu.<\/p>\n<p>As causas e circunst\u00e2ncias do acidente ser\u00e3o investigadas. A Per\u00edcia T\u00e9cnica da Pol\u00edcia Civil compareceu ao local.<\/p>\n<p><img decoding=\"async\" src=\"http:\/\/aconteceunovale.com.br\/portal\/wp-content\/uploads\/2017\/05\/acidente_gv_mulher_1.jpg\" alt=\"\" \/><em>Acidente aconteceu na Rua Sete de Setembro (Foto: Roberto Higino\/Reprodu\u00e7\u00e3o Facebook)<\/em><br \/>\n<\/br><\/p>\n<p><img decoding=\"async\" src=\"http:\/\/aconteceunovale.com.br\/portal\/wp-content\/uploads\/2017\/05\/acidente_gv_mulher_2.jpg\" alt=\"\" \/><em>Acidente aconteceu na Rua Sete de Setembro (Foto: Roberto Higino\/Reprodu\u00e7\u00e3o Facebook)<\/em><br \/>\n<\/br><\/p>\n<p><img decoding=\"async\" src=\"http:\/\/aconteceunovale.com.br\/portal\/wp-content\/uploads\/2017\/05\/acidente_gv_mulher_3.jpg\" alt=\"\" \/><em>D\u00e9bora Chena Ara\u00fajo tinha 23 anos (Foto: Roberto Higino\/Reprodu\u00e7\u00e3o Facebook)<\/em><br \/>\n<\/br><\/p>\n<h3>C\u00e2meras de seguran\u00e7a registram acidente<\/h3>\n<p>V\u00eddeos divulgados por internautas nas redes sociais mostram o momento em que a moto colide violentamente contra o carro. As imagens foram registradas por c\u00e2meras de seguran\u00e7a. Confira abaixo:<\/p>\n<p><iframe loading=\"lazy\" width=\"640\" height=\"360\" src=\"https:\/\/www.youtube.com\/embed\/ZHxX2qvr0zU\" frameborder=\"0\" allowfullscreen><\/iframe><br \/>\n<\/br><\/p>\n<p><strong>VER PRIMEIRO<\/strong><\/p>\n<p><strong>Receba as not\u00edcias do Aconteceu no Vale em primeira m\u00e3o. Clique em curtir no endere\u00e7o <a href=\"https:\/\/www.facebook.com\/aconteceunovale\" target=\"_blank\" rel=\"noopener noreferrer\"><font color=\"red\">www.facebook.com\/aconteceunovale<\/font><\/a> ou no box abaixo:<\/strong><\/p>\n<div class=\"fb-like\" data-href=\"https:\/\/www.facebook.com\/aconteceunovale\" data-width=\"120\" data-layout=\"standard\" data-action=\"like\" data-size=\"small\" data-show-faces=\"true\" data-share=\"true\"><\/div>\n<p><\/br><\/p>\n<p><em>(Com informa\u00e7\u00f5es do G1 Vales e Corpo de Bombeiros)<\/em><\/p>\n","protected":false},"excerpt":{"rendered":"<p>Uma mulher de 23 anos morreu em um grave acidente, na madrugada deste s\u00e1bado (13\/05\/2017), em Governador Valadares. Segundo o Corpo de Bombeiros, a v\u00edtima D\u00e9bora Chena Ara\u00fajo estava em uma moto e colidiu contra a lateral de um Vectra no bairro Esplanada. Ainda de acordo com os bombeiros, o motorista do carro teria parado [&hellip;]<\/p>\n","protected":false},"author":1,"featured_media":114896,"comment_status":"open","ping_status":"closed","sticky":false,"template":"","format":"standard","meta":{"amp_status":"","footnotes":""},"categories":[121],"tags":[107909,148980,148982,12667,148978,148979,148981,1018,247,148977,148984,148983],"class_list":["post-114894","post","type-post","status-publish","format-standard","has-post-thumbnail","hentry","category-leste","tag-acidente-com-moto-em-governador-valadares","tag-acidente-com-mulher-em-governador-valadares","tag-acidente-debora-chena-araujo","tag-acidente-em-governador-valadares","tag-acidente-entre-carro-e-moto-em-governador-valadares","tag-colisao-entre-carro-e-moto-em-governador-valadares","tag-debora-chena-araujo","tag-destaque","tag-governador-valadares","tag-jovem-morre-em-grave-acidente-de-transito-em-governador-valadares","tag-morre-debora-chena-araujo","tag-morte-de-debora-chena-araujo"],"_links":{"self":[{"href":"https:\/\/aconteceunovale.com.br\/portal\/index.php?rest_route=\/wp\/v2\/posts\/114894","targetHints":{"allow":["GET"]}}],"collection":[{"href":"https:\/\/aconteceunovale.com.br\/portal\/index.php?rest_route=\/wp\/v2\/posts"}],"about":[{"href":"https:\/\/aconteceunovale.com.br\/portal\/index.php?rest_route=\/wp\/v2\/types\/post"}],"author":[{"embeddable":true,"href":"https:\/\/aconteceunovale.com.br\/portal\/index.php?rest_route=\/wp\/v2\/users\/1"}],"replies":[{"embeddable":true,"href":"https:\/\/aconteceunovale.com.br\/portal\/index.php?rest_route=%2Fwp%2Fv2%2Fcomments&post=114894"}],"version-history":[{"count":1,"href":"https:\/\/aconteceunovale.com.br\/portal\/index.php?rest_route=\/wp\/v2\/posts\/114894\/revisions"}],"predecessor-version":[{"id":151814,"href":"https:\/\/aconteceunovale.com.br\/portal\/index.php?rest_route=\/wp\/v2\/posts\/114894\/revisions\/151814"}],"wp:featuredmedia":[{"embeddable":true,"href":"https:\/\/aconteceunovale.com.br\/portal\/index.php?rest_route=\/wp\/v2\/media\/114896"}],"wp:attachment":[{"href":"https:\/\/aconteceunovale.com.br\/portal\/index.php?rest_route=%2Fwp%2Fv2%2Fmedia&parent=114894"}],"wp:term":[{"taxonomy":"category","embeddable":true,"href":"https:\/\/aconteceunovale.com.br\/portal\/index.php?rest_route=%2Fwp%2Fv2%2Fcategories&post=114894"},{"taxonomy":"post_tag","embeddable":true,"href":"https:\/\/aconteceunovale.com.br\/portal\/index.php?rest_route=%2Fwp%2Fv2%2Ftags&post=114894"}],"curies":[{"name":"wp","href":"https:\/\/api.w.org\/{rel}","templated":true}]}}