{"id":114889,"date":"2017-05-13T18:03:31","date_gmt":"2017-05-13T20:03:31","guid":{"rendered":"http:\/\/aconteceunovale.com.br\/portal\/?p=114889"},"modified":"2017-05-13T18:03:43","modified_gmt":"2017-05-13T20:03:43","slug":"filhotes-de-caes-sao-resgatados-pelo-corpo-de-bombeiros-em-governador-valadares","status":"publish","type":"post","link":"https:\/\/aconteceunovale.com.br\/portal\/?p=114889","title":{"rendered":"Filhotes de c\u00e3es s\u00e3o resgatados pelo Corpo de Bombeiros em Governador Valadares"},"content":{"rendered":"<p>O Corpo de Bombeiros realizou o resgate de tr\u00eas filhotes de cachorros nessa sexta-feira (12\/05\/2017) em Governador Valadares, no Vale do Rio Doce. O \u00f3rg\u00e3o foi acionado por uma protetora de animais da Associa\u00e7\u00e3o de Prote\u00e7\u00e3o e Bem-Estar Animal (Aprobem) que havia recebido v\u00eddeo que mostrava os filhotes chorando dentro de um buraco localizado na estrada que d\u00e1 acesso ao Pico da Ibituruna.<\/p>\n<p>Segundo o Corpo de Bombeiros, o local era de dif\u00edcil acesso, sendo necess\u00e1ria caminhonete de tra\u00e7\u00e3o nas quatro rodas para chegar at\u00e9 o ponto onde os filhotes estavam. O buraco tinha cerca de quatro metros de profundidade; os animais foram descobertos gra\u00e7as a uma mulher que passou e ouviu por acaso o choro dos animais. Os militares e Aprobem n\u00e3o souberam identificar como os c\u00e3es chegaram at\u00e9 o local.<\/p>\n<p>\u201cN\u00f3s recebemos esse pedido de ajuda ontem \u00e0 noite [nessa quinta-feira], mas n\u00e3o dava nem para ir ao local conferir porque \u00e9 uma estrada de dif\u00edcil acesso, n\u00e3o seria seguro ir naquele hor\u00e1rio. A\u00ed hoje pedimos ajuda aos bombeiros e eles fizeram um trabalho muito bom. N\u00e3o ter\u00edamos conseguido chegar ao local com um carro normal, nem ter\u00edamos equipamento para descer no buraco\u201d, conta a protetora Mariana Reis.<\/p>\n<p>Para o resgate foi utilizada uma escada prologada que deu acesso aos animais, que foram retirados um a um. Eles foram levados para o batalh\u00e3o do Corpo de Bombeiros, onde foram entregues \u00e0 Aprobem, para serem posteriormente adotados.<\/p>\n<p>\u201cEles parecem saud\u00e1veis, mas \u00e9 nosso procedimento levar a um veterin\u00e1rio. Hoje \u00e0 tarde dei banho e retirei os muitos carrapatos que eles tinham, levou muito tempo. Da\u00ed ser\u00e3o examinados amanh\u00e3, por isso n\u00e3o v\u00e3o estar na feira de ado\u00e7\u00e3o. Mas temos cerca de 10 animais, entre c\u00e3es e gatos, filhotes e adultos, que v\u00e3o estar dispon\u00edveis para serem adotados\u201d, conta Mariana.<\/p>\n<p><img decoding=\"async\" src=\"http:\/\/aconteceunovale.com.br\/portal\/wp-content\/uploads\/2017\/05\/caes_gv_1.jpeg\" alt=\"\" \/><em>C\u00e3es passar\u00e3o por veterin\u00e1rio (Foto: Corpo de Bombeiros\/Divulga\u00e7\u00e3o)<\/em><br \/>\n<\/br><\/p>\n<p><img decoding=\"async\" src=\"http:\/\/aconteceunovale.com.br\/portal\/wp-content\/uploads\/2017\/05\/caes_gv_2.jpeg\" alt=\"\" \/><em>C\u00e3es foram resgatados pelos militares (Foto: Corpo de Bombeiros\/Divulga\u00e7\u00e3o)<\/em><br \/>\n<\/br><\/p>\n<p><strong>VER PRIMEIRO<\/strong><\/p>\n<p><strong>Receba as not\u00edcias do Aconteceu no Vale em primeira m\u00e3o. Clique em curtir no endere\u00e7o <a href=\"https:\/\/www.facebook.com\/aconteceunovale\" target=\"_blank\"><font color=\"red\">www.facebook.com\/aconteceunovale<\/font><\/a> ou no box abaixo:<\/strong><\/p>\n<div class=\"fb-like\" data-href=\"https:\/\/www.facebook.com\/aconteceunovale\" data-width=\"120\" data-layout=\"standard\" data-action=\"like\" data-size=\"small\" data-show-faces=\"true\" data-share=\"true\"><\/div>\n<p><\/br><\/p>\n<p><em>(Fonte: G1 Vales)<\/em><\/p>\n","protected":false},"excerpt":{"rendered":"<p>O Corpo de Bombeiros realizou o resgate de tr\u00eas filhotes de cachorros nessa sexta-feira (12\/05\/2017) em Governador Valadares, no Vale do Rio Doce. O \u00f3rg\u00e3o foi acionado por uma protetora de animais da Associa\u00e7\u00e3o de Prote\u00e7\u00e3o e Bem-Estar Animal (Aprobem) que havia recebido v\u00eddeo que mostrava os filhotes chorando dentro de um buraco localizado na [&hellip;]<\/p>\n","protected":false},"author":1,"featured_media":114891,"comment_status":"open","ping_status":"closed","sticky":false,"template":"","format":"standard","meta":{"amp_status":"","footnotes":""},"categories":[121],"tags":[69133,69134,69132,148975,148974,1018,148976,247,148972,148973],"class_list":["post-114889","post","type-post","status-publish","format-standard","has-post-thumbnail","hentry","category-leste","tag-aprobem","tag-aprobem-governador-valadares","tag-associacao-de-protecao-e-bem-estar-animal","tag-cachorros-resgatados-em-governador-valadares","tag-caes-resgatados-em-governador-valadares","tag-destaque","tag-filhotes-de-caes-sao-resgatados-pelo-corpo-de-bombeiros-em-governador-valadares","tag-governador-valadares","tag-resgate-de-cachorros-em-governador-valadares","tag-resgate-de-caes-em-governador-valadares"],"_links":{"self":[{"href":"https:\/\/aconteceunovale.com.br\/portal\/index.php?rest_route=\/wp\/v2\/posts\/114889","targetHints":{"allow":["GET"]}}],"collection":[{"href":"https:\/\/aconteceunovale.com.br\/portal\/index.php?rest_route=\/wp\/v2\/posts"}],"about":[{"href":"https:\/\/aconteceunovale.com.br\/portal\/index.php?rest_route=\/wp\/v2\/types\/post"}],"author":[{"embeddable":true,"href":"https:\/\/aconteceunovale.com.br\/portal\/index.php?rest_route=\/wp\/v2\/users\/1"}],"replies":[{"embeddable":true,"href":"https:\/\/aconteceunovale.com.br\/portal\/index.php?rest_route=%2Fwp%2Fv2%2Fcomments&post=114889"}],"version-history":[{"count":0,"href":"https:\/\/aconteceunovale.com.br\/portal\/index.php?rest_route=\/wp\/v2\/posts\/114889\/revisions"}],"wp:featuredmedia":[{"embeddable":true,"href":"https:\/\/aconteceunovale.com.br\/portal\/index.php?rest_route=\/wp\/v2\/media\/114891"}],"wp:attachment":[{"href":"https:\/\/aconteceunovale.com.br\/portal\/index.php?rest_route=%2Fwp%2Fv2%2Fmedia&parent=114889"}],"wp:term":[{"taxonomy":"category","embeddable":true,"href":"https:\/\/aconteceunovale.com.br\/portal\/index.php?rest_route=%2Fwp%2Fv2%2Fcategories&post=114889"},{"taxonomy":"post_tag","embeddable":true,"href":"https:\/\/aconteceunovale.com.br\/portal\/index.php?rest_route=%2Fwp%2Fv2%2Ftags&post=114889"}],"curies":[{"name":"wp","href":"https:\/\/api.w.org\/{rel}","templated":true}]}}