{"id":114880,"date":"2017-05-13T17:30:49","date_gmt":"2017-05-13T19:30:49","guid":{"rendered":"http:\/\/aconteceunovale.com.br\/portal\/?p=114880"},"modified":"2017-05-13T17:33:29","modified_gmt":"2017-05-13T19:33:29","slug":"arquidiocese-de-montes-claros-apresenta-primeiro-arcebispo-coadjutor","status":"publish","type":"post","link":"https:\/\/aconteceunovale.com.br\/portal\/?p=114880","title":{"rendered":"Arquidiocese de Montes Claros apresenta primeiro arcebispo coadjutor"},"content":{"rendered":"<p>O primeiro arcebispo coadjutor da Arquidiocese de Montes Claros foi apresentado na tarde dessa sexta-feira (12\/05\/2017) na sede da Mitra Arquidiocesana. Dom Jo\u00e3o Justino de Medeiros chegou \u00e0 cidade norte-mineira na quinta-feira (11) e j\u00e1 iniciou os trabalhos neste s\u00e1bado (13), quando foi celebrada uma missa de confirma\u00e7\u00e3o.<\/p>\n<p>\u201cConforme o Direito Can\u00f4nico da Igreja, quando o bispo completa 75 anos deve renunciar ao cargo. Ent\u00e3o pedi ao Papa que enviasse um ajudante, e ele nos enviou o Dom Jo\u00e3o para Montes Claros\u201d, explica o atual arcebispo.<\/p>\n<p>A Arquidiocese de Montes Claros abrange 40 munic\u00edpios. O papel inicial do coadjutor ser\u00e1 auxiliar Dom Jos\u00e9 Alberto a atender as par\u00f3quias correspondentes a estes munic\u00edpios. \u201cO arcebispo coadjutor \u00e9 aquele que coadjuva, que ajuda aquele que \u00e9 o primeiro, como \u00e9 o meu caso. E aqui, que o campo de a\u00e7\u00e3o \u00e9 muito amplo, s\u00e3o 40 munic\u00edpios em nossa arquidiocese de Montes Claros; \u00e9 maior que o estado do Rio de Janeiro que \u00e9 uma s\u00f3 diocese, ent\u00e3o \u00e9 um trabalho intenso e nem sempre d\u00e1 para atender oportunamente todas as demandas ao mesmo tempo\u201d, diz Dom Jos\u00e9.<\/p>\n<p>Outra situa\u00e7\u00e3o que motivou a vinda de Dom Jo\u00e3o para o Norte de Minas \u00e9 o fato da proximidade da aposentadoria de Dom Jos\u00e9, prevista para outubro de 2018. Dom Jo\u00e3o foi bispo auxiliar por cinco anos em Belo Horizonte e, segundo ele, pretende manter sua caracter\u00edstica de se aproximar das comunidades.<\/p>\n<p>\u201cEu procuro no meu trabalho estar muito pr\u00f3ximo das pessoas, das comunidades. Gosto muito de escutar, tenho disposi\u00e7\u00e3o para isso, e procuro ser sempre sereno nas decis\u00f5es, embora, \u00e0s vezes, a serenidade combine bem com firmeza. Eu vim de fora com um olhar de fora, este olhar n\u00e3o ser\u00e1 a voz da verdade, mas ser\u00e1 uma voz a dialogar com as vozes daqui\u201d, diz Dom Jo\u00e3o.<\/p>\n<p><img decoding=\"async\" src=\"http:\/\/aconteceunovale.com.br\/portal\/wp-content\/uploads\/2017\/05\/bispo_moc_1.jpg\" alt=\"\" \/><em>Dom Jos\u00e9 (lado esquerdo) deve se aposentar em 2018 (Foto: Arquidiocese De Montes Claros)<\/em><br \/>\n<\/br><\/p>\n<p><strong>VER PRIMEIRO<\/strong><\/p>\n<p><strong>Receba as not\u00edcias do Aconteceu no Vale em primeira m\u00e3o. Clique em curtir no endere\u00e7o <a href=\"https:\/\/www.facebook.com\/aconteceunovale\" target=\"_blank\"><font color=\"red\">www.facebook.com\/aconteceunovale<\/font><\/a> ou no box abaixo:<\/strong><\/p>\n<div class=\"fb-like\" data-href=\"https:\/\/www.facebook.com\/aconteceunovale\" data-width=\"120\" data-layout=\"standard\" data-action=\"like\" data-size=\"small\" data-show-faces=\"true\" data-share=\"true\"><\/div>\n<p><\/br><\/p>\n<p><em>(Fonte: G1 Grande Minas)<\/em><\/p>\n","protected":false},"excerpt":{"rendered":"<p>O primeiro arcebispo coadjutor da Arquidiocese de Montes Claros foi apresentado na tarde dessa sexta-feira (12\/05\/2017) na sede da Mitra Arquidiocesana. Dom Jo\u00e3o Justino de Medeiros chegou \u00e0 cidade norte-mineira na quinta-feira (11) e j\u00e1 iniciou os trabalhos neste s\u00e1bado (13), quando foi celebrada uma missa de confirma\u00e7\u00e3o. \u201cConforme o Direito Can\u00f4nico da Igreja, quando [&hellip;]<\/p>\n","protected":false},"author":1,"featured_media":114882,"comment_status":"open","ping_status":"closed","sticky":false,"template":"","format":"standard","meta":{"amp_status":"","footnotes":""},"categories":[1236],"tags":[148958,42690,148962,1018,148959,148961,148960,210,148957],"class_list":["post-114880","post","type-post","status-publish","format-standard","has-post-thumbnail","hentry","category-norte_de_minas","tag-arcebispo-coadjutor-da-arquidiocese-de-montes-claros","tag-arquidiocese-de-montes-claros","tag-arquidiocese-de-montes-claros-apresenta-primeiro-arcebispo-coadjutor","tag-destaque","tag-dom-joao-justino-de-medeiros","tag-dom-jose-alberto","tag-joao-justino-de-medeiros","tag-montes-claros","tag-primeiro-arcebispo-coadjutor-da-arquidiocese-de-montes-claros"],"_links":{"self":[{"href":"https:\/\/aconteceunovale.com.br\/portal\/index.php?rest_route=\/wp\/v2\/posts\/114880","targetHints":{"allow":["GET"]}}],"collection":[{"href":"https:\/\/aconteceunovale.com.br\/portal\/index.php?rest_route=\/wp\/v2\/posts"}],"about":[{"href":"https:\/\/aconteceunovale.com.br\/portal\/index.php?rest_route=\/wp\/v2\/types\/post"}],"author":[{"embeddable":true,"href":"https:\/\/aconteceunovale.com.br\/portal\/index.php?rest_route=\/wp\/v2\/users\/1"}],"replies":[{"embeddable":true,"href":"https:\/\/aconteceunovale.com.br\/portal\/index.php?rest_route=%2Fwp%2Fv2%2Fcomments&post=114880"}],"version-history":[{"count":0,"href":"https:\/\/aconteceunovale.com.br\/portal\/index.php?rest_route=\/wp\/v2\/posts\/114880\/revisions"}],"wp:featuredmedia":[{"embeddable":true,"href":"https:\/\/aconteceunovale.com.br\/portal\/index.php?rest_route=\/wp\/v2\/media\/114882"}],"wp:attachment":[{"href":"https:\/\/aconteceunovale.com.br\/portal\/index.php?rest_route=%2Fwp%2Fv2%2Fmedia&parent=114880"}],"wp:term":[{"taxonomy":"category","embeddable":true,"href":"https:\/\/aconteceunovale.com.br\/portal\/index.php?rest_route=%2Fwp%2Fv2%2Fcategories&post=114880"},{"taxonomy":"post_tag","embeddable":true,"href":"https:\/\/aconteceunovale.com.br\/portal\/index.php?rest_route=%2Fwp%2Fv2%2Ftags&post=114880"}],"curies":[{"name":"wp","href":"https:\/\/api.w.org\/{rel}","templated":true}]}}