{"id":114874,"date":"2017-05-13T17:16:08","date_gmt":"2017-05-13T19:16:08","guid":{"rendered":"http:\/\/aconteceunovale.com.br\/portal\/?p=114874"},"modified":"2017-05-13T17:16:08","modified_gmt":"2017-05-13T19:16:08","slug":"cratera-preocupa-moradores-e-especialistas-em-montes-claros","status":"publish","type":"post","link":"https:\/\/aconteceunovale.com.br\/portal\/?p=114874","title":{"rendered":"Cratera preocupa moradores e especialistas em Montes Claros"},"content":{"rendered":"<p>O surgimento de uma cratera na comunidade rural de Cana Brava, em Montes Claros, tem assustado moradores e chamado a aten\u00e7\u00e3o de especialistas no assunto. O buraco surgiu como uma fenda pequena em uma fazenda, pr\u00f3ximo ao rio que passa pelo local, no in\u00edcio deste ano. Depois das chuvas fortes do m\u00eas de fevereiro, segundo moradores, a rachadura cresceu em poucos dias e o medo \u00e9 de que ela possa crescer ainda mais.<\/p>\n<p>N\u00e3o h\u00e1 estimativa da profundidade da cratera e nem o quanto ela cresceu durante estes meses. Os moradores acionaram a Defesa Civil de Montes Claros, para que uma an\u00e1lise do solo pudesse ser feita. De acordo com o respons\u00e1vel pelo \u00f3rg\u00e3o, Eduardo Marques, o local precisa de um estudo geol\u00f3gico, pesquisa que n\u00e3o compete \u00e0 Defesa Civil.<\/p>\n<p>\u201cA situa\u00e7\u00e3o da comunidade \u00e9 de compet\u00eancia de um ge\u00f3logo. N\u00f3s vamos encaminhar o laudo para as universidades p\u00fablicas da regi\u00e3o, para que seja feito um mapeamento por meio dos setores de geologia. N\u00e3o temos atribui\u00e7\u00e3o t\u00e9cnica para dizer muito. Sabemos que se trata de uma eros\u00e3o e que pode sim oferecer riscos aos animais e aumentar ainda mais\u201d, afirma o coordenador da Defesa Civil.<\/p>\n<p>Para o presidente da associa\u00e7\u00e3o de moradores da comunidade de Cana Brava, Jos\u00e9 Avilmar Pereira, a cratera tem mais de 15 metros de profundidade e surgiu de repente. Ele relata que a escurid\u00e3o do buraco e o fato de nunca ter sido inundado pela \u00e1gua \u00e9 o que mais assusta.<\/p>\n<p>\u201cA gente n\u00e3o sabe o que pode acontecer. Surgiu estreito e cresceu muito r\u00e1pido. Tudo o que passa ou cai l\u00e1 dentro some. J\u00e1 choveu forte v\u00e1rias vezes este ano e ele nunca encheu de \u00e1gua. Percebemos que ele estava l\u00e1 no dia 21 de fevereiro, em no m\u00e1ximo oito dias j\u00e1 tinha virado uma cratera\u201d, conta o morador.<\/p>\n<p>Para o engenheiro da Defesa Civil que foi at\u00e9 o local, a cratera \u00e9 um sumidouro e a situa\u00e7\u00e3o \u00e9 sim preocupante. \u201cTudo o que entrou, sumiu l\u00e1 dentro. O pior de tudo \u00e9 que ele fica na linha da \u00e1gua do rio e tem contribu\u00eddo com o assoreamento, o rio est\u00e1 secando porque a \u00e1gua n\u00e3o chega at\u00e9 ele. O que n\u00f3s sugerimos \u00e9 que um \u00f3rg\u00e3o especialista em geologia v\u00e1 at\u00e9 o local. N\u00e3o d\u00e1 para saber o que tem l\u00e1 embaixo, \u00e9 perigoso at\u00e9 que as pessoas se aproximem demais\u201d, explica o engenheiro Edvaldo Ferreira.<\/p>\n<p>Marcelo Eduardo Rodrigues \u00e9 filho do dono da propriedade onde a rachadura come\u00e7ou. Segundo ele, os animais foram retirados das proximidades por precau\u00e7\u00e3o. Na comunidade, o filho do fazendeiro relata que boatos sobre o que tem no fundo da cratera come\u00e7aram a surgir.<\/p>\n<p>\u201cTodo mundo tem medo de se aproximar. O pessoal comentou que jogou uma pedra l\u00e1 no fundo e saiu fa\u00edsca. Ningu\u00e9m quer arriscar para ver o que tem no fundo. A Defesa Civil aconselhou cercar ao redor, mas tem o perigo de cair algu\u00e9m l\u00e1 dentro. N\u00e3o vamos tomar nenhuma medida enquanto um especialista da \u00e1rea informar o que pode ser e se pode crescer mais de repente\u201d, diz Marcelo.<\/p>\n<p><img decoding=\"async\" src=\"http:\/\/aconteceunovale.com.br\/portal\/wp-content\/uploads\/2017\/05\/cratera_moc_1.jpg\" alt=\"\" \/><em>Cratera fica na comunidade de Cana Brava (Foto: Edvaldo Ferreira\/Defesa Civil)<\/em><br \/>\n<\/br><\/p>\n<p><img decoding=\"async\" src=\"http:\/\/aconteceunovale.com.br\/portal\/wp-content\/uploads\/2017\/05\/cratera_moc_1.jpg\" alt=\"\" \/><em>Cratera fica na comunidade de Cana Brava (Foto: Edvaldo Ferreira\/Defesa Civil)<\/em><br \/>\n<\/br><\/p>\n<p><strong>VER PRIMEIRO<\/strong><\/p>\n<p><strong>Receba as not\u00edcias do Aconteceu no Vale em primeira m\u00e3o. Clique em curtir no endere\u00e7o <a href=\"https:\/\/www.facebook.com\/aconteceunovale\" target=\"_blank\"><font color=\"red\">www.facebook.com\/aconteceunovale<\/font><\/a> ou no box abaixo:<\/strong><\/p>\n<div class=\"fb-like\" data-href=\"https:\/\/www.facebook.com\/aconteceunovale\" data-width=\"120\" data-layout=\"standard\" data-action=\"like\" data-size=\"small\" data-show-faces=\"true\" data-share=\"true\"><\/div>\n<p><\/br><\/p>\n<p><em>(Fonte: G1 Grande Minas)<\/em><\/p>\n","protected":false},"excerpt":{"rendered":"<p>O surgimento de uma cratera na comunidade rural de Cana Brava, em Montes Claros, tem assustado moradores e chamado a aten\u00e7\u00e3o de especialistas no assunto. O buraco surgiu como uma fenda pequena em uma fazenda, pr\u00f3ximo ao rio que passa pelo local, no in\u00edcio deste ano. Depois das chuvas fortes do m\u00eas de fevereiro, segundo [&hellip;]<\/p>\n","protected":false},"author":1,"featured_media":114878,"comment_status":"closed","ping_status":"closed","sticky":false,"template":"","format":"standard","meta":{"amp_status":"","footnotes":""},"categories":[1236],"tags":[148948,148950,35370,148947,148949,148956,148951,148954,148953,148955,210,148952],"class_list":["post-114874","post","type-post","status-publish","format-standard","has-post-thumbnail","hentry","category-norte_de_minas","tag-buraco-em-cana-brava","tag-buraco-em-montes-claros","tag-cana-brava","tag-cratera-em-cana-brava","tag-cratera-em-montes-claros","tag-cratera-preocupa-moradores-e-especialistas-em-montes-claros","tag-defesa-civil-de-montes-claros","tag-edvaldo-ferreira","tag-jose-avilmar-pereira","tag-marcelo-eduardo-rodrigues","tag-montes-claros","tag-presidente-da-associacao-de-moradores-da-comunidade-de-cana-brava"],"_links":{"self":[{"href":"https:\/\/aconteceunovale.com.br\/portal\/index.php?rest_route=\/wp\/v2\/posts\/114874","targetHints":{"allow":["GET"]}}],"collection":[{"href":"https:\/\/aconteceunovale.com.br\/portal\/index.php?rest_route=\/wp\/v2\/posts"}],"about":[{"href":"https:\/\/aconteceunovale.com.br\/portal\/index.php?rest_route=\/wp\/v2\/types\/post"}],"author":[{"embeddable":true,"href":"https:\/\/aconteceunovale.com.br\/portal\/index.php?rest_route=\/wp\/v2\/users\/1"}],"replies":[{"embeddable":true,"href":"https:\/\/aconteceunovale.com.br\/portal\/index.php?rest_route=%2Fwp%2Fv2%2Fcomments&post=114874"}],"version-history":[{"count":0,"href":"https:\/\/aconteceunovale.com.br\/portal\/index.php?rest_route=\/wp\/v2\/posts\/114874\/revisions"}],"wp:featuredmedia":[{"embeddable":true,"href":"https:\/\/aconteceunovale.com.br\/portal\/index.php?rest_route=\/wp\/v2\/media\/114878"}],"wp:attachment":[{"href":"https:\/\/aconteceunovale.com.br\/portal\/index.php?rest_route=%2Fwp%2Fv2%2Fmedia&parent=114874"}],"wp:term":[{"taxonomy":"category","embeddable":true,"href":"https:\/\/aconteceunovale.com.br\/portal\/index.php?rest_route=%2Fwp%2Fv2%2Fcategories&post=114874"},{"taxonomy":"post_tag","embeddable":true,"href":"https:\/\/aconteceunovale.com.br\/portal\/index.php?rest_route=%2Fwp%2Fv2%2Ftags&post=114874"}],"curies":[{"name":"wp","href":"https:\/\/api.w.org\/{rel}","templated":true}]}}