{"id":114854,"date":"2017-05-13T11:52:42","date_gmt":"2017-05-13T13:52:42","guid":{"rendered":"http:\/\/aconteceunovale.com.br\/portal\/?p=114854"},"modified":"2017-05-13T11:52:42","modified_gmt":"2017-05-13T13:52:42","slug":"padre-natural-de-sao-joao-evangelista-e-nomeado-bispo-no-mato-grosso","status":"publish","type":"post","link":"https:\/\/aconteceunovale.com.br\/portal\/?p=114854","title":{"rendered":"Padre natural de S\u00e3o Jo\u00e3o Evangelista \u00e9 nomeado bispo no Mato Grosso"},"content":{"rendered":"<p>A Nunciatura Apost\u00f3lica no Brasil comunicou na manh\u00e3 de quarta-feira, 10 de maio de 2017, a decis\u00e3o do Papa Francisco em nomear bispo da vacante diocese de S\u00e3o Luiz de C\u00e1ceres (MT) o padre Jacy Diniz Rocha, do clero de Guanh\u00e3es, atualmente p\u00e1roco da par\u00f3quia Santo Ant\u00f4nio, em Coluna.<\/p>\n<p>Natural de S\u00e3o Jo\u00e3o Evangelista, padre Jacy Diniz Rocha nasceu em 29 de agosto de 1958. Estudou Filosofia em Bras\u00edlia e Teologia em Bras\u00edlia, Barra (BA) e Belo Horizonte. Foi ordenado presb\u00edtero no dia 26 de maio de 1984.<\/p>\n<p>Com o objetivo de fazer um tratamento continuado na capital mineira, pediu incardina\u00e7\u00e3o na diocese de Guanh\u00e3es e, em julho de 2003, foi acolhido pelo bispo diocesano, dom Emanuel Messias de Oliveira. Na sua diocese de origem, trabalhou nas cidades de Ferros, Virgin\u00f3polis, Santa Maria do Sua\u00e7u\u00ed, Sabin\u00f3polis, Guanh\u00e3es e Coluna, onde \u00e9 p\u00e1roco atualmente. Entre os servi\u00e7os desenvolvidos na diocese de Guanh\u00e3es, destacam-se a coordena\u00e7\u00e3o diocesana de Pastoral, o Col\u00e9gio de Consultores, a Pastoral Presbiteral e a coordena\u00e7\u00e3o da Escola Diocesana de Teologia Pastoral.<\/p>\n<p><img decoding=\"async\" src=\"http:\/\/aconteceunovale.com.br\/portal\/wp-content\/uploads\/2017\/05\/bispo_sje.jpg\" alt=\"\" \/><em>Jacy Diniz Rocha \u00e9 natural de S\u00e3o Jo\u00e3o Evangelista (Foto: Divulga\u00e7\u00e3o)<\/em><br \/>\n<\/br><\/p>\n<h3>Carta de Dom Jeremias<\/h3>\n<p><em>OFERECEMOS DA NOSSA POBREZA PARA ENRIQUECER A IGREJA<\/p>\n<p>Foi com alegria que recebi a not\u00edcia da nomea\u00e7\u00e3o do Pe Jacy para ser o Bispo da Diocese de S\u00e3o Lu\u00eds de C\u00e1ceres, no Estado do Mato Grosso. Mais uma vez a Diocese de Guanh\u00e3es oferece de sua pobreza para enriquecer a Igreja, que necessita de Pastores para cuidar do Povo de Deus! Somos um clero pequeno! A Messe que o Senhor nos confiou \u00e9 grande e os oper\u00e1rios s\u00e3o poucos! H\u00e1 quase cinco anos atr\u00e1s a Diocese de Guanh\u00e3es ofereceu \u00e0 Diocese de Ara\u00e7ua\u00ed Dom Marcello Romano. Sem d\u00favida, sentimo-nos valorizados e enriquecidos cada vez que podemos colaborar atendendo aos apelos do Senhor! Acreditamos que a Provid\u00eancia do Bom Deus, Compassivo e Misericordioso sempre nos acompanha! Pedimos ao Cristo, Bom Pastor e Porta do Rebanho que nunca faltem verdadeiras e santas voca\u00e7\u00f5es. Que a Provid\u00eancia e a Miseric\u00f3rdia estejam sempre presentes em nossas vidas. Presente na nossa Diocese de Guanh\u00e3es que j\u00e1 enviou Dom Marcello Romano e que agora envia o Monsenhor Jacy, que em breve ser\u00e1 Dom Jacy Diniz Rocha. Seja feliz Mons. Jacy! Coragem \u00e9 a nossa palavra de ordem! A nossa miss\u00e3o de Pastores \u00e9 \u00e1rdua! Tem espinhos e pedras no caminho, mas tamb\u00e9m tem perfumes e flores, e principalmente as Gra\u00e7as e as B\u00ean\u00e7\u00e3os do Senhor que nos chama e que nos confia t\u00e3o grande miss\u00e3o, apesar de n\u00f3s mesmos! Cuide bem do clero e do rebanho que Deus est\u00e1 lhe confiando, e certamente, ser\u00e1 tamb\u00e9m muito bem cuidado por todos! Deus lhe aben\u00e7oe!<\/p>\n<p>Dom Jeremias Antonio de Jesus<br \/>\nBispo Diocesano<br \/>\n\u201cFiat Voluntas Tua!\u201d<\/em><\/p>\n<h3>Carta de Monsenhor Jacy Diniz Rocha<\/h3>\n<p><em>Prezado Sr. Bispo Dom Jeremias Ant\u00f4nio de Jesus<br \/>\nSenhores Padres, Religiosos (as), Seminaristas,<br \/>\nCoordenadores de Pastorais, Lideran\u00e7as eclesiais e<br \/>\nPovo de Deus da Diocese S\u00e3o Miguel de Guanh\u00e3es.<\/p>\n<p>Acolho o convite do Santo Padre o Papa Francisco para o episcopado com temor por causa de minhas limita\u00e7\u00f5es e fraquezas, mas confian\u00e7a e alegria, pois sei que posso acreditar na miseric\u00f3rdia e na gra\u00e7a do Senhor que sempre esteve ao meu lado.<\/p>\n<p>Espero poder servir \u00e0 Diocese de S\u00e3o Luiz de C\u00e1ceres MT trabalhando com todas as minhas for\u00e7as pelo bem da Igreja, do presbit\u00e9rio, dos religiosos e pela por\u00e7\u00e3o do povo de Deus que me est\u00e1 sendo confiada.<\/p>\n<p>Sou grato a Deus que sempre me confiou grandes coisas. Tenho que agradecer a muitas pessoas e institui\u00e7\u00f5es que me ajudaram ao longo de minha caminhada: A minha fam\u00edlia, a Diocese de Barreiras\/BA com seu presbit\u00e9rio, o seu primeiro Bispo Dom Ricardo Weberberger (falecido) que me ordenou sacerdote. A Diocese de Guanh\u00e3es, o seu presbit\u00e9rio e Dom Emanuel que me acolheu na volta para a Diocese de origem. Dom Jeremias e os colegas padres meus companheiros de miss\u00e3o. Um agradecimento especial a todo o povo de Deus nas diversas Par\u00f3quias por onde passei na Bahia e nestes \u00faltimos 15 anos no Estado de Minas Gerais: As Par\u00f3quias de Ferros, Virgin\u00f3polis, Santa Maria do Sua\u00e7u\u00ed, Sabin\u00f3polis, Guanh\u00e3es e atualmente Coluna. Em todos os lugares o povo sempre foi muito caridoso com minhas limita\u00e7\u00f5es, me apoiando e perdoando-me sempre.<\/p>\n<p>Muito pouco conhe\u00e7o da Diocese de S\u00e3o Luiz de C\u00e1ceres, mas vou com disposi\u00e7\u00e3o de servir somando-me ao irm\u00e3o Bispo Em\u00e9rito e aos presb\u00edteros, aos religiosos e lideran\u00e7as eclesiais da Diocese e regi\u00e3o com os quais vou caminhar. Generosa foi a acolhida do Senhor Bispo Dom Jos\u00e9 Vieira de Lima, atual Administrador da Diocese de C\u00e1ceres, que me trouxe alento nestes dias de sil\u00eancio e apreens\u00e3o.<\/p>\n<p>Pe\u00e7o as ora\u00e7\u00f5es de todos para que eu seja fiel ao chamado e que possa levar o abra\u00e7o amoroso do Pai por onde eu for e em especial \u00e0queles que me foram confiados.<\/p>\n<p>Coluna, 10 de Maio de 2017<\/em><\/p>\n<h3>Hist\u00f3rico do Monsenhor Jacy Diniz Rocha<\/h3>\n<p>Pe. Jacy Diniz Rocha \u00e9 Filho de Jos\u00e9 Neto Rocha (falecido) e Eunice Silva Diniz Rocha, nascido no distrito de Nelson de Sena, munic\u00edpio de S\u00e3o Jo\u00e3o Evangelista, Minas Gerais, aos 29 de Agosto de 1958. Foi batizado no mesmo ano na Cidade de Dom Joaquim\/MG. Estudou o prim\u00e1rio na Escola Estadual Major Lermino Pimenta no distrito de Nelson de Sena, munic\u00edpio de S\u00e3o Jo\u00e3o Evangelista. Estudou no Semin\u00e1rio de Diamantina por tr\u00eas anos. Em 1975 transferiu-se para Bras\u00edlia e dois anos depois entrou para o Semin\u00e1rio Nossa Senhora de F\u00e1tima onde concluiu o segundo grau e o curso de Filosofia.<\/p>\n<p>Numa miss\u00e3o de f\u00e9rias, conheceu a Diocese de Barreiras e, como seminarista, nela pediu ingresso em 1981. Estudou dois anos no Semin\u00e1rio da Barra, BA e por fim, concluiu seus estudos teol\u00f3gicos na Pontif\u00edcia Universidade Cat\u00f3lica de Belo Horizonte. Foi ordenado Di\u00e1cono no dia 10\/12\/1983 na Catedral S\u00e3o Jo\u00e3o Batista pelo Bispo Diocesano de Barreiras, Dom Ricardo Weberberger. Em mar\u00e7o de 1984 concluiu a convalida\u00e7\u00e3o de sua licenciatura em Filosofia e no dia 26\/05\/1984 foi ordenado Presb\u00edtero no distrito de Nelson de Sena, S\u00e3o Jo\u00e3o Evangelista, pelo Bispo Diocesano de Barreiras.<\/p>\n<p>Na Bahia trabalhou na cidade de Tabocas do Brejo Velho, no Bairro de Barreirinhas em Barreiras, no Bairro Sandra Regina em Barreiras, na cidade de Formosa do Rio Preto e na cidade de S\u00e3o Desid\u00e9rio. Assumiu v\u00e1rias atividades Diocesanas como a Pastoral Vocacional, a C\u00e1ritas, a Pastoral do Menor, a Coordena\u00e7\u00e3o de Pastoral e a Representa\u00e7\u00e3o do Clero.<\/p>\n<p>Com o objetivo de fazer um tratamento continuado em Belo Horizonte, pediu incardina\u00e7\u00e3o na Diocese de Guanh\u00e3es, MG e em julho de 2003 foi acolhido pelo Bispo Diocesano Dom Emanuel Messias de Oliveira e seu presbit\u00e9rio. Na sua Diocese de origem, trabalhou nas cidades de Ferros, Virgin\u00f3polis, Santa Maria do Sua\u00e7u\u00ed, Sabin\u00f3polis, Guanh\u00e3es e Coluna, onde \u00e9 P\u00e1roco atualmente. Entre os servi\u00e7os desenvolvidos na Diocese de Guanh\u00e3es, destacam-se a Coordena\u00e7\u00e3o Diocesana de Pastoral, o Col\u00e9gio dos Consultores, a Pastoral Presbiteral e a Coordena\u00e7\u00e3o da Escola Diocesana de Teologia Pastoral.<\/p>\n<p><strong>VER PRIMEIRO<\/strong><\/p>\n<p><strong>Receba as not\u00edcias do Aconteceu no Vale em primeira m\u00e3o. Clique em curtir no endere\u00e7o <a href=\"https:\/\/www.facebook.com\/aconteceunovale\" target=\"_blank\"><font color=\"red\">www.facebook.com\/aconteceunovale<\/font><\/a> ou no box abaixo:<\/strong><\/p>\n<div class=\"fb-like\" data-href=\"https:\/\/www.facebook.com\/aconteceunovale\" data-width=\"120\" data-layout=\"standard\" data-action=\"like\" data-size=\"small\" data-show-faces=\"true\" data-share=\"true\"><\/div>\n<p><\/br><\/p>\n<p><em>(Via R\u00e1dio Vida Nova FM)<\/em><\/p>\n","protected":false},"excerpt":{"rendered":"<p>A Nunciatura Apost\u00f3lica no Brasil comunicou na manh\u00e3 de quarta-feira, 10 de maio de 2017, a decis\u00e3o do Papa Francisco em nomear bispo da vacante diocese de S\u00e3o Luiz de C\u00e1ceres (MT) o padre Jacy Diniz Rocha, do clero de Guanh\u00e3es, atualmente p\u00e1roco da par\u00f3quia Santo Ant\u00f4nio, em Coluna. Natural de S\u00e3o Jo\u00e3o Evangelista, padre [&hellip;]<\/p>\n","protected":false},"author":1,"featured_media":114855,"comment_status":"open","ping_status":"closed","sticky":false,"template":"","format":"standard","meta":{"amp_status":"","footnotes":""},"categories":[6,121],"tags":[148924,148926,148930,9056,281,1018,3378,155,148928,148925,148927,148929,148922,310,240,162,148923,332],"class_list":["post-114854","post","type-post","status-publish","format-standard","has-post-thumbnail","hentry","category-br","category-leste","tag-bispo-da-diocese-de-sao-luiz-de-caceres","tag-bispo-de-caceres","tag-bispo-jacy-diniz-rocha","tag-caceres","tag-coluna","tag-destaque","tag-ferros","tag-guanhaes","tag-jacy-diniz-rocha","tag-novo-bispo-da-diocese-de-sao-luiz-de-caceres","tag-novo-bispo-de-caceres","tag-padre-jacy-diniz-rocha","tag-padre-natural-de-sao-joao-evangelista-e-nomeado-bispo-no-mato-grosso","tag-sabinopolis","tag-santa-maria-do-suacui","tag-sao-joao-evangelista","tag-sao-luiz-de-caceres","tag-virginopolis"],"_links":{"self":[{"href":"https:\/\/aconteceunovale.com.br\/portal\/index.php?rest_route=\/wp\/v2\/posts\/114854","targetHints":{"allow":["GET"]}}],"collection":[{"href":"https:\/\/aconteceunovale.com.br\/portal\/index.php?rest_route=\/wp\/v2\/posts"}],"about":[{"href":"https:\/\/aconteceunovale.com.br\/portal\/index.php?rest_route=\/wp\/v2\/types\/post"}],"author":[{"embeddable":true,"href":"https:\/\/aconteceunovale.com.br\/portal\/index.php?rest_route=\/wp\/v2\/users\/1"}],"replies":[{"embeddable":true,"href":"https:\/\/aconteceunovale.com.br\/portal\/index.php?rest_route=%2Fwp%2Fv2%2Fcomments&post=114854"}],"version-history":[{"count":0,"href":"https:\/\/aconteceunovale.com.br\/portal\/index.php?rest_route=\/wp\/v2\/posts\/114854\/revisions"}],"wp:featuredmedia":[{"embeddable":true,"href":"https:\/\/aconteceunovale.com.br\/portal\/index.php?rest_route=\/wp\/v2\/media\/114855"}],"wp:attachment":[{"href":"https:\/\/aconteceunovale.com.br\/portal\/index.php?rest_route=%2Fwp%2Fv2%2Fmedia&parent=114854"}],"wp:term":[{"taxonomy":"category","embeddable":true,"href":"https:\/\/aconteceunovale.com.br\/portal\/index.php?rest_route=%2Fwp%2Fv2%2Fcategories&post=114854"},{"taxonomy":"post_tag","embeddable":true,"href":"https:\/\/aconteceunovale.com.br\/portal\/index.php?rest_route=%2Fwp%2Fv2%2Ftags&post=114854"}],"curies":[{"name":"wp","href":"https:\/\/api.w.org\/{rel}","templated":true}]}}