{"id":114850,"date":"2017-05-12T23:16:50","date_gmt":"2017-05-13T01:16:50","guid":{"rendered":"http:\/\/aconteceunovale.com.br\/portal\/?p=114850"},"modified":"2017-05-13T10:15:34","modified_gmt":"2017-05-13T12:15:34","slug":"ze-geraldo-cancela-show-em-capelinha-por-recomendacao-medica","status":"publish","type":"post","link":"https:\/\/aconteceunovale.com.br\/portal\/?p=114850","title":{"rendered":"Z\u00e9 Geraldo cancela show em Capelinha por recomenda\u00e7\u00e3o m\u00e9dica"},"content":{"rendered":"<p>A Folia Produ\u00e7\u00f5es e a Manda Subir divulgaram nota na noite desta sexta-feira (12\/05) informando sobre o cancelamento da apresenta\u00e7\u00e3o do cantor Z\u00e9 Geraldo em Capelinha (MG). O evento estava marcado para este s\u00e1bado, no Clube Florae.<\/p>\n<p>De acordo com os produtores, o cancelamento do show foi recomendado pelo m\u00e9dico do cantor. Ele apresentou um problema s\u00e9rio de sa\u00fade nesta manh\u00e3 e passou o dia em um hospital fazendo exames. <\/p>\n<p>Em v\u00eddeo enviado ao Aconteceu no Vale, Z\u00e9 Geraldo diz que \u00e9 a primeira vez em 38 anos de carreira que ele deixa de comparecer a um show. O cantor tamb\u00e9m informou que os contratantes cumpriram rigorosamente com todas as cl\u00e1usulas do contrato e pediu desculpas ao p\u00fablico capelinhense.<\/p>\n<p>\u201cLamentamos o ocorrido, por\u00e9m, entendemos a recomenda\u00e7\u00e3o m\u00e9dica e desejamos uma breve recupera\u00e7\u00e3o ao artista. Aproveitamos para agradecer a compreens\u00e3o de todos e pedimos desculpas pelo transtorno. Todos que adquiriram as mesas ter\u00e3o seus valores devolvidos a partir da ter\u00e7a-feira (16\/05).\u201d, diz a nota enviada pelos produtores ao Aconteceu no Vale. <\/p>\n<p><strong>V\u00eddeo<\/strong><\/p>\n<p><iframe loading=\"lazy\" width=\"640\" height=\"360\" src=\"https:\/\/www.youtube.com\/embed\/XFnq8vTiwDQ\" frameborder=\"0\" allowfullscreen><\/iframe><br \/>\n<\/br><\/p>\n<p><strong>VER PRIMEIRO<\/strong><\/p>\n<p><strong>Receba as not\u00edcias do Aconteceu no Vale em primeira m\u00e3o. Clique em curtir no endere\u00e7o <a href=\"https:\/\/www.facebook.com\/aconteceunovale\" target=\"_blank\"><font color=\"red\">www.facebook.com\/aconteceunovale<\/font><\/a> ou no box abaixo:<\/strong><\/p>\n<div class=\"fb-like\" data-href=\"https:\/\/www.facebook.com\/aconteceunovale\" data-width=\"120\" data-layout=\"standard\" data-action=\"like\" data-size=\"small\" data-show-faces=\"true\" data-share=\"true\"><\/div>\n<p><\/br><\/p>\n","protected":false},"excerpt":{"rendered":"<p>A Folia Produ\u00e7\u00f5es e a Manda Subir divulgaram nota na noite desta sexta-feira (12\/05) informando sobre o cancelamento da apresenta\u00e7\u00e3o do cantor Z\u00e9 Geraldo em Capelinha (MG). O evento estava marcado para este s\u00e1bado, no Clube Florae. De acordo com os produtores, o cancelamento do show foi recomendado pelo m\u00e9dico do cantor. Ele apresentou um [&hellip;]<\/p>\n","protected":false},"author":1,"featured_media":114851,"comment_status":"open","ping_status":"closed","sticky":false,"template":"","format":"standard","meta":{"amp_status":"","footnotes":""},"categories":[125,120],"tags":[148917,148919,132,148921,148920,148916,148914,148918,148913,148915],"class_list":["post-114850","post","type-post","status-publish","format-standard","has-post-thumbnail","hentry","category-noticias","category-jequi","tag-apresentacao-de-ze-geraldo-em-capelinha","tag-cantor-ze-geraldo","tag-capelinha","tag-folia-producoes","tag-manda-subir","tag-show-de-ze-geraldo-em-capelinha","tag-ze-geraldo","tag-ze-geraldo-cancela-show-em-capelinha","tag-ze-geraldo-cancela-show-em-capelinha-por-recomendacao-medica","tag-ze-geraldo-em-capelinha"],"_links":{"self":[{"href":"https:\/\/aconteceunovale.com.br\/portal\/index.php?rest_route=\/wp\/v2\/posts\/114850","targetHints":{"allow":["GET"]}}],"collection":[{"href":"https:\/\/aconteceunovale.com.br\/portal\/index.php?rest_route=\/wp\/v2\/posts"}],"about":[{"href":"https:\/\/aconteceunovale.com.br\/portal\/index.php?rest_route=\/wp\/v2\/types\/post"}],"author":[{"embeddable":true,"href":"https:\/\/aconteceunovale.com.br\/portal\/index.php?rest_route=\/wp\/v2\/users\/1"}],"replies":[{"embeddable":true,"href":"https:\/\/aconteceunovale.com.br\/portal\/index.php?rest_route=%2Fwp%2Fv2%2Fcomments&post=114850"}],"version-history":[{"count":0,"href":"https:\/\/aconteceunovale.com.br\/portal\/index.php?rest_route=\/wp\/v2\/posts\/114850\/revisions"}],"wp:featuredmedia":[{"embeddable":true,"href":"https:\/\/aconteceunovale.com.br\/portal\/index.php?rest_route=\/wp\/v2\/media\/114851"}],"wp:attachment":[{"href":"https:\/\/aconteceunovale.com.br\/portal\/index.php?rest_route=%2Fwp%2Fv2%2Fmedia&parent=114850"}],"wp:term":[{"taxonomy":"category","embeddable":true,"href":"https:\/\/aconteceunovale.com.br\/portal\/index.php?rest_route=%2Fwp%2Fv2%2Fcategories&post=114850"},{"taxonomy":"post_tag","embeddable":true,"href":"https:\/\/aconteceunovale.com.br\/portal\/index.php?rest_route=%2Fwp%2Fv2%2Ftags&post=114850"}],"curies":[{"name":"wp","href":"https:\/\/api.w.org\/{rel}","templated":true}]}}