{"id":114831,"date":"2017-05-12T12:57:53","date_gmt":"2017-05-12T14:57:53","guid":{"rendered":"http:\/\/aconteceunovale.com.br\/portal\/?p=114831"},"modified":"2017-05-12T12:57:53","modified_gmt":"2017-05-12T14:57:53","slug":"cadastramento-escolar-2018-sera-online-e-realizado-de-12-a-23-de-junho","status":"publish","type":"post","link":"https:\/\/aconteceunovale.com.br\/portal\/?p=114831","title":{"rendered":"Cadastramento Escolar 2018 ser\u00e1 online e realizado de 12 a 23 de junho"},"content":{"rendered":"<p>Pais ou respons\u00e1veis que desejam garantir vaga para seu filho no ensino fundamental da rede p\u00fablica em 2018 e tamb\u00e9m jovens que querem retornar aos estudos j\u00e1 podem se programar e ficar atentos \u00e0s mudan\u00e7as propostas para o pr\u00f3ximo ano.<\/p>\n<p>O Cadastramento Escolar para 2018 vai acontecer de 12 a 23 de junho de 2017 e, pela primeira vez, ser\u00e1 realizado pela internet em todo o estado de Minas Gerais.<\/p>\n<p>As novidades para a realiza\u00e7\u00e3o do cadastro e da matr\u00edcula na rede p\u00fablica de ensino de Belo Horizonte foram estabelecidas pela\u00a0<span style=\"color: #ff0000;\"><a href=\"http:\/\/jornal.iof.mg.gov.br\/xmlui\/handle\/123456789\/181963\" target=\"_blank\"><span style=\"color: #ff0000;\">Resolu\u00e7\u00e3o Conjunta SEE\/MG \u2013 SMED\/BH n\u00ba 3<\/span><\/a><\/span>. Para os demais munic\u00edpios do estado, as defini\u00e7\u00f5es est\u00e3o dispostas na\u00a0<a href=\"http:\/\/jornal.iof.mg.gov.br\/xmlui\/handle\/123456789\/181964\" target=\"_blank\"><span style=\"color: #ff0000;\">Resolu\u00e7\u00e3o SEE n\u00ba 3.420<\/span>.<\/a>\u00a0Ambas foram publicadas na edi\u00e7\u00e3o de \u00a010 de maio do Di\u00e1rio Oficial de Minas Gerais.<\/p>\n<p>\u201cFizemos esta inova\u00e7\u00e3o considerando as evolu\u00e7\u00f5es tecnol\u00f3gicas que tornam mais f\u00e1cil e agilizam o processo de cadastramento. A maioria da popula\u00e7\u00e3o tem computador, dispositivos m\u00f3veis e acesso \u00e0 internet e n\u00e3o precisar\u00e1 sair de casa para realizar o cadastro escolar\u201d, explica Vera Vidigal, superintendente de Organiza\u00e7\u00e3o e Atendimento Educacional da\u00a0Secretaria de Estado de Educa\u00e7\u00e3o (SEE).<\/p>\n<p>O Cadastro Escolar estar\u00e1 aberto a todos os candidatos que desejam ingressar no ensino fundamental da rede p\u00fablica de ensino de Minas Gerais, seja municipal ou estadual, em 2018. O cadastramento \u00e9 unificado para as redes municipais e estaduais e \u00e9 fundamental para o aluno garantir uma vaga em uma escola pr\u00f3xima de sua resid\u00eancia.<\/p>\n<p>A inscri\u00e7\u00e3o \u00e9 isenta de pagamento de taxas por parte do candidato e dever\u00e1 ser feita atrav\u00e9s de formul\u00e1rio eletr\u00f4nico disponibilizado na internet. Em Belo Horizonte, o cadastro dever\u00e1 ser feito pelo portal da Prefeitura Municipal de Belo Horizonte,\u00a0<span style=\"color: #ff0000;\"><a href=\"http:\/\/www.pbh.gov.br\/\"><span style=\"color: #ff0000;\">www.pbh.gov.br<\/span><\/a><\/span>.<\/p>\n<p>Nos demais munic\u00edpios mineiros, o formul\u00e1rio eletr\u00f4nico ser\u00e1 disponibilizado pelo site da Secretaria de Estado de Educa\u00e7\u00e3o (<span style=\"color: #ff0000;\"><a href=\"http:\/\/www.educacao.mg.gov.br\/\"><span style=\"color: #ff0000;\">www.educacao.mg.gov.br<\/span><\/a><\/span>). \u201cSendo totalmente online, n\u00e3o haver\u00e1 prorroga\u00e7\u00e3o do prazo. Ent\u00e3o, as pessoas devem ficar atentas ao per\u00edodo estabelecido na resolu\u00e7\u00e3o\u201d, afirma Vera Vidigal.<\/p>\n<p>Em Belo Horizonte, quem n\u00e3o tiver acesso \u00e0 internet dever\u00e1 dirigir-se \u00e0s Regionais Administrativas da Prefeitura no seu bairro ou \u00e0s escolas municipais que abrem aos finais de semana.<\/p>\n<p>J\u00e1 no interior, dever\u00e1 procurar a Secretaria Municipal de Educa\u00e7\u00e3o da localidade em que reside. O endere\u00e7o das Ger\u00eancias Regionais de Educa\u00e7\u00e3o (GERED) e a rela\u00e7\u00e3o das escolas do PEA que possuem atendimento nos laborat\u00f3rios de inform\u00e1tica encontram-se nos Anexos I e II da Resolu\u00e7\u00e3o.<\/p>\n<p>Poder\u00e3o ser inscritos no Cadastro Escolar as crian\u00e7as que completarem seis anos at\u00e9 o dia 30 de junho de 2018, estudantes vindos de outras localidades ou transferidos de escolas particulares e candidatos ao curso de Educa\u00e7\u00e3o de Jovens e Adultos (EJA) do ensino fundamental. A inscri\u00e7\u00e3o deve ser realizada pelo pai, m\u00e3e ou respons\u00e1vel ou jovens maiores de 18 anos.<\/p>\n<p>Os alunos da educa\u00e7\u00e3o infantil matriculados nas escolas e unidades municipais da Rede Municipal de Educa\u00e7\u00e3o de Belo Horizonte que completarem 6 anos at\u00e9 30 de junho de 2018 ser\u00e3o inscritos automaticamente, conforme instru\u00e7\u00e3o de servi\u00e7o a ser publicada pela Secretaria Municipal de Educa\u00e7\u00e3o de Belo Horizonte, n\u00e3o necessitando, portanto, de se inscreverem pela internet.<\/p>\n<p><strong>Matr\u00edcula<\/strong><\/p>\n<p>O encaminhamento para matr\u00edcula obedecer\u00e1, prioritariamente, ao zoneamento escolar. Esgotadas as vagas das escolas de cada zoneamento, o candidato ser\u00e1 encaminhado para a escola p\u00fablica de acesso mais f\u00e1cil.<\/p>\n<p>A matr\u00edcula ser\u00e1 unificada nas redes p\u00fablicas \u2013 estadual e municipal \u2013 e ocorrer\u00e1 entre 11 e 15 de dezembro de 2017. Vale destacar que o aluno cadastrado dever\u00e1 efetivar a matr\u00edcula nesse per\u00edodo, na escola para a qual foi encaminhado, para garantir a sua vaga.<\/p>\n<p>\u201cQuem perder o cadastro n\u00e3o ter\u00e1 vaga assegurada na rede p\u00fablica em uma escola pr\u00f3xima de sua resid\u00eancia. Depois da matr\u00edcula de todos os alunos cadastrados, eles poder\u00e3o ser encaminhados para escolas que apresentarem saldo de vagas remanescentes\u201d, ressalta Vera Vidigal.<\/p>\n<p>Para efetiva\u00e7\u00e3o da matr\u00edcula, dever\u00e3o ser apresentados, obrigatoriamente, os seguintes documentos:<\/p>\n<p>&#8211; c\u00f3pia e original da conta de luz da resid\u00eancia do candidato, em conformidade com o endere\u00e7o atestado na inscri\u00e7\u00e3o;<\/p>\n<p>&#8211; c\u00f3pia e original da certid\u00e3o de nascimento ou carteira de identidade,<\/p>\n<p>&#8211; comprovante de escolaridade, quando for o caso de transfer\u00eancia de outros munic\u00edpios, retorno aos estudos ou cursos da EJA.<\/p>\n<p>Em Belo Horizonte, os candidatos receber\u00e3o em suas resid\u00eancias, via Correios, correspond\u00eancia informando o local da matr\u00edcula. No interior, ser\u00e1 afixado, na Secretaria Municipal de Educa\u00e7\u00e3o de cada cidade e nas escolas, informativo com os endere\u00e7os.<\/p>\n<p><strong>Planejamento<\/strong><\/p>\n<p>O Cadastramento Escolar permite ao Governo do Estado e \u00e0s prefeituras dimensionarem a demanda escolar, encaminhando com tranquilidade as crian\u00e7as que v\u00e3o iniciar os estudos, os alunos que desejam a transfer\u00eancia para a rede p\u00fablica e os estudantes que queiram retornar \u00e0 escola, seja qual for o ano do ensino fundamental.<\/p>\n<p>Com a demanda apresentada no Cadastramento, Estado e munic\u00edpios fazem uma an\u00e1lise do fluxo escolar, da capacidade f\u00edsica das escolas, com vistas \u00e0 apresenta\u00e7\u00e3o de proposta de expans\u00e3o e\/ou reorganiza\u00e7\u00e3o, buscando compatibilizar a demanda e oferta de vagas nas redes p\u00fablicas de ensino.<\/p>\n<p>A expectativa da SEE \u00e9 de receber 160 mil inscri\u00e7\u00f5es no Cadastramento Escolar 2018.<\/p>\n<p><strong>VER PRIMEIRO<\/strong><\/p>\n<p><strong>Receba as not\u00edcias do Aconteceu no Vale em primeira m\u00e3o. Clique em curtir no endere\u00e7o <a href=\"https:\/\/www.facebook.com\/aconteceunovale\" target=\"_blank\"><font color=\"red\">www.facebook.com\/aconteceunovale<\/font><\/a> ou no box abaixo:<\/strong><\/p>\n<div class=\"fb-like\" data-href=\"https:\/\/www.facebook.com\/aconteceunovale\" data-width=\"120\" data-layout=\"standard\" data-action=\"like\" data-size=\"small\" data-show-faces=\"true\" data-share=\"true\"><\/div>\n<p><\/br><\/p>\n<p><em>(Fonte: Ag\u00eancia Minas)<\/em><\/p>\n","protected":false},"excerpt":{"rendered":"<p>Pais ou respons\u00e1veis que desejam garantir vaga para seu filho no ensino fundamental da rede p\u00fablica em 2018 e tamb\u00e9m jovens que querem retornar aos estudos j\u00e1 podem se programar e ficar atentos \u00e0s mudan\u00e7as propostas para o pr\u00f3ximo ano. O Cadastramento Escolar para 2018 vai acontecer de 12 a 23 de junho de 2017 [&hellip;]<\/p>\n","protected":false},"author":1,"featured_media":114832,"comment_status":"open","ping_status":"closed","sticky":false,"template":"","format":"standard","meta":{"amp_status":"","footnotes":""},"categories":[40238,123],"tags":[194,49003,148890,148889,148893,148891,1018,148892,137786,133841],"class_list":["post-114831","post","type-post","status-publish","format-standard","has-post-thumbnail","hentry","category-educacao-2","category-gerais","tag-belo-horizonte","tag-cadastramento-escolar","tag-cadastramento-escolar-2018","tag-cadastramento-escolar-2018-sera-online-e-realizado-de-12-a-23-de-junho","tag-cadastramento-escolar-para-2018-vai-acontecer-de-12-a-23-de-junho-de-2017","tag-data-cadastramento-escolar-2018","tag-destaque","tag-periodo-cadastramento-escolar-2018","tag-see","tag-see-mg"],"_links":{"self":[{"href":"https:\/\/aconteceunovale.com.br\/portal\/index.php?rest_route=\/wp\/v2\/posts\/114831","targetHints":{"allow":["GET"]}}],"collection":[{"href":"https:\/\/aconteceunovale.com.br\/portal\/index.php?rest_route=\/wp\/v2\/posts"}],"about":[{"href":"https:\/\/aconteceunovale.com.br\/portal\/index.php?rest_route=\/wp\/v2\/types\/post"}],"author":[{"embeddable":true,"href":"https:\/\/aconteceunovale.com.br\/portal\/index.php?rest_route=\/wp\/v2\/users\/1"}],"replies":[{"embeddable":true,"href":"https:\/\/aconteceunovale.com.br\/portal\/index.php?rest_route=%2Fwp%2Fv2%2Fcomments&post=114831"}],"version-history":[{"count":0,"href":"https:\/\/aconteceunovale.com.br\/portal\/index.php?rest_route=\/wp\/v2\/posts\/114831\/revisions"}],"wp:featuredmedia":[{"embeddable":true,"href":"https:\/\/aconteceunovale.com.br\/portal\/index.php?rest_route=\/wp\/v2\/media\/114832"}],"wp:attachment":[{"href":"https:\/\/aconteceunovale.com.br\/portal\/index.php?rest_route=%2Fwp%2Fv2%2Fmedia&parent=114831"}],"wp:term":[{"taxonomy":"category","embeddable":true,"href":"https:\/\/aconteceunovale.com.br\/portal\/index.php?rest_route=%2Fwp%2Fv2%2Fcategories&post=114831"},{"taxonomy":"post_tag","embeddable":true,"href":"https:\/\/aconteceunovale.com.br\/portal\/index.php?rest_route=%2Fwp%2Fv2%2Ftags&post=114831"}],"curies":[{"name":"wp","href":"https:\/\/api.w.org\/{rel}","templated":true}]}}