{"id":114818,"date":"2017-05-12T08:52:00","date_gmt":"2017-05-12T10:52:00","guid":{"rendered":"http:\/\/aconteceunovale.com.br\/portal\/?p=114818"},"modified":"2017-05-12T08:52:00","modified_gmt":"2017-05-12T10:52:00","slug":"joao-santana-diz-que-lula-sabia-de-caixa-2","status":"publish","type":"post","link":"https:\/\/aconteceunovale.com.br\/portal\/?p=114818","title":{"rendered":"Jo\u00e3o Santana diz que Lula sabia de caixa 2"},"content":{"rendered":"<p>O publicit\u00e1rio Jo\u00e3o Santana, respons\u00e1vel pela campanha \u00e0 reelei\u00e7\u00e3o do ent\u00e3o presidente Luiz In\u00e1cio Lula da Silva em 2006, disse ter ficado claro, em reuni\u00f5es com o ex-ministro da Fazenda Antonio Palocci, que Lula tinha conhecimento sobre o uso de recursos de caixa 2 na campanha.<\/p>\n<p>O casal de publicit\u00e1rios Jo\u00e3o Santana e M\u00f4nica Moura firmou acordo de dela\u00e7\u00e3o premiada com a Justi\u00e7a, cujo teor teve o sigilo retirado hoje (11) pelo ministro Edson Fachin, relator da Opera\u00e7\u00e3o Lava Jato no Supremo Tribunal Federal (STF). De acordo com o texto do anexo 2 da dela\u00e7\u00e3o de Santana, em que \u00e9 resumido o teor do depoimento, Palocci foi o respons\u00e1vel pela negocia\u00e7\u00e3o dos termos do contrato da P\u00f3lis, empresa de\u00a0<em>marketing<\/em>\u00a0do casal.<\/p>\n<p>\u201cNesses encontros ficou claro que Lula sabia de todos os detalhes, de todos os pagamentos por fora recebidos pela P\u00f3lis, porque Antonio Palocci, ent\u00e3o ministro da Fazenda, sempre alegava que as decis\u00f5es definitivas dependiam da \u2018palavra final do chefe\u2019\u201d, diz o texto.<\/p>\n<p>Na dela\u00e7\u00e3o, Santana disse que Palocci tinha pleno poder sobre uma conta de caixa 2 do PT junto \u00e0 empresa Odebrecht. Os pagamentos, no entanto, n\u00e3o eram feitos em dia, motivo pelo qual o publicit\u00e1rio fazia cobran\u00e7as diretas a Lula. Tais cobran\u00e7as diretas teriam sido feitas\u00a0tamb\u00e9m a Dilma Rousseff,\u00a0durante a campanha presidencial de 2010.<\/p>\n<p>\u201cNessas oportunidades, tanto Lula como Dilma se comprometeram a resolver o impasse e, de fato, os pagamentos voltavam a ocorrer. Tanto os pagamentos oficiais, quanto os recebimentos de valores atrav\u00e9s de caixa 2\u201d, diz o texto que introduz a dela\u00e7\u00e3o de Jo\u00e3o Santana.<\/p>\n<p>\u201cJo\u00e3o Santana tem plenas condi\u00e7\u00f5es de discorrer sobre as interlocu\u00e7\u00f5es referentes \u00e0s cobran\u00e7as realizadas diretamente e pessoalmente com Lula, que aconteceram algumas vezes, em especial aquelas que trataram de cobran\u00e7a de atrasados\u201d, acrescenta o texto.<\/p>\n<p><strong>Defesa<\/strong><\/p>\n<p>Em nota, a defesa de Lula afirmou que as declara\u00e7\u00f5es nada provam, inclusive por terem sido dadas no contexto de dela\u00e7\u00f5es, nas quais o Minist\u00e9rio P\u00fablico Federal pressiona pessoas a confessarem crimes para se livrar da pris\u00e3o.<\/p>\n<p>\u201cVe\u00edculos de imprensa j\u00e1 denunciaram que a for\u00e7a-tarefa da Lava Jato tem exigido refer\u00eancias a Lula como condi\u00e7\u00e3o para aceitar dela\u00e7\u00f5es. O assunto foi oficialmente levado ao procurador-geral da Rep\u00fablica [Rodrigo Janot] para que seja investigado com isen\u00e7\u00e3o, mas, at\u00e9 o momento, desconhecemos qualquer provid\u00eancia nesse sentido\u201d, diz a nota.<\/p>\n<p>\u201cA persegui\u00e7\u00e3o pol\u00edtica por meios jur\u00eddicos (<em>lawfare<\/em>) em rela\u00e7\u00e3o a Lula fica cada dia mais clara e est\u00e1 sendo vista pelo mundo&#8221;, acrescenta o texto.<\/p>\n<p><strong>VER PRIMEIRO<\/strong><\/p>\n<p><strong>Receba as not\u00edcias do Aconteceu no Vale em primeira m\u00e3o. Clique em curtir no endere\u00e7o <a href=\"https:\/\/www.facebook.com\/aconteceunovale\" target=\"_blank\"><font color=\"red\">www.facebook.com\/aconteceunovale<\/font><\/a> ou no box abaixo:<\/strong><\/p>\n<div class=\"fb-like\" data-href=\"https:\/\/www.facebook.com\/aconteceunovale\" data-width=\"120\" data-layout=\"standard\" data-action=\"like\" data-size=\"small\" data-show-faces=\"true\" data-share=\"true\"><\/div>\n<p><\/br><\/p>\n<p><em>(Fonte: Ag\u00eancia Brasil)<\/em><\/p>\n","protected":false},"excerpt":{"rendered":"<p>O publicit\u00e1rio Jo\u00e3o Santana, respons\u00e1vel pela campanha \u00e0 reelei\u00e7\u00e3o do ent\u00e3o presidente Luiz In\u00e1cio Lula da Silva em 2006, disse ter ficado claro, em reuni\u00f5es com o ex-ministro da Fazenda Antonio Palocci, que Lula tinha conhecimento sobre o uso de recursos de caixa 2 na campanha. O casal de publicit\u00e1rios Jo\u00e3o Santana e M\u00f4nica Moura [&hellip;]<\/p>\n","protected":false},"author":1,"featured_media":114701,"comment_status":"open","ping_status":"closed","sticky":false,"template":"","format":"standard","meta":{"amp_status":"","footnotes":""},"categories":[6,40240],"tags":[105157,148875,82748,77983,108356,148874,27144,14124,148876,108357,18095,148877],"class_list":["post-114818","post","type-post","status-publish","format-standard","has-post-thumbnail","hentry","category-br","category-politica-2","tag-caixa-2","tag-delacao-joao-santana","tag-delacao-premiada","tag-edson-fachin","tag-joao-santana","tag-joao-santana-diz-que-lula-sabia-de-caixa-2","tag-lava-jato","tag-luiz-inacio-lula-da-silva","tag-lula-sabia-do-caixa-2","tag-monica-moura","tag-operacao-lava-jato","tag-publicitario-joao-santana"],"_links":{"self":[{"href":"https:\/\/aconteceunovale.com.br\/portal\/index.php?rest_route=\/wp\/v2\/posts\/114818","targetHints":{"allow":["GET"]}}],"collection":[{"href":"https:\/\/aconteceunovale.com.br\/portal\/index.php?rest_route=\/wp\/v2\/posts"}],"about":[{"href":"https:\/\/aconteceunovale.com.br\/portal\/index.php?rest_route=\/wp\/v2\/types\/post"}],"author":[{"embeddable":true,"href":"https:\/\/aconteceunovale.com.br\/portal\/index.php?rest_route=\/wp\/v2\/users\/1"}],"replies":[{"embeddable":true,"href":"https:\/\/aconteceunovale.com.br\/portal\/index.php?rest_route=%2Fwp%2Fv2%2Fcomments&post=114818"}],"version-history":[{"count":0,"href":"https:\/\/aconteceunovale.com.br\/portal\/index.php?rest_route=\/wp\/v2\/posts\/114818\/revisions"}],"wp:featuredmedia":[{"embeddable":true,"href":"https:\/\/aconteceunovale.com.br\/portal\/index.php?rest_route=\/wp\/v2\/media\/114701"}],"wp:attachment":[{"href":"https:\/\/aconteceunovale.com.br\/portal\/index.php?rest_route=%2Fwp%2Fv2%2Fmedia&parent=114818"}],"wp:term":[{"taxonomy":"category","embeddable":true,"href":"https:\/\/aconteceunovale.com.br\/portal\/index.php?rest_route=%2Fwp%2Fv2%2Fcategories&post=114818"},{"taxonomy":"post_tag","embeddable":true,"href":"https:\/\/aconteceunovale.com.br\/portal\/index.php?rest_route=%2Fwp%2Fv2%2Ftags&post=114818"}],"curies":[{"name":"wp","href":"https:\/\/api.w.org\/{rel}","templated":true}]}}