{"id":114808,"date":"2017-05-11T22:39:58","date_gmt":"2017-05-12T00:39:58","guid":{"rendered":"http:\/\/aconteceunovale.com.br\/portal\/?p=114808"},"modified":"2017-05-11T22:50:06","modified_gmt":"2017-05-12T00:50:06","slug":"bndes-aprova-financiamento-de-r-529-milhoes-para-implantacao-do-complexo-solar-pirapora","status":"publish","type":"post","link":"https:\/\/aconteceunovale.com.br\/portal\/?p=114808","title":{"rendered":"BNDES aprova financiamento de R$ 529 milh\u00f5es para implanta\u00e7\u00e3o do Complexo Solar Pirapora"},"content":{"rendered":"<p>O Banco Nacional de Desenvolvimento Econ\u00f4mico e Social (BNDES) anunciou hoje (11\/05\/2017), no Rio de Janeiro, a aprova\u00e7\u00e3o do primeiro financiamento para um projeto de gera\u00e7\u00e3o de energia solar.<\/p>\n<p>O empr\u00e9stimo, de R$ 529,039 milh\u00f5es, vai financiar a implanta\u00e7\u00e3o do Complexo Solar Pirapora, em Minas Gerais, um empreendimento da EDF Energies Nouvelles, subsidi\u00e1ria do grupo estatal franc\u00eas \u00c9lectricit\u00e9 de France (EDF) e da fabricante de m\u00f3dulos solares canadense Canadian Solar (CSI), que fornecer\u00e1 equipamentos para o projeto.<\/p>\n<p>O Complexo Solar Pirapora prev\u00ea a constru\u00e7\u00e3o de cinco usinas fotovoltaicas, com pot\u00eancia instalada total de 150 megawatts (MW) e capacidade para atender a demanda de 189.842 resid\u00eancias, informou o banco, pela assessoria de imprensa.<\/p>\n<p>A etapa de constru\u00e7\u00e3o do complexo vai gerar 1.381 empregos diretos e indiretos. As obras come\u00e7aram em outubro de 2016. As usinas t\u00eam previs\u00e3o de entrada de opera\u00e7\u00e3o comercial em agosto pr\u00f3ximo.<\/p>\n<p>A energia do Complexo Solar de Pirapora foi comercializada no 7\u00b0 Leil\u00e3o para Contrata\u00e7\u00e3o de Energia de Reserva, realizado em 28 de agosto de 2015. Os contratos de energia de reserva (CERs), celebrados com a C\u00e2mara de Comercializa\u00e7\u00e3o de Energia El\u00e9trica (CCEE), t\u00eam vig\u00eancia de 20 anos a partir de 1\u00ba de agosto de 2017. Durante o leil\u00e3o, as usinas comercializaram juntas 42 MW m\u00e9dios, a uma tarifa m\u00e9dia de R$ 298,58 por megawatt-hora (MWh).<\/p>\n<p><img decoding=\"async\" src=\"http:\/\/aconteceunovale.com.br\/portal\/wp-content\/uploads\/2017\/05\/complexo_solar_pirapora.png\" alt=\"\" \/><em>A constru\u00e7\u00e3o das instala\u00e7\u00f5es vai gerar 1.381 empregos (Divulga\u00e7\u00e3o\/BNDES)<\/em><br \/>\n<\/br><\/p>\n<p><strong>VER PRIMEIRO<\/strong><\/p>\n<p><strong>Receba as not\u00edcias do Aconteceu no Vale em primeira m\u00e3o. Clique em curtir no endere\u00e7o <a href=\"https:\/\/www.facebook.com\/aconteceunovale\" target=\"_blank\"><font color=\"red\">www.facebook.com\/aconteceunovale<\/font><\/a> ou no box abaixo:<\/strong><\/p>\n<div class=\"fb-like\" data-href=\"https:\/\/www.facebook.com\/aconteceunovale\" data-width=\"120\" data-layout=\"standard\" data-action=\"like\" data-size=\"small\" data-show-faces=\"true\" data-share=\"true\"><\/div>\n<p><\/br><\/p>\n<p><em>(Fonte: Ag\u00eancia Brasil)<\/em><\/p>\n","protected":false},"excerpt":{"rendered":"<p>O Banco Nacional de Desenvolvimento Econ\u00f4mico e Social (BNDES) anunciou hoje (11\/05\/2017), no Rio de Janeiro, a aprova\u00e7\u00e3o do primeiro financiamento para um projeto de gera\u00e7\u00e3o de energia solar. O empr\u00e9stimo, de R$ 529,039 milh\u00f5es, vai financiar a implanta\u00e7\u00e3o do Complexo Solar Pirapora, em Minas Gerais, um empreendimento da EDF Energies Nouvelles, subsidi\u00e1ria do grupo [&hellip;]<\/p>\n","protected":false},"author":1,"featured_media":114810,"comment_status":"open","ping_status":"closed","sticky":false,"template":"","format":"standard","meta":{"amp_status":"","footnotes":""},"categories":[1236],"tags":[84278,130950,42850,148861,148865,78180,148856,148864,1018,148863,148862,52625,111301,47945,148860,148859,131,254,148858,148857],"class_list":["post-114808","post","type-post","status-publish","format-standard","has-post-thumbnail","hentry","category-norte_de_minas","tag-banco-nacional-de-desenvolvimento-economico-e-social","tag-banco-nacional-de-desenvolvimento-economico-e-social-bndes","tag-bndes","tag-bndes-aprova-financiamento-de-r-529-milhoes-para-implantacao-do-complexo-solar-pirapora","tag-bndes-aprova-primeiro-financiamento-para-geracao-de-energia-solar","tag-canadian-solar","tag-complexo-solar-pirapora","tag-csi","tag-destaque","tag-edf","tag-edf-energies-nouvelles","tag-electricite-de-france","tag-energias-renovaveis","tag-geracao-de-energia-solar","tag-incentivos-a-producao-sustentavel","tag-maria-silvia-bastos-marques","tag-minas-gerais","tag-pirapora","tag-presidente-do-bndes","tag-primeiro-projeto-de-geracao-de-energia-solar-financiado-pelo-bndes"],"_links":{"self":[{"href":"https:\/\/aconteceunovale.com.br\/portal\/index.php?rest_route=\/wp\/v2\/posts\/114808","targetHints":{"allow":["GET"]}}],"collection":[{"href":"https:\/\/aconteceunovale.com.br\/portal\/index.php?rest_route=\/wp\/v2\/posts"}],"about":[{"href":"https:\/\/aconteceunovale.com.br\/portal\/index.php?rest_route=\/wp\/v2\/types\/post"}],"author":[{"embeddable":true,"href":"https:\/\/aconteceunovale.com.br\/portal\/index.php?rest_route=\/wp\/v2\/users\/1"}],"replies":[{"embeddable":true,"href":"https:\/\/aconteceunovale.com.br\/portal\/index.php?rest_route=%2Fwp%2Fv2%2Fcomments&post=114808"}],"version-history":[{"count":0,"href":"https:\/\/aconteceunovale.com.br\/portal\/index.php?rest_route=\/wp\/v2\/posts\/114808\/revisions"}],"wp:featuredmedia":[{"embeddable":true,"href":"https:\/\/aconteceunovale.com.br\/portal\/index.php?rest_route=\/wp\/v2\/media\/114810"}],"wp:attachment":[{"href":"https:\/\/aconteceunovale.com.br\/portal\/index.php?rest_route=%2Fwp%2Fv2%2Fmedia&parent=114808"}],"wp:term":[{"taxonomy":"category","embeddable":true,"href":"https:\/\/aconteceunovale.com.br\/portal\/index.php?rest_route=%2Fwp%2Fv2%2Fcategories&post=114808"},{"taxonomy":"post_tag","embeddable":true,"href":"https:\/\/aconteceunovale.com.br\/portal\/index.php?rest_route=%2Fwp%2Fv2%2Ftags&post=114808"}],"curies":[{"name":"wp","href":"https:\/\/api.w.org\/{rel}","templated":true}]}}