{"id":114799,"date":"2017-05-11T21:31:05","date_gmt":"2017-05-11T23:31:05","guid":{"rendered":"http:\/\/aconteceunovale.com.br\/portal\/?p=114799"},"modified":"2017-05-11T21:34:16","modified_gmt":"2017-05-11T23:34:16","slug":"homem-e-morto-a-tiros-em-governador-valadares","status":"publish","type":"post","link":"https:\/\/aconteceunovale.com.br\/portal\/?p=114799","title":{"rendered":"Homem \u00e9 morto a tiros em Governador Valadares"},"content":{"rendered":"<p>Um homem de 29 anos foi morto na noite desta quarta-feira (10\/05\/2017) em Governador Valadares, no Vale do Rio Doce. Segundo a Pol\u00edcia Militar (PM), o crime ocorreu no Bairro Jardim Ip\u00ea e a v\u00edtima Thiago Luiz dos Santos teria sido atingida por v\u00e1rios disparos de arma de fogo.<\/p>\n<p>O Corpo de Bombeiros chegou a ser acionado, mas o jovem j\u00e1 estava sem vida quando o socorro chegou. A PM tentou contato com vizinhos para saber quem seria o poss\u00edvel autor do crime, mas n\u00e3o obteve informa\u00e7\u00f5es.<\/p>\n<p>A per\u00edcia da Pol\u00edcia Civil esteve no local e analisou a cena do crime para iniciar trabalho de investiga\u00e7\u00e3o. Em seguida, o corpo foi encaminhado ao Posto de Per\u00edcia Integrada (PPI).<\/p>\n<p><strong>VER PRIMEIRO<\/strong><\/p>\n<p><strong>Receba as not\u00edcias do Aconteceu no Vale em primeira m\u00e3o. Clique em curtir no endere\u00e7o <a href=\"https:\/\/www.facebook.com\/aconteceunovale\" target=\"_blank\"><font color=\"red\">www.facebook.com\/aconteceunovale<\/font><\/a> ou no box abaixo:<\/strong><\/p>\n<div class=\"fb-like\" data-href=\"https:\/\/www.facebook.com\/aconteceunovale\" data-width=\"120\" data-layout=\"standard\" data-action=\"like\" data-size=\"small\" data-show-faces=\"true\" data-share=\"true\"><\/div>\n<p><\/br><\/p>\n<p><em>(Com informa\u00e7\u00f5es do G1 Vales e PM)<\/em><\/p>\n","protected":false},"excerpt":{"rendered":"<p>Um homem de 29 anos foi morto na noite desta quarta-feira (10\/05\/2017) em Governador Valadares, no Vale do Rio Doce. Segundo a Pol\u00edcia Militar (PM), o crime ocorreu no Bairro Jardim Ip\u00ea e a v\u00edtima Thiago Luiz dos Santos teria sido atingida por v\u00e1rios disparos de arma de fogo. O Corpo de Bombeiros chegou a [&hellip;]<\/p>\n","protected":false},"author":1,"featured_media":71442,"comment_status":"open","ping_status":"closed","sticky":false,"template":"","format":"standard","meta":{"amp_status":"","footnotes":""},"categories":[121],"tags":[44655,8179,247,148850,8180,43038,44656],"class_list":["post-114799","post","type-post","status-publish","format-standard","has-post-thumbnail","hentry","category-leste","tag-assassinado-em-governador-valadares","tag-assassinato-em-governador-valadares","tag-governador-valadares","tag-homem-e-morto-a-tiros-em-governador-valadares","tag-homicidio-em-governador-valadares","tag-morto-em-governador-valadares","tag-violencia-em-governador-valadares"],"_links":{"self":[{"href":"https:\/\/aconteceunovale.com.br\/portal\/index.php?rest_route=\/wp\/v2\/posts\/114799","targetHints":{"allow":["GET"]}}],"collection":[{"href":"https:\/\/aconteceunovale.com.br\/portal\/index.php?rest_route=\/wp\/v2\/posts"}],"about":[{"href":"https:\/\/aconteceunovale.com.br\/portal\/index.php?rest_route=\/wp\/v2\/types\/post"}],"author":[{"embeddable":true,"href":"https:\/\/aconteceunovale.com.br\/portal\/index.php?rest_route=\/wp\/v2\/users\/1"}],"replies":[{"embeddable":true,"href":"https:\/\/aconteceunovale.com.br\/portal\/index.php?rest_route=%2Fwp%2Fv2%2Fcomments&post=114799"}],"version-history":[{"count":0,"href":"https:\/\/aconteceunovale.com.br\/portal\/index.php?rest_route=\/wp\/v2\/posts\/114799\/revisions"}],"wp:featuredmedia":[{"embeddable":true,"href":"https:\/\/aconteceunovale.com.br\/portal\/index.php?rest_route=\/wp\/v2\/media\/71442"}],"wp:attachment":[{"href":"https:\/\/aconteceunovale.com.br\/portal\/index.php?rest_route=%2Fwp%2Fv2%2Fmedia&parent=114799"}],"wp:term":[{"taxonomy":"category","embeddable":true,"href":"https:\/\/aconteceunovale.com.br\/portal\/index.php?rest_route=%2Fwp%2Fv2%2Fcategories&post=114799"},{"taxonomy":"post_tag","embeddable":true,"href":"https:\/\/aconteceunovale.com.br\/portal\/index.php?rest_route=%2Fwp%2Fv2%2Ftags&post=114799"}],"curies":[{"name":"wp","href":"https:\/\/api.w.org\/{rel}","templated":true}]}}