{"id":114791,"date":"2017-05-11T21:04:07","date_gmt":"2017-05-11T23:04:07","guid":{"rendered":"http:\/\/aconteceunovale.com.br\/portal\/?p=114791"},"modified":"2017-05-11T21:04:07","modified_gmt":"2017-05-11T23:04:07","slug":"incendio-destroi-quinze-toneladas-de-materiais-reciclaveis-na-ascanavi-de-governador-valadares","status":"publish","type":"post","link":"https:\/\/aconteceunovale.com.br\/portal\/?p=114791","title":{"rendered":"Inc\u00eandio destr\u00f3i quinze toneladas de materiais recicl\u00e1veis na ASCANAVI de Governador Valadares"},"content":{"rendered":"<p>Um inc\u00eandio destruiu v\u00e1rios materiais recicl\u00e1veis e equipamentos da sede da Associa\u00e7\u00e3o dos Catadores de Materiais Recicl\u00e1veis Natureza Viva (ASCANAVI), de Governador Valadares, na madrugada desta quinta-feira (11\/05\/2017). Segundo o Corpo de Bombeiros, o fogo teria come\u00e7ado no padr\u00e3o de energia da sede da institui\u00e7\u00e3o, que estava apresentando problemas.<\/p>\n<p>As chamas destru\u00edram paredes, uma esteira, um elevador de fardo, tr\u00eas prensas e 15 toneladas de materiais recicl\u00e1veis. Toda a estrutura do galp\u00e3o ficou comprometida e o \u00f3rg\u00e3o n\u00e3o informou se j\u00e1 h\u00e1 uma previs\u00e3o de retomada dos trabalhos. &#8220;N\u00f3s contamos com a ajuda da popula\u00e7\u00e3o para poder reestruturar o galp\u00e3o e voltar a trabalhar; a estrutura el\u00e9trica est\u00e1 toda perdida&#8221;, disse a coordenadora da ASCANAVI, Raquel Rodrigues.<\/p>\n<p>Os bombeiros demoraram cerca de seis horas para conter o fogo e permanecem no local, na manh\u00e3 desta quinta, fazendo o trabalho de rescaldo.<\/p>\n<p>Em janeiro deste ano, outro inc\u00eandio destruiu materiais recicl\u00e1veis da associa\u00e7\u00e3o. Na \u00e9poca, o fogo se concentrou na parte de tr\u00e1s do terreno da entidade, que fica \u00e0s margens da BR-116, no Bairro Turmalina.<\/p>\n<p><img decoding=\"async\" src=\"http:\/\/aconteceunovale.com.br\/portal\/wp-content\/uploads\/2017\/05\/incendio_gv.jpeg\" alt=\"\" \/><em>Galp\u00e3o ficou destru\u00eddo ap\u00f3s o inc\u00eandio (Foto: Ana Carolina Magalh\u00e3es\/Inter TV dos Vales)<\/em><br \/>\n<\/br><\/p>\n<p><strong>VER PRIMEIRO<\/strong><\/p>\n<p><strong>Receba as not\u00edcias do Aconteceu no Vale em primeira m\u00e3o. Clique em curtir no endere\u00e7o <a href=\"https:\/\/www.facebook.com\/aconteceunovale\" target=\"_blank\"><font color=\"red\">www.facebook.com\/aconteceunovale<\/font><\/a> ou no box abaixo:<\/strong><\/p>\n<div class=\"fb-like\" data-href=\"https:\/\/www.facebook.com\/aconteceunovale\" data-width=\"120\" data-layout=\"standard\" data-action=\"like\" data-size=\"small\" data-show-faces=\"true\" data-share=\"true\"><\/div>\n<p><\/br><\/p>\n<p><em>(Fonte: G1 Vales)<\/em><\/p>\n","protected":false},"excerpt":{"rendered":"<p>Um inc\u00eandio destruiu v\u00e1rios materiais recicl\u00e1veis e equipamentos da sede da Associa\u00e7\u00e3o dos Catadores de Materiais Recicl\u00e1veis Natureza Viva (ASCANAVI), de Governador Valadares, na madrugada desta quinta-feira (11\/05\/2017). Segundo o Corpo de Bombeiros, o fogo teria come\u00e7ado no padr\u00e3o de energia da sede da institui\u00e7\u00e3o, que estava apresentando problemas. As chamas destru\u00edram paredes, uma esteira, [&hellip;]<\/p>\n","protected":false},"author":1,"featured_media":114792,"comment_status":"open","ping_status":"closed","sticky":false,"template":"","format":"standard","meta":{"amp_status":"","footnotes":""},"categories":[121],"tags":[44037,148837,44036,148836,148839,247,148840,148835,148838],"class_list":["post-114791","post","type-post","status-publish","format-standard","has-post-thumbnail","hentry","category-leste","tag-ascanavi","tag-ascanavi-governador-valadares","tag-associacao-dos-catadores-de-materiais-reciclaveis-natureza-viva","tag-fogo-na-ascanavi","tag-fogo-na-ascanavi-governador-valadares","tag-governador-valadares","tag-incendio-destroi-quinze-toneladas-de-materiais-reciclaveis-na-ascanavi-de-governador-valadares","tag-incendio-na-ascanavi","tag-incendio-na-ascanavi-governador-valadares"],"_links":{"self":[{"href":"https:\/\/aconteceunovale.com.br\/portal\/index.php?rest_route=\/wp\/v2\/posts\/114791","targetHints":{"allow":["GET"]}}],"collection":[{"href":"https:\/\/aconteceunovale.com.br\/portal\/index.php?rest_route=\/wp\/v2\/posts"}],"about":[{"href":"https:\/\/aconteceunovale.com.br\/portal\/index.php?rest_route=\/wp\/v2\/types\/post"}],"author":[{"embeddable":true,"href":"https:\/\/aconteceunovale.com.br\/portal\/index.php?rest_route=\/wp\/v2\/users\/1"}],"replies":[{"embeddable":true,"href":"https:\/\/aconteceunovale.com.br\/portal\/index.php?rest_route=%2Fwp%2Fv2%2Fcomments&post=114791"}],"version-history":[{"count":0,"href":"https:\/\/aconteceunovale.com.br\/portal\/index.php?rest_route=\/wp\/v2\/posts\/114791\/revisions"}],"wp:featuredmedia":[{"embeddable":true,"href":"https:\/\/aconteceunovale.com.br\/portal\/index.php?rest_route=\/wp\/v2\/media\/114792"}],"wp:attachment":[{"href":"https:\/\/aconteceunovale.com.br\/portal\/index.php?rest_route=%2Fwp%2Fv2%2Fmedia&parent=114791"}],"wp:term":[{"taxonomy":"category","embeddable":true,"href":"https:\/\/aconteceunovale.com.br\/portal\/index.php?rest_route=%2Fwp%2Fv2%2Fcategories&post=114791"},{"taxonomy":"post_tag","embeddable":true,"href":"https:\/\/aconteceunovale.com.br\/portal\/index.php?rest_route=%2Fwp%2Fv2%2Ftags&post=114791"}],"curies":[{"name":"wp","href":"https:\/\/api.w.org\/{rel}","templated":true}]}}