{"id":114788,"date":"2017-05-11T20:54:50","date_gmt":"2017-05-11T22:54:50","guid":{"rendered":"http:\/\/aconteceunovale.com.br\/portal\/?p=114788"},"modified":"2017-05-11T20:55:03","modified_gmt":"2017-05-11T22:55:03","slug":"montes-claros-sedia-final-do-campeonato-norte-mineiro-de-rodeio","status":"publish","type":"post","link":"https:\/\/aconteceunovale.com.br\/portal\/?p=114788","title":{"rendered":"Montes Claros sedia final do Campeonato Norte-mineiro de Rodeio"},"content":{"rendered":"<p>Montes Claros vai receber, a partir desta quinta-feira (11\/05\/2017), a final do Campeonato Norte-mineiro de Rodeio. O evento ser\u00e1 realizado no Parque de Exposi\u00e7\u00f5es Jo\u00e3o Alencar Athayde e ter\u00e1 atra\u00e7\u00f5es at\u00e9 o domingo (14).<\/p>\n<p>As etapas do Campeonato Norte-mineiro de Rodeio 2017 foram realizadas em 11 cidades da regi\u00e3o; Francisco S\u00e1, Capit\u00e3o En\u00e9as, S\u00e3o Francisco, Itacambira, Juramento, Glaucil\u00e2ndia, Pirapora, V\u00e1rzea da Palma, Patis, Salinas e Janu\u00e1ria.<\/p>\n<p>Para a etapa final, foram selecionados 45 competidores, e o vencedor vai levar para casa uma moto e a fivela de campe\u00e3o, reconhecido pela Federa\u00e7\u00e3o de Rodeio. Segundo os organizadores, a expectativa \u00e9 de que 30 mil pessoas compare\u00e7am nos quatro dias de competi\u00e7\u00e3o.<\/p>\n<p>Ainda segundo a organiza\u00e7\u00e3o do evento, o rodeio contar\u00e1 com os melhores touros do Brasil, e uma sele\u00e7\u00e3o de atletas pe\u00f5es de rodeio, classificados nas etapas anteriores. A narra\u00e7\u00e3o oficial ficar\u00e1 por conta de Junyo Estrada.<\/p>\n<p>O rodeio come\u00e7a nesta quinta-feira (11) e segue at\u00e9 domingo (14), sempre \u00e0s 20 horas. Na abertura, em homenagem ao dia das m\u00e3es, mulher n\u00e3o paga.<\/p>\n<p><img decoding=\"async\" src=\"http:\/\/aconteceunovale.com.br\/portal\/wp-content\/uploads\/2017\/05\/campeonato_rodeio_moc.jpeg\" alt=\"\" \/><em>Campeonato norte-mineiro de rodeio realizado em Montes Claros (Foto: Divulga\u00e7\u00e3o)<\/em><br \/>\n<\/br><\/p>\n<p><strong>VER PRIMEIRO<\/strong><\/p>\n<p><strong>Receba as not\u00edcias do Aconteceu no Vale em primeira m\u00e3o. Clique em curtir no endere\u00e7o <a href=\"https:\/\/www.facebook.com\/aconteceunovale\" target=\"_blank\"><font color=\"red\">www.facebook.com\/aconteceunovale<\/font><\/a> ou no box abaixo:<\/strong><\/p>\n<div class=\"fb-like\" data-href=\"https:\/\/www.facebook.com\/aconteceunovale\" data-width=\"120\" data-layout=\"standard\" data-action=\"like\" data-size=\"small\" data-show-faces=\"true\" data-share=\"true\"><\/div>\n<p><\/br><\/p>\n<p><em>(Fonte: G1 Grande Minas)<\/em><\/p>\n","protected":false},"excerpt":{"rendered":"<p>Montes Claros vai receber, a partir desta quinta-feira (11\/05\/2017), a final do Campeonato Norte-mineiro de Rodeio. O evento ser\u00e1 realizado no Parque de Exposi\u00e7\u00f5es Jo\u00e3o Alencar Athayde e ter\u00e1 atra\u00e7\u00f5es at\u00e9 o domingo (14). As etapas do Campeonato Norte-mineiro de Rodeio 2017 foram realizadas em 11 cidades da regi\u00e3o; Francisco S\u00e1, Capit\u00e3o En\u00e9as, S\u00e3o Francisco, [&hellip;]<\/p>\n","protected":false},"author":1,"featured_media":114789,"comment_status":"open","ping_status":"closed","sticky":false,"template":"","format":"standard","meta":{"amp_status":"","footnotes":""},"categories":[125,1236],"tags":[148829,148832,1429,1018,148830,148831,1395,1693,1696,205,148833,1697,210,148834,10925,1700,254,190,1522,1340],"class_list":["post-114788","post","type-post","status-publish","format-standard","has-post-thumbnail","hentry","category-noticias","category-norte_de_minas","tag-campeonato-norte-mineiro-de-rodeio","tag-campeonato-norte-mineiro-de-rodeio-em-montes-claros","tag-capitao-eneas","tag-destaque","tag-final-do-campeonato-norte-mineiro-de-rodeio","tag-final-do-campeonato-norte-mineiro-de-rodeio-em-montes-claros","tag-francisco-sa","tag-glaucilandia","tag-itacambira","tag-januaria","tag-junyo-estrada","tag-juramento","tag-montes-claros","tag-montes-claros-sedia-final-do-campeonato-norte-mineiro-de-rodeio","tag-parque-de-exposicoes-joao-alencar-athayde","tag-patis","tag-pirapora","tag-salinas","tag-sao-francisco","tag-varzea-da-palma"],"_links":{"self":[{"href":"https:\/\/aconteceunovale.com.br\/portal\/index.php?rest_route=\/wp\/v2\/posts\/114788","targetHints":{"allow":["GET"]}}],"collection":[{"href":"https:\/\/aconteceunovale.com.br\/portal\/index.php?rest_route=\/wp\/v2\/posts"}],"about":[{"href":"https:\/\/aconteceunovale.com.br\/portal\/index.php?rest_route=\/wp\/v2\/types\/post"}],"author":[{"embeddable":true,"href":"https:\/\/aconteceunovale.com.br\/portal\/index.php?rest_route=\/wp\/v2\/users\/1"}],"replies":[{"embeddable":true,"href":"https:\/\/aconteceunovale.com.br\/portal\/index.php?rest_route=%2Fwp%2Fv2%2Fcomments&post=114788"}],"version-history":[{"count":0,"href":"https:\/\/aconteceunovale.com.br\/portal\/index.php?rest_route=\/wp\/v2\/posts\/114788\/revisions"}],"wp:featuredmedia":[{"embeddable":true,"href":"https:\/\/aconteceunovale.com.br\/portal\/index.php?rest_route=\/wp\/v2\/media\/114789"}],"wp:attachment":[{"href":"https:\/\/aconteceunovale.com.br\/portal\/index.php?rest_route=%2Fwp%2Fv2%2Fmedia&parent=114788"}],"wp:term":[{"taxonomy":"category","embeddable":true,"href":"https:\/\/aconteceunovale.com.br\/portal\/index.php?rest_route=%2Fwp%2Fv2%2Fcategories&post=114788"},{"taxonomy":"post_tag","embeddable":true,"href":"https:\/\/aconteceunovale.com.br\/portal\/index.php?rest_route=%2Fwp%2Fv2%2Ftags&post=114788"}],"curies":[{"name":"wp","href":"https:\/\/api.w.org\/{rel}","templated":true}]}}