{"id":114772,"date":"2017-05-11T20:31:52","date_gmt":"2017-05-11T22:31:52","guid":{"rendered":"http:\/\/aconteceunovale.com.br\/portal\/?p=114772"},"modified":"2017-05-11T20:31:52","modified_gmt":"2017-05-11T22:31:52","slug":"explosivos-apreendidos-em-montes-claros-tem-capacidade-para-destruir-um-predio-afirma-delegado","status":"publish","type":"post","link":"https:\/\/aconteceunovale.com.br\/portal\/?p=114772","title":{"rendered":"Explosivos apreendidos em Montes Claros t\u00eam capacidade para destruir um pr\u00e9dio, afirma delegado"},"content":{"rendered":"<p>A Pol\u00edcia Civil de Minas Gerais, em Montes Claros, apresentou nesta quinta-feira (11) \u00e0 imprensa a conclus\u00e3o da investiga\u00e7\u00e3o que apurou den\u00fancia an\u00f4nima dando conta da exist\u00eancia de um ve\u00edculo clonado, Ford\/Fiesta, o qual estava estacionado no interior de um edif\u00edcio no bairro Funcion\u00e1rios.<\/p>\n<p>A equipe de investigadores compareceu ao local da dilig\u00eancia, realizando buscas no intuito de localizar o ve\u00edculo e seu propriet\u00e1rio, Hebron W.O.S. <\/p>\n<p>O suspeito foi informado sobre a den\u00fancia, e prontamente autorizou uma vistoria no autom\u00f3vel, sendo identificado que a sequ\u00eancia num\u00e9rica do chassi era divergente, pertencente a um ve\u00edculo com impedimento de roubo\/furto junto ao sistema policial.<\/p>\n<p>Dentro do carro foi apreendido um revolver calibre 38, marca Taurus, com capacidade para cinco tiros. No apartamento do suspeito, foi localizada uma espingarda calibre 12, contendo sete muni\u00e7\u00f5es intactas e oito bananas de explosivos, diversos celulares, v\u00e1rios televisores sem proced\u00eancia e CRLV de documentos.<\/p>\n<p>Segundo o delegado Heriv\u00e9lton Ruas, os explosivos apreendidos t\u00eam capacidade para destruir um pr\u00e9dio. \u201cAinda est\u00e3o sendo avaliadas, mas pelo tamanho a gente acredita que tenha capacidade para destruir um pr\u00e9dio\u201d, explicou.<\/p>\n<p>O suspeito j\u00e1 possui passagem por recepta\u00e7\u00e3o, desta vez foi autuado em flagrante por posse de explosivo, recepta\u00e7\u00e3o, posse ilegal de arma de fogo e posse de muni\u00e7\u00e3o, sendo encaminhado ao sistema prisional.   <\/p>\n<p><img decoding=\"async\" src=\"http:\/\/aconteceunovale.com.br\/portal\/wp-content\/uploads\/2017\/05\/explosivos_moc_1.jpg\" alt=\"\" \/><em>Material apreendido em Montes Claros (Foto: Divulga\u00e7\u00e3o\/PCMG)<\/em><br \/>\n<\/br><\/p>\n<p><strong>Vers\u00e3o do suspeito<\/strong><\/p>\n<p>A vers\u00e3o apresentada pelo preso sobre a aquisi\u00e7\u00e3o das bananas de dinamites n\u00e3o convenceu a Pol\u00edcia Civil. Ele alega que os explosivos foram encontrados \u00e0s margens de uma rodovia, na cidade de Francisco S\u00e1.<\/p>\n<p>\u201cA gente sabe que \u00e9 uma hist\u00f3ria que n\u00e3o se sustenta, pois trata-se de produto controlado pelo Ex\u00e9rcito e que tem sido utilizado ultimamente por bandos organizados para explos\u00e3o de caixas eletr\u00f4nicos. Ent\u00e3o esta circunst\u00e2ncia ser\u00e1 investigada a fundo para identificar se ele tem ou n\u00e3o envolvimento com este tipo de crime\u201d.<\/p>\n<p>O delegado afirmou ainda que as caracter\u00edsticas dos materiais apreendidos na casa do suspeito refor\u00e7am o poss\u00edvel envolvimento do preso com quadrilhas especializadas em explos\u00f5es e arrombamentos de caixas eletr\u00f4nicos.<\/p>\n<p>\u201cA espingarda 12 \u00e9 uma arma de grosso calibre e que \u00e9 utilizada por quadrilhas envolvidas em explos\u00f5es de caixas eletr\u00f4nicos, bem como as dinamites. Isso nos leva a crer que realmente ele possui envolvimento com esta atividade criminosa\u201d, afirma Ruas.<\/p>\n<p><img decoding=\"async\" src=\"http:\/\/aconteceunovale.com.br\/portal\/wp-content\/uploads\/2017\/05\/explosivos_moc_2.jpg\" alt=\"\" \/><em>Suspeito foi apresentado nesta quinta-feira (Foto: Divulga\u00e7\u00e3o\/PCMG)<\/em><br \/>\n<\/br><\/p>\n<p><strong>VER PRIMEIRO<\/strong><\/p>\n<p><strong>Receba as not\u00edcias do Aconteceu no Vale em primeira m\u00e3o. Clique em curtir no endere\u00e7o <a href=\"https:\/\/www.facebook.com\/aconteceunovale\" target=\"_blank\"><font color=\"red\">www.facebook.com\/aconteceunovale<\/font><\/a> ou no box abaixo:<\/strong><\/p>\n<div class=\"fb-like\" data-href=\"https:\/\/www.facebook.com\/aconteceunovale\" data-width=\"120\" data-layout=\"standard\" data-action=\"like\" data-size=\"small\" data-show-faces=\"true\" data-share=\"true\"><\/div>\n<p><\/br><\/p>\n<p><em>(Com informa\u00e7\u00f5es da PCMG e G1 Grande Minas)<\/em><\/p>\n","protected":false},"excerpt":{"rendered":"<p>A Pol\u00edcia Civil de Minas Gerais, em Montes Claros, apresentou nesta quinta-feira (11) \u00e0 imprensa a conclus\u00e3o da investiga\u00e7\u00e3o que apurou den\u00fancia an\u00f4nima dando conta da exist\u00eancia de um ve\u00edculo clonado, Ford\/Fiesta, o qual estava estacionado no interior de um edif\u00edcio no bairro Funcion\u00e1rios. A equipe de investigadores compareceu ao local da dilig\u00eancia, realizando buscas [&hellip;]<\/p>\n","protected":false},"author":1,"featured_media":114775,"comment_status":"open","ping_status":"closed","sticky":false,"template":"","format":"standard","meta":{"amp_status":"","footnotes":""},"categories":[1236],"tags":[148820,148824,148821,148822,148823,210,44644,148819],"class_list":["post-114772","post","type-post","status-publish","format-standard","has-post-thumbnail","hentry","category-norte_de_minas","tag-apreensao-de-explosivos-em-montes-claros","tag-explosivos-apreendidos-em-montes-claros-tem-capacidade-para-destruir-um-predio","tag-explosivos-aprendidos-em-montes-claros","tag-hebron-webert-oliveira-santos","tag-herivelton-ruas","tag-montes-claros","tag-policia-civil-de-minas-gerais","tag-preso-com-explosivos-em-montes-claros"],"_links":{"self":[{"href":"https:\/\/aconteceunovale.com.br\/portal\/index.php?rest_route=\/wp\/v2\/posts\/114772","targetHints":{"allow":["GET"]}}],"collection":[{"href":"https:\/\/aconteceunovale.com.br\/portal\/index.php?rest_route=\/wp\/v2\/posts"}],"about":[{"href":"https:\/\/aconteceunovale.com.br\/portal\/index.php?rest_route=\/wp\/v2\/types\/post"}],"author":[{"embeddable":true,"href":"https:\/\/aconteceunovale.com.br\/portal\/index.php?rest_route=\/wp\/v2\/users\/1"}],"replies":[{"embeddable":true,"href":"https:\/\/aconteceunovale.com.br\/portal\/index.php?rest_route=%2Fwp%2Fv2%2Fcomments&post=114772"}],"version-history":[{"count":0,"href":"https:\/\/aconteceunovale.com.br\/portal\/index.php?rest_route=\/wp\/v2\/posts\/114772\/revisions"}],"wp:featuredmedia":[{"embeddable":true,"href":"https:\/\/aconteceunovale.com.br\/portal\/index.php?rest_route=\/wp\/v2\/media\/114775"}],"wp:attachment":[{"href":"https:\/\/aconteceunovale.com.br\/portal\/index.php?rest_route=%2Fwp%2Fv2%2Fmedia&parent=114772"}],"wp:term":[{"taxonomy":"category","embeddable":true,"href":"https:\/\/aconteceunovale.com.br\/portal\/index.php?rest_route=%2Fwp%2Fv2%2Fcategories&post=114772"},{"taxonomy":"post_tag","embeddable":true,"href":"https:\/\/aconteceunovale.com.br\/portal\/index.php?rest_route=%2Fwp%2Fv2%2Ftags&post=114772"}],"curies":[{"name":"wp","href":"https:\/\/api.w.org\/{rel}","templated":true}]}}