{"id":114762,"date":"2017-05-11T18:31:00","date_gmt":"2017-05-11T20:31:00","guid":{"rendered":"http:\/\/aconteceunovale.com.br\/portal\/?p=114762"},"modified":"2017-05-11T18:31:00","modified_gmt":"2017-05-11T20:31:00","slug":"temer-sanciona-lei-que-preve-implantacao-de-documento-unico","status":"publish","type":"post","link":"https:\/\/aconteceunovale.com.br\/portal\/?p=114762","title":{"rendered":"Temer sanciona lei que prev\u00ea implanta\u00e7\u00e3o de documento \u00fanico"},"content":{"rendered":"<p>O presidente Michel Temer sancionou na tarde de hoje (11) a lei que institui a Identifica\u00e7\u00e3o Civil Nacional (ICN), criada com o objetivo de unificar os cerca de 22 documentos de identifica\u00e7\u00e3o usados no Brasil e dificultar a falsifica\u00e7\u00e3o que, anualmente, gera preju\u00edzos de R$ 60 bilh\u00f5es. De acordo com o relator do projeto, deputado J\u00falio Lopes (PP-RJ), apenas passaporte e Carteira Nacional de Habilita\u00e7\u00e3o n\u00e3o ser\u00e3o substitu\u00eddos pelo novo documento.<\/p>\n<p>Al\u00e9m de foto, esse documento ter\u00e1 tamb\u00e9m um cadastro biom\u00e9trico que est\u00e1 sendo organizado pela Justi\u00e7a Eleitoral por meio dos registros feitos para o t\u00edtulo de eleitor. \u201cEst\u00e1 sendo estudada tamb\u00e9m a possibilidade de instalarmos algum aparato tecnol\u00f3gico como chip [para dar mais seguran\u00e7a ao documento]\u201d, disse o deputado.<\/p>\n<p>Segundo o deputado, n\u00e3o ser\u00e1 necess\u00e1ria a troca do documento que ainda estiver v\u00e1lido. Entre os vetos ao projeto, est\u00e1 o que garantia a gratuidade da nova identifica\u00e7\u00e3o. \u201cFoi vetada a gratuidade deste documento, por causa das dificuldades do Brasil de hoje. Mas a lei foi constru\u00edda sem a necessidade de troca do documento que ainda estiver v\u00e1lido\u201d, acrescentou.<\/p>\n<p>Tamb\u00e9m foi vetado o artigo que dava \u00e0 Casa da Moeda a exclusividade para a implanta\u00e7\u00e3o e fornecimento do documento. \u201cEla, no entanto, participar\u00e1 do fornecimento. Apenas n\u00e3o ser\u00e1 feito de forma exclusiva\u201d, explicou Lopes.<\/p>\n<p>Um dos entusiastas do projeto \u00e9 o presidente do Servi\u00e7o Brasileiro de Apoio \u00e0s Micro e Pequenas Empresas (Sebrae), Guilherme Afif Domingues. Ele explica que com a nova documenta\u00e7\u00e3o ser\u00e1 poss\u00edvel amenizar os preju\u00edzos causados no pa\u00eds por conta de fraudes por dupla, tripla ou falsidade de identifica\u00e7\u00e3o. &#8220;A tend\u00eancia \u00e9 unificar, a partir de mais um n\u00famero, que englobar\u00e1 os demais referentes aos outros documentos. As pessoas v\u00e3o entender que este n\u00famero ser\u00e1 o mais confi\u00e1vel para a identifica\u00e7\u00e3o do cidad\u00e3o&#8221;, disse Afif.<\/p>\n<p>Segundo ele, primeiramente, ser\u00e1 feito um cadastro central e, s\u00f3 depois, ao longo do tempo, a unifica\u00e7\u00e3o do n\u00famero. &#8220;A previs\u00e3o inicial era de que concluiremos o cadastro entre os anos de 2020 e 2021&#8221;, acrescentou o presidente do Sebrae.<\/p>\n<p><strong>VER PRIMEIRO<\/strong><\/p>\n<p><strong>Receba as not\u00edcias do Aconteceu no Vale em primeira m\u00e3o. Clique em curtir no endere\u00e7o <a href=\"https:\/\/www.facebook.com\/aconteceunovale\" target=\"_blank\"><font color=\"red\">www.facebook.com\/aconteceunovale<\/font><\/a> ou no box abaixo:<\/strong><\/p>\n<div class=\"fb-like\" data-href=\"https:\/\/www.facebook.com\/aconteceunovale\" data-width=\"120\" data-layout=\"standard\" data-action=\"like\" data-size=\"small\" data-show-faces=\"true\" data-share=\"true\"><\/div>\n<p><\/br><\/p>\n<p><em>(Fonte: Ag\u00eancia Brasil)<\/em><\/p>\n","protected":false},"excerpt":{"rendered":"<p>O presidente Michel Temer sancionou na tarde de hoje (11) a lei que institui a Identifica\u00e7\u00e3o Civil Nacional (ICN), criada com o objetivo de unificar os cerca de 22 documentos de identifica\u00e7\u00e3o usados no Brasil e dificultar a falsifica\u00e7\u00e3o que, anualmente, gera preju\u00edzos de R$ 60 bilh\u00f5es. De acordo com o relator do projeto, deputado [&hellip;]<\/p>\n","protected":false},"author":1,"featured_media":114763,"comment_status":"open","ping_status":"closed","sticky":false,"template":"","format":"standard","meta":{"amp_status":"","footnotes":""},"categories":[6],"tags":[145578,22942,27752,1018,145575,145579,65591,145577,74963,148814,145576,20181,21938,145574,148813],"class_list":["post-114762","post","type-post","status-publish","format-standard","has-post-thumbnail","hentry","category-br","tag-cadastro-de-pessoa-fisica","tag-carteira-nacional-de-habilitacao","tag-cpf","tag-destaque","tag-documento-de-identificacao-nacional","tag-documento-unico","tag-documentos","tag-egistro-geral","tag-falsificacao","tag-identificacao-civil-nacional","tag-lei-que-cria-documento-de-identificacao-nacional","tag-michel-temer","tag-senado","tag-senado-aprova-lei-que-cria-documento-de-identificacao-nacional","tag-temer-sanciona-lei-que-preve-implantacao-de-documento-unico"],"_links":{"self":[{"href":"https:\/\/aconteceunovale.com.br\/portal\/index.php?rest_route=\/wp\/v2\/posts\/114762","targetHints":{"allow":["GET"]}}],"collection":[{"href":"https:\/\/aconteceunovale.com.br\/portal\/index.php?rest_route=\/wp\/v2\/posts"}],"about":[{"href":"https:\/\/aconteceunovale.com.br\/portal\/index.php?rest_route=\/wp\/v2\/types\/post"}],"author":[{"embeddable":true,"href":"https:\/\/aconteceunovale.com.br\/portal\/index.php?rest_route=\/wp\/v2\/users\/1"}],"replies":[{"embeddable":true,"href":"https:\/\/aconteceunovale.com.br\/portal\/index.php?rest_route=%2Fwp%2Fv2%2Fcomments&post=114762"}],"version-history":[{"count":0,"href":"https:\/\/aconteceunovale.com.br\/portal\/index.php?rest_route=\/wp\/v2\/posts\/114762\/revisions"}],"wp:featuredmedia":[{"embeddable":true,"href":"https:\/\/aconteceunovale.com.br\/portal\/index.php?rest_route=\/wp\/v2\/media\/114763"}],"wp:attachment":[{"href":"https:\/\/aconteceunovale.com.br\/portal\/index.php?rest_route=%2Fwp%2Fv2%2Fmedia&parent=114762"}],"wp:term":[{"taxonomy":"category","embeddable":true,"href":"https:\/\/aconteceunovale.com.br\/portal\/index.php?rest_route=%2Fwp%2Fv2%2Fcategories&post=114762"},{"taxonomy":"post_tag","embeddable":true,"href":"https:\/\/aconteceunovale.com.br\/portal\/index.php?rest_route=%2Fwp%2Fv2%2Ftags&post=114762"}],"curies":[{"name":"wp","href":"https:\/\/api.w.org\/{rel}","templated":true}]}}