{"id":114756,"date":"2017-05-11T18:02:16","date_gmt":"2017-05-11T20:02:16","guid":{"rendered":"http:\/\/aconteceunovale.com.br\/portal\/?p=114756"},"modified":"2017-05-11T18:02:16","modified_gmt":"2017-05-11T20:02:16","slug":"inscricoes-abertas-para-selecao-de-estagiarios-do-mpf-em-18-municipios-mineiros","status":"publish","type":"post","link":"https:\/\/aconteceunovale.com.br\/portal\/?p=114756","title":{"rendered":"Inscri\u00e7\u00f5es abertas para sele\u00e7\u00e3o de estagi\u00e1rios do MPF em 18 munic\u00edpios mineiros"},"content":{"rendered":"<p>Encontram-se abertas as inscri\u00e7\u00f5es, de 11 a 30 de maio, para a sele\u00e7\u00e3o p\u00fablica de estagi\u00e1rios do Minist\u00e9rio P\u00fablico Federal (MPF). Estudantes do curso de Direito poder\u00e3o inscrever-se em 18 munic\u00edpios do estado: Belo Horizonte, Divin\u00f3polis, Governador Valadares, Ipatinga, Juiz de Fora, Manhua\u00e7u, Montes Claros, Paracatu, Passos, Patos de Minas, Pouso Alegre, S\u00e3o Jo\u00e3o del-Rei, Sete Lagoas, Te\u00f3filo Otoni, Uberaba, Uberl\u00e2ndia, Varginha e Vi\u00e7osa.<\/p>\n<p>Em Belo Horizonte, tamb\u00e9m haver\u00e1 vagas para estudantes de Arquitetura, Comunica\u00e7\u00e3o Social e Inform\u00e1tica.<\/p>\n<p>Os estagi\u00e1rios do MPF cumprem carga hor\u00e1ria de quatro horas di\u00e1rias e recebem bolsa de R$ 850,00, mais aux\u00edlio-transporte no valor de R$ 7,00 por dia trabalhado. Os estagi\u00e1rios tamb\u00e9m t\u00eam direito a 30 dias de f\u00e9rias para cada ano contratado, sem preju\u00edzo da bolsa.<\/p>\n<p>O concurso tamb\u00e9m prev\u00ea reserva de 10% das vagas \u00e0s pessoas com defici\u00eancia e de 10% pelo Sistema de Cotas para Minorias \u00c9tnico-Raciais.<\/p>\n<p><strong>Edital<\/strong><\/p>\n<p>A rela\u00e7\u00e3o das institui\u00e7\u00f5es conveniadas com o MPF, assim como os editais, podem ser consultados atrav\u00e9s do link\u00a0<a title=\"http:\/\/www.prmg.mpf.mp.br\/concursos\/estagiario\" href=\"http:\/\/www.prmg.mpf.mp.br\/concursos\/estagiario\" target=\"_self\">http:\/\/www.prmg.mpf.mp.br\/concursos\/estagiario<\/a>.<\/p>\n<p>Para realizar a pr\u00e9-inscri\u00e7\u00e3o, o candidato dever\u00e1 efetuar um cadastro no site do MPF. Ap\u00f3s receber a confirma\u00e7\u00e3o da inscri\u00e7\u00e3o, \u00e9 necess\u00e1rio comparecer \u00e0 sede da respectiva unidade do Minist\u00e9rio P\u00fablico Federal, at\u00e9 o dia 31 de maio, para apresentar a documenta\u00e7\u00e3o exigida.<\/p>\n<p><strong>VER PRIMEIRO<\/strong><\/p>\n<p><strong>Receba as not\u00edcias do Aconteceu no Vale em primeira m\u00e3o. Clique em curtir no endere\u00e7o <a href=\"https:\/\/www.facebook.com\/aconteceunovale\" target=\"_blank\"><font color=\"red\">www.facebook.com\/aconteceunovale<\/font><\/a> ou no box abaixo:<\/strong><\/p>\n<div class=\"fb-like\" data-href=\"https:\/\/www.facebook.com\/aconteceunovale\" data-width=\"120\" data-layout=\"standard\" data-action=\"like\" data-size=\"small\" data-show-faces=\"true\" data-share=\"true\"><\/div>\n<p><\/br><\/p>\n<p><em>(Fonte: MPF\/MG)<\/em><\/p>\n","protected":false},"excerpt":{"rendered":"<p>Encontram-se abertas as inscri\u00e7\u00f5es, de 11 a 30 de maio, para a sele\u00e7\u00e3o p\u00fablica de estagi\u00e1rios do Minist\u00e9rio P\u00fablico Federal (MPF). Estudantes do curso de Direito poder\u00e3o inscrever-se em 18 munic\u00edpios do estado: Belo Horizonte, Divin\u00f3polis, Governador Valadares, Ipatinga, Juiz de Fora, Manhua\u00e7u, Montes Claros, Paracatu, Passos, Patos de Minas, Pouso Alegre, S\u00e3o Jo\u00e3o del-Rei, [&hellip;]<\/p>\n","protected":false},"author":1,"featured_media":114757,"comment_status":"open","ping_status":"closed","sticky":false,"template":"","format":"standard","meta":{"amp_status":"","footnotes":""},"categories":[121,123,1236,122],"tags":[194,199,148806,44091,44090,247,148805,201,206,209,5667,210,18887,212,213,214,216,218,148804,148807,1532,164,220,221,223,18771],"class_list":["post-114756","post","type-post","status-publish","format-standard","has-post-thumbnail","hentry","category-leste","category-gerais","category-norte_de_minas","category-mucuri","tag-belo-horizonte","tag-divinopolis","tag-estagiarios-mpf","tag-estagio-no-ministerio-publico-federal","tag-estagio-no-mpf","tag-governador-valadares","tag-inscricoes-abertas-para-selecao-de-estagiarios-do-mpf-em-18-municipios-mineiros","tag-ipatinga","tag-juiz-de-fora","tag-manhuacu","tag-ministerio-publico-federal","tag-montes-claros","tag-mpf","tag-paracatu","tag-passos","tag-patos-de-minas","tag-pouso-alegre","tag-sao-joao-del-rei","tag-selecao-de-estagiarios-ministerio-publico-federal","tag-selecao-de-estagiarios-mpf","tag-sete-lagoas","tag-teofilo-otoni","tag-uberaba","tag-uberlandia","tag-varginha","tag-vicosa"],"_links":{"self":[{"href":"https:\/\/aconteceunovale.com.br\/portal\/index.php?rest_route=\/wp\/v2\/posts\/114756","targetHints":{"allow":["GET"]}}],"collection":[{"href":"https:\/\/aconteceunovale.com.br\/portal\/index.php?rest_route=\/wp\/v2\/posts"}],"about":[{"href":"https:\/\/aconteceunovale.com.br\/portal\/index.php?rest_route=\/wp\/v2\/types\/post"}],"author":[{"embeddable":true,"href":"https:\/\/aconteceunovale.com.br\/portal\/index.php?rest_route=\/wp\/v2\/users\/1"}],"replies":[{"embeddable":true,"href":"https:\/\/aconteceunovale.com.br\/portal\/index.php?rest_route=%2Fwp%2Fv2%2Fcomments&post=114756"}],"version-history":[{"count":0,"href":"https:\/\/aconteceunovale.com.br\/portal\/index.php?rest_route=\/wp\/v2\/posts\/114756\/revisions"}],"wp:featuredmedia":[{"embeddable":true,"href":"https:\/\/aconteceunovale.com.br\/portal\/index.php?rest_route=\/wp\/v2\/media\/114757"}],"wp:attachment":[{"href":"https:\/\/aconteceunovale.com.br\/portal\/index.php?rest_route=%2Fwp%2Fv2%2Fmedia&parent=114756"}],"wp:term":[{"taxonomy":"category","embeddable":true,"href":"https:\/\/aconteceunovale.com.br\/portal\/index.php?rest_route=%2Fwp%2Fv2%2Fcategories&post=114756"},{"taxonomy":"post_tag","embeddable":true,"href":"https:\/\/aconteceunovale.com.br\/portal\/index.php?rest_route=%2Fwp%2Fv2%2Ftags&post=114756"}],"curies":[{"name":"wp","href":"https:\/\/api.w.org\/{rel}","templated":true}]}}