{"id":114754,"date":"2017-05-11T17:56:18","date_gmt":"2017-05-11T19:56:18","guid":{"rendered":"http:\/\/aconteceunovale.com.br\/portal\/?p=114754"},"modified":"2017-05-11T18:23:26","modified_gmt":"2017-05-11T20:23:26","slug":"tse-aprova-registro-de-candidato-a-prefeito-mais-votado-em-joanesia","status":"publish","type":"post","link":"https:\/\/aconteceunovale.com.br\/portal\/?p=114754","title":{"rendered":"Candidato a prefeito mais votado de Joan\u00e9sia tem registro aprovado pelo TSE"},"content":{"rendered":"<p>Decis\u00e3o un\u00e2nime do Plen\u00e1rio do Tribunal Superior Eleitoral (TSE) reverteu, na sess\u00e3o desta quinta-feira (11\/05\/2017), o indeferimento do registro de candidatura de Denilson Andrade de Assis, que foi o candidato mais votado a prefeito de Joan\u00e9sia, em Minas Gerais. Os ministros afastaram a decis\u00e3o que declarou Den\u00edlson ineleg\u00edvel por suposta rejei\u00e7\u00e3o de contas p\u00fablicas, devido a irregularidades insan\u00e1veis. Na elei\u00e7\u00e3o de 2016, Denilson de Assis obteve 1.839 votos, o que corresponde a 46,70% dos votos dados a candidatos ao cargo.<\/p>\n<p>Ao acolher o recurso do candidato, a relatora, ministra Rosa Weber, afirmou que o indeferimento do registro de Den\u00edlson pelo Tribunal Regional Eleitoral de Minas Gerais (TRE-MG) baseou-se em rejei\u00e7\u00e3o das contas p\u00fablicas de 2011 e 2012 pela C\u00e2mara de Vereadores.<\/p>\n<p>\u201cOcorre que o parecer do Tribunal de Contas fora pela aprova\u00e7\u00e3o das contas relativas a 2011 e 2012. \u00c9 certo que este parecer n\u00e3o \u00e9 vinculativo. Mas entendemos aqui, em mais de uma oportunidade, que o parecer pr\u00e9vio \u00e9 condi\u00e7\u00e3o de procedibilidade do exame para a aten\u00e7\u00e3o ao devido processo legal. No caso, ele n\u00e3o foi observado\u201d, destacou a ministra, ao prover o recurso do candidato.<\/p>\n<p><strong>VER PRIMEIRO<\/strong><\/p>\n<p><strong>Receba as not\u00edcias do Aconteceu no Vale em primeira m\u00e3o. Clique em curtir no endere\u00e7o <a href=\"https:\/\/www.facebook.com\/aconteceunovale\" target=\"_blank\"><font color=\"red\">www.facebook.com\/aconteceunovale<\/font><\/a> ou no box abaixo:<\/strong><\/p>\n<div class=\"fb-like\" data-href=\"https:\/\/www.facebook.com\/aconteceunovale\" data-width=\"120\" data-layout=\"standard\" data-action=\"like\" data-size=\"small\" data-show-faces=\"true\" data-share=\"true\"><\/div>\n<p><\/br><\/p>\n<p><em>(Fonte: TRE-MG \/ TSE)<\/em><\/p>\n","protected":false},"excerpt":{"rendered":"<p>Decis\u00e3o un\u00e2nime do Plen\u00e1rio do Tribunal Superior Eleitoral (TSE) reverteu, na sess\u00e3o desta quinta-feira (11\/05\/2017), o indeferimento do registro de candidatura de Denilson Andrade de Assis, que foi o candidato mais votado a prefeito de Joan\u00e9sia, em Minas Gerais. Os ministros afastaram a decis\u00e3o que declarou Den\u00edlson ineleg\u00edvel por suposta rejei\u00e7\u00e3o de contas p\u00fablicas, devido [&hellip;]<\/p>\n","protected":false},"author":1,"featured_media":27711,"comment_status":"open","ping_status":"closed","sticky":false,"template":"","format":"standard","meta":{"amp_status":"","footnotes":""},"categories":[123],"tags":[148808,148803,125071,49759,125074,148802,125073,125072,777,148801,125075,148800],"class_list":["post-114754","post","type-post","status-publish","format-standard","has-post-thumbnail","hentry","category-gerais","tag-candidato-a-prefeito-mais-votado-de-joanesia-tem-registro-aprovado-pelo-tse","tag-candidato-a-prefeito-mais-votado-em-joanesia","tag-candidato-a-prefeito-mais-votado-em-joanesia-e-indeferido-pelo-justica-eleitoral","tag-denilson-andrade-de-assis","tag-eleicoes-2016-em-joanesia","tag-eleito-em-joanesia","tag-eleito-em-joanesia-e-indeferido","tag-indeferimento-do-prefeito-eleito-em-joanesia","tag-joanesia","tag-mais-votado-em-joanesia","tag-prefeito-eleito-em-joanesia","tag-tse-aprova-registro-de-candidato-a-prefeito-mais-votado-em-joanesia"],"_links":{"self":[{"href":"https:\/\/aconteceunovale.com.br\/portal\/index.php?rest_route=\/wp\/v2\/posts\/114754","targetHints":{"allow":["GET"]}}],"collection":[{"href":"https:\/\/aconteceunovale.com.br\/portal\/index.php?rest_route=\/wp\/v2\/posts"}],"about":[{"href":"https:\/\/aconteceunovale.com.br\/portal\/index.php?rest_route=\/wp\/v2\/types\/post"}],"author":[{"embeddable":true,"href":"https:\/\/aconteceunovale.com.br\/portal\/index.php?rest_route=\/wp\/v2\/users\/1"}],"replies":[{"embeddable":true,"href":"https:\/\/aconteceunovale.com.br\/portal\/index.php?rest_route=%2Fwp%2Fv2%2Fcomments&post=114754"}],"version-history":[{"count":0,"href":"https:\/\/aconteceunovale.com.br\/portal\/index.php?rest_route=\/wp\/v2\/posts\/114754\/revisions"}],"wp:featuredmedia":[{"embeddable":true,"href":"https:\/\/aconteceunovale.com.br\/portal\/index.php?rest_route=\/wp\/v2\/media\/27711"}],"wp:attachment":[{"href":"https:\/\/aconteceunovale.com.br\/portal\/index.php?rest_route=%2Fwp%2Fv2%2Fmedia&parent=114754"}],"wp:term":[{"taxonomy":"category","embeddable":true,"href":"https:\/\/aconteceunovale.com.br\/portal\/index.php?rest_route=%2Fwp%2Fv2%2Fcategories&post=114754"},{"taxonomy":"post_tag","embeddable":true,"href":"https:\/\/aconteceunovale.com.br\/portal\/index.php?rest_route=%2Fwp%2Fv2%2Ftags&post=114754"}],"curies":[{"name":"wp","href":"https:\/\/api.w.org\/{rel}","templated":true}]}}