{"id":114747,"date":"2017-05-11T17:28:27","date_gmt":"2017-05-11T19:28:27","guid":{"rendered":"http:\/\/aconteceunovale.com.br\/portal\/?p=114747"},"modified":"2017-05-11T17:28:27","modified_gmt":"2017-05-11T19:28:27","slug":"governador-assina-ordem-de-servico-para-implantacao-de-ete-em-timoteo","status":"publish","type":"post","link":"https:\/\/aconteceunovale.com.br\/portal\/?p=114747","title":{"rendered":"Governador assina ordem de servi\u00e7o para implanta\u00e7\u00e3o de ETE em Tim\u00f3teo"},"content":{"rendered":"<p>O governador Fernando Pimentel assinou, nesta quinta-feira (11\/5), no Pal\u00e1cio Liberdade, em Belo Horizonte, despacho que define como prioridade investimento de R$ 38,9 milh\u00f5es para o in\u00edcio das obras de implementa\u00e7\u00e3o do sistema de esgotamento sanit\u00e1rio do munic\u00edpio de Tim\u00f3teo, no Territ\u00f3rio Vale do A\u00e7o, pela Copasa.  As obras incluem a implanta\u00e7\u00e3o de esta\u00e7\u00e3o de tratamento de esgoto (ETE) e t\u00eam previs\u00e3o de t\u00e9rmino em julho de 2018.<\/p>\n<p>O prefeito de Tim\u00f3teo, Geraldo Hil\u00e1rio, destaca a import\u00e2ncia dessa a\u00e7\u00e3o para a sa\u00fade p\u00fablica do munic\u00edpio. \u201cSomos 87 mil habitantes e n\u00e3o t\u00ednhamos rede de esgoto. Eu sou m\u00e9dico pediatra e vejo como um grande passo para a sa\u00fade e controle de doen\u00e7as em Tim\u00f3teo. Al\u00e9m disso, fico honrado em fechar o ciclo assinando a ETE hoje. Essa obra tamb\u00e9m vai criar empregos e potencializar o com\u00e9rcio na cidade\u201d, comemora o prefeito, idealizador do projeto de lei de concess\u00e3o dos servi\u00e7os para a Copasa.<\/p>\n<p>A presidente da Copasa, Sinara In\u00e1cio Meireles, explica que o conv\u00eanio \u00e9 uma complementa\u00e7\u00e3o das obras j\u00e1 iniciadas pela autarquia, que beneficiar\u00e3o Tim\u00f3teo. \u201cA Copasa tem como obriga\u00e7\u00e3o tratar os esgotos. N\u00f3s estamos tentando suprir os d\u00e9ficits hist\u00f3ricos que existem em v\u00e1rios munic\u00edpios de Minas Gerais, iniciando o tratamento em diversas cidades. Em Tim\u00f3teo, as a\u00e7\u00f5es ser\u00e3o n\u00e3o s\u00f3 na esta\u00e7\u00e3o de tratamento de esgoto, mas tamb\u00e9m em redes de receptores e de todo o sistema de esgotamento sanit\u00e1rio\u201d, diz Sinara Meireles.<\/p>\n<p>Do investimento previsto, R$ 18,1 milh\u00f5es ser\u00e3o utilizados na implanta\u00e7\u00e3o da ETE e outros R$ 20,8 milh\u00f5es para conclus\u00e3o das demais obras previstas na amplia\u00e7\u00e3o do sistema de esgotamento sanit\u00e1rio do munic\u00edpio de Tim\u00f3teo.<\/p>\n<p>A ETE ter\u00e1 capacidade de tratamento de 183 litros por segundo (compreendendo tratamento preliminar mecanizado, reatores UASB, casa de desidrata\u00e7\u00e3o e tanque de lodo, laborat\u00f3rio, leito de secagem e queimador de g\u00e1s) e a complementa\u00e7\u00e3o do sistema com interliga\u00e7\u00f5es, emiss\u00e1rios, interceptores e elevat\u00f3rias.<\/p>\n<p>Para o deputado estadual Celinho do Sinttrocell, que participou da reuni\u00e3o, a constru\u00e7\u00e3o da ETE \u201c\u00e9 uma vit\u00f3ria de uma batalha que come\u00e7ou em 2009, quando foi garantido o direito ao tratamento de esgoto em Tim\u00f3teo\u201d.<\/p>\n<p><strong>Hist\u00f3rico<\/strong><\/p>\n<p>A Copasa iniciou em junho de 2014 a opera\u00e7\u00e3o do sistema de esgotamento sanit\u00e1rio de Tim\u00f3teo e, em outubro daquele ano, realizou processo licitat\u00f3rio para contrata\u00e7\u00e3o das obras de amplia\u00e7\u00e3o.<\/p>\n<p>As obras de redes coletoras, interceptores, esta\u00e7\u00f5es elevat\u00f3rias e linhas de recalque, tiveram licenciamento ambiental fornecido pela Prefeitura Municipal. Nestas interven\u00e7\u00f5es \u2013 iniciadas em junho de 2015 \u2013 a Copasa j\u00e1 investiu cerca de R$ 40,5 milh\u00f5es.<\/p>\n<p><img decoding=\"async\" src=\"http:\/\/aconteceunovale.com.br\/portal\/wp-content\/uploads\/2017\/05\/ete_timoteo.jpg\" alt=\"\" \/><em>Pimentel assinou o despacho no Pal\u00e1cio Liberdade (Marcelo Sant&#8217;Anna\/Imprensa MG)<\/em><br \/>\n<\/br><\/p>\n<p><strong>VER PRIMEIRO<\/strong><\/p>\n<p><strong>Receba as not\u00edcias do Aconteceu no Vale em primeira m\u00e3o. Clique em curtir no endere\u00e7o <a href=\"https:\/\/www.facebook.com\/aconteceunovale\" target=\"_blank\"><font color=\"red\">www.facebook.com\/aconteceunovale<\/font><\/a> ou no box abaixo:<\/strong><\/p>\n<div class=\"fb-like\" data-href=\"https:\/\/www.facebook.com\/aconteceunovale\" data-width=\"120\" data-layout=\"standard\" data-action=\"like\" data-size=\"small\" data-show-faces=\"true\" data-share=\"true\"><\/div>\n<p><\/br><\/p>\n<p><em>(Fonte: Ag\u00eancia Minas)<\/em><\/p>\n","protected":false},"excerpt":{"rendered":"<p>O governador Fernando Pimentel assinou, nesta quinta-feira (11\/5), no Pal\u00e1cio Liberdade, em Belo Horizonte, despacho que define como prioridade investimento de R$ 38,9 milh\u00f5es para o in\u00edcio das obras de implementa\u00e7\u00e3o do sistema de esgotamento sanit\u00e1rio do munic\u00edpio de Tim\u00f3teo, no Territ\u00f3rio Vale do A\u00e7o, pela Copasa. As obras incluem a implanta\u00e7\u00e3o de esta\u00e7\u00e3o de [&hellip;]<\/p>\n","protected":false},"author":1,"featured_media":114748,"comment_status":"open","ping_status":"closed","sticky":false,"template":"","format":"standard","meta":{"amp_status":"","footnotes":""},"categories":[121],"tags":[148786,148780,12826,131419,148779,29798,148781,148782,148783,45747,148784,148785,1105],"class_list":["post-114747","post","type-post","status-publish","format-standard","has-post-thumbnail","hentry","category-leste","tag-celinho-do-sinttrocell","tag-ete-em-timoteo","tag-fernando-pimentel","tag-geraldo-hilario","tag-governador-assina-ordem-de-servico-para-implantacao-de-ete-em-timoteo","tag-governador-fernando-pimentel","tag-implantacao-de-ete-em-timoteo","tag-instalacao-de-ete-em-timoteo","tag-obras-de-implementacao-do-sistema-de-esgotamento-sanitario-do-municipio-de-timoteo","tag-prefeito-de-timoteo","tag-presidente-da-copasa","tag-sinara-inacio-meireles","tag-timoteo"],"_links":{"self":[{"href":"https:\/\/aconteceunovale.com.br\/portal\/index.php?rest_route=\/wp\/v2\/posts\/114747","targetHints":{"allow":["GET"]}}],"collection":[{"href":"https:\/\/aconteceunovale.com.br\/portal\/index.php?rest_route=\/wp\/v2\/posts"}],"about":[{"href":"https:\/\/aconteceunovale.com.br\/portal\/index.php?rest_route=\/wp\/v2\/types\/post"}],"author":[{"embeddable":true,"href":"https:\/\/aconteceunovale.com.br\/portal\/index.php?rest_route=\/wp\/v2\/users\/1"}],"replies":[{"embeddable":true,"href":"https:\/\/aconteceunovale.com.br\/portal\/index.php?rest_route=%2Fwp%2Fv2%2Fcomments&post=114747"}],"version-history":[{"count":0,"href":"https:\/\/aconteceunovale.com.br\/portal\/index.php?rest_route=\/wp\/v2\/posts\/114747\/revisions"}],"wp:featuredmedia":[{"embeddable":true,"href":"https:\/\/aconteceunovale.com.br\/portal\/index.php?rest_route=\/wp\/v2\/media\/114748"}],"wp:attachment":[{"href":"https:\/\/aconteceunovale.com.br\/portal\/index.php?rest_route=%2Fwp%2Fv2%2Fmedia&parent=114747"}],"wp:term":[{"taxonomy":"category","embeddable":true,"href":"https:\/\/aconteceunovale.com.br\/portal\/index.php?rest_route=%2Fwp%2Fv2%2Fcategories&post=114747"},{"taxonomy":"post_tag","embeddable":true,"href":"https:\/\/aconteceunovale.com.br\/portal\/index.php?rest_route=%2Fwp%2Fv2%2Ftags&post=114747"}],"curies":[{"name":"wp","href":"https:\/\/api.w.org\/{rel}","templated":true}]}}