{"id":114744,"date":"2017-05-11T17:23:41","date_gmt":"2017-05-11T19:23:41","guid":{"rendered":"http:\/\/aconteceunovale.com.br\/portal\/?p=114744"},"modified":"2017-05-11T17:23:41","modified_gmt":"2017-05-11T19:23:41","slug":"cemig-alerta-para-o-risco-de-instalacao-de-antenas-proximas-a-rede-eletrica","status":"publish","type":"post","link":"https:\/\/aconteceunovale.com.br\/portal\/?p=114744","title":{"rendered":"Cemig alerta para o risco de instala\u00e7\u00e3o de antenas pr\u00f3ximas \u00e0 rede el\u00e9trica"},"content":{"rendered":"<p>Em menos de 90 dias, a partir de 26 de julho, o sinal anal\u00f3gico de TV ser\u00e1 desligado em diversas cidades mineiras, e com isso, muitas pessoas ter\u00e3o que instalar novas antenas receptoras para a capta\u00e7\u00e3o do sinal digital.<\/p>\n<p>Dessa forma, a Cemig recomenda que tais instala\u00e7\u00f5es sejam realizadas longe dos fios das redes el\u00e9tricas e que sejam feitas por pessoas devidamente treinadas e habilitadas, e que trabalhem utilizando os corretos EPIs &#8211; Equipamentos de Seguran\u00e7a Individuais &#8211; para evitar quedas e outras les\u00f5es graves.<\/p>\n<p>Nos \u00faltimos dois anos, sete pessoas foram v\u00edtimas deste tipo de acidente na \u00e1rea de concess\u00e3o da Cemig, registrando duas fatalidades em 2016. Segundo o engenheiro da Cemig, Demetrio Venicio Aguiar, os consumidores devem ter aten\u00e7\u00e3o redobrada \u00e0 dist\u00e2ncia da base da antena at\u00e9 a rede el\u00e9trica, que ter\u00e1 que ser maior do que o mastro que a sustenta.<\/p>\n<p>\u201cHavendo necessidade, a estrutura dever\u00e1 ser devidamente estaiada (presas ao ch\u00e3o por cabos), evitando quedas do conjunto devido a ventanias e tempestades. O condutor de sinal de RF (fio da antena) deve ser afixado de forma que o vento n\u00e3o o projete sobre as redes el\u00e9tricas\u201d, informa Demetrio.<\/p>\n<p>De acordo com o engenheiro, outra dica importante \u00e9 que as antenas devem ter altura menor do que os para-raios, ou seja, as antenas dever\u00e3o permanecer dentro do cone de prote\u00e7\u00e3o imagin\u00e1rio (veja imagem abaixo) criado pelos equipamentos de prote\u00e7\u00e3o contra descargas atmosf\u00e9ricas.<\/p>\n<p><img decoding=\"async\" src=\"http:\/\/aconteceunovale.com.br\/portal\/wp-content\/uploads\/2017\/05\/antena_rede_cemig.jpg\" alt=\"\" \/><br \/>\n<\/br><\/p>\n<p>\u201cA inten\u00e7\u00e3o da Cemig \u00e9 alertar sobre poss\u00edveis situa\u00e7\u00f5es de risco e envolver as pessoas na conscientiza\u00e7\u00e3o a respeito da seguran\u00e7a, com a finalidade de se evitar acidentes de natureza el\u00e9trica\u201d, explica Demetrio Aguiar.Acidentes<\/p>\n<p>As ocorr\u00eancias mais comuns acontecem quando os antenistas aproximam ou encostam as antenas ou fios de recep\u00e7\u00e3o (RF) de TV aos cabos das redes de energia, vindo a sofrer descargas el\u00e9tricas com consequ\u00eancias graves, inclusive com diversos casos fatais j\u00e1 registrados.<\/p>\n<p>Al\u00e9m dos instaladores, outras pessoas tamb\u00e9m podem ser v\u00edtimas de acidentes e sofrer eletrocuss\u00e3o, se estiverem tocando ou mesmo pr\u00f3ximas da TV ou receptores no momento do toque das antenas \u00e0 rede.<\/p>\n<p>Em casos de acidente envolvendo redes el\u00e9tricas, a empresa orienta que a popula\u00e7\u00e3o ligue imediatamente para o n\u00famero 116 \u2013 que funciona 24 horas por dia, e aguarde a chegada dos seus t\u00e9cnicos especializados da Cemig.<\/p>\n<p>Al\u00e9m da Cemig, a popula\u00e7\u00e3o tamb\u00e9m pode acionar gratuitamente o Corpo de Bombeiros ou a Pol\u00edcia Militar: o telefone dos Bombeiros \u00e9 193, e o da PM \u00e9 190.<\/p>\n<p><strong>Confira outras dicas de seguran\u00e7a:<\/strong><\/p>\n<p><strong>Obras em via p\u00fablica e transporte de m\u00e1quinas ou equipamentos de grande porte<\/strong><\/p>\n<p>\u2022 Observar a exist\u00eancia de rede el\u00e9trica e tomar cuidado para n\u00e3o se aproximar dela. H\u00e1 risco de choque el\u00e9trico grave.<\/p>\n<p>\u2022 N\u00e3o trafegar sob a rede el\u00e9trica se a altura do ve\u00edculo somada \u00e0 altura da carga transportada for igual ou maior do que a dos fios el\u00e9tricos, pois, al\u00e9m do risco de choque el\u00e9trico, h\u00e1 o perigo de colis\u00e3o com os fios.<\/p>\n<p><strong>Cuidados em casa ou no campo<\/strong><\/p>\n<p>\u2022 N\u00e3o ligar aparelhos el\u00e9tricos pr\u00f3ximo a duchas ou piscinas.<\/p>\n<p>\u2022Evitar improvisos (gambiarras), uma vez que eles aumentam o risco de acidentes com a rede el\u00e9trica.<\/p>\n<p>\u2022 Evitar o uso de T ou Benjamim, pois o risco de sobrecarga e at\u00e9 princ\u00edpios de inc\u00eandio \u00e9 muito grande.<\/p>\n<p><strong>Queda de \u00e1rvores sobre a rede el\u00e9trica<\/strong><\/p>\n<p>\u2022 N\u00e3o tentar retirar os galhos do caminho, pois estes podem esconder fios partidos que podem estar energizados. A pessoa poder\u00e1 tomar um choque se houver contato com o fio partido ou mesmo com o pr\u00f3prio galho da \u00e1rvore. Avise a Cemig imediatamente em caso de \u00e1rvore ca\u00edda sobre a rede el\u00e9trica.<\/p>\n<p><strong>Fios Partidos<\/strong><\/p>\n<p>\u2022 N\u00e3o se aproxime dos fios partidos e impe\u00e7a que outras pessoas se aproximem ou toquem nesses fios. Avise a Cemig imediatamente atrav\u00e9s do telefone 116.<\/p>\n<p><strong>VER PRIMEIRO<\/strong><\/p>\n<p><strong>Receba as not\u00edcias do Aconteceu no Vale em primeira m\u00e3o. Clique em curtir no endere\u00e7o <a href=\"https:\/\/www.facebook.com\/aconteceunovale\" target=\"_blank\"><font color=\"red\">www.facebook.com\/aconteceunovale<\/font><\/a> ou no box abaixo:<\/strong><\/p>\n<div class=\"fb-like\" data-href=\"https:\/\/www.facebook.com\/aconteceunovale\" data-width=\"120\" data-layout=\"standard\" data-action=\"like\" data-size=\"small\" data-show-faces=\"true\" data-share=\"true\"><\/div>\n<p><\/br><\/p>\n<p><em>(Fonte: Ag\u00eancia Minas)<\/em><\/p>\n","protected":false},"excerpt":{"rendered":"<p>Em menos de 90 dias, a partir de 26 de julho, o sinal anal\u00f3gico de TV ser\u00e1 desligado em diversas cidades mineiras, e com isso, muitas pessoas ter\u00e3o que instalar novas antenas receptoras para a capta\u00e7\u00e3o do sinal digital. Dessa forma, a Cemig recomenda que tais instala\u00e7\u00f5es sejam realizadas longe dos fios das redes el\u00e9tricas [&hellip;]<\/p>\n","protected":false},"author":1,"featured_media":114745,"comment_status":"open","ping_status":"closed","sticky":false,"template":"","format":"standard","meta":{"amp_status":"","footnotes":""},"categories":[123],"tags":[62534,148777,347,148775,25641,148778,148776],"class_list":["post-114744","post","type-post","status-publish","format-standard","has-post-thumbnail","hentry","category-gerais","tag-alerta-cemig","tag-alerta-para-o-risco-de-instalacao-de-antenas-proximas-a-rede-eletrica","tag-cemig","tag-cemig-alerta-para-o-risco-de-instalacao-de-antenas-proximas-a-rede-eletrica","tag-demetrio-venicio-aguiar","tag-dicas-de-seguranca-para-instalacao-de-antena","tag-risco-de-instalacao-de-antenas-proximas-a-rede-eletrica"],"_links":{"self":[{"href":"https:\/\/aconteceunovale.com.br\/portal\/index.php?rest_route=\/wp\/v2\/posts\/114744","targetHints":{"allow":["GET"]}}],"collection":[{"href":"https:\/\/aconteceunovale.com.br\/portal\/index.php?rest_route=\/wp\/v2\/posts"}],"about":[{"href":"https:\/\/aconteceunovale.com.br\/portal\/index.php?rest_route=\/wp\/v2\/types\/post"}],"author":[{"embeddable":true,"href":"https:\/\/aconteceunovale.com.br\/portal\/index.php?rest_route=\/wp\/v2\/users\/1"}],"replies":[{"embeddable":true,"href":"https:\/\/aconteceunovale.com.br\/portal\/index.php?rest_route=%2Fwp%2Fv2%2Fcomments&post=114744"}],"version-history":[{"count":0,"href":"https:\/\/aconteceunovale.com.br\/portal\/index.php?rest_route=\/wp\/v2\/posts\/114744\/revisions"}],"wp:featuredmedia":[{"embeddable":true,"href":"https:\/\/aconteceunovale.com.br\/portal\/index.php?rest_route=\/wp\/v2\/media\/114745"}],"wp:attachment":[{"href":"https:\/\/aconteceunovale.com.br\/portal\/index.php?rest_route=%2Fwp%2Fv2%2Fmedia&parent=114744"}],"wp:term":[{"taxonomy":"category","embeddable":true,"href":"https:\/\/aconteceunovale.com.br\/portal\/index.php?rest_route=%2Fwp%2Fv2%2Fcategories&post=114744"},{"taxonomy":"post_tag","embeddable":true,"href":"https:\/\/aconteceunovale.com.br\/portal\/index.php?rest_route=%2Fwp%2Fv2%2Ftags&post=114744"}],"curies":[{"name":"wp","href":"https:\/\/api.w.org\/{rel}","templated":true}]}}