{"id":114733,"date":"2017-05-11T11:19:13","date_gmt":"2017-05-11T13:19:13","guid":{"rendered":"http:\/\/aconteceunovale.com.br\/portal\/?p=114733"},"modified":"2017-05-11T11:19:14","modified_gmt":"2017-05-11T13:19:14","slug":"policial-militar-e-agredido-com-garrafa-ao-atender-ocorrencia-em-montes-claros","status":"publish","type":"post","link":"https:\/\/aconteceunovale.com.br\/portal\/?p=114733","title":{"rendered":"Policial militar \u00e9 agredido com garrafa ao atender ocorr\u00eancia em Montes Claros"},"content":{"rendered":"<p>Um cabo da Pol\u00edcia de Militar ficou ferido ap\u00f3s ser atingido por uma garrafa de bebida na cabe\u00e7a ao atender uma ocorr\u00eancia de polui\u00e7\u00e3o sonora, em Montes Claros, na madrugada desta quinta-feira (11\/05\/2017). Tr\u00eas homens, de 21, 22 e 23 anos, foram presos e encaminhados \u00e0 delegacia. <\/p>\n<p>A ocorr\u00eancia foi em uma casa, no Bairro Barcelona Park, onde acontecia uma festa de anivers\u00e1rio. Uma viatura da PM foi ao local por volta das 22h30 para verificar um chamado de som alto e orientou o respons\u00e1vel sobre o barulho. Depois de 40 minutos, a pol\u00edcia foi acionada novamente.<\/p>\n<p>\u201cNa segunda abordagem, os militares chamaram a patrulha de Meio Ambiente para aferi\u00e7\u00e3o do som e foi constatado crime de polui\u00e7\u00e3o sonora. Ao abordamos o dono da festa, ele apresentou resist\u00eancia ao trabalho policial e algumas pessoas, com sinais de embriaguez, come\u00e7aram a atrapalhar a a\u00e7\u00e3o da pol\u00edcia ainda no port\u00e3o da casa. Chamamos refor\u00e7o e, ao entrarmos no im\u00f3vel para apreens\u00e3o do som, um militar foi atingido na cabe\u00e7a (pelas costas) quando imobilizava o respons\u00e1vel pela festa\u201d, explica o soldado Alex Alves.<\/p>\n<p>O policial militar foi encaminhado ao hospital, onde recebeu atendimento m\u00e9dico e foi liberado. A PM informou que o dono da festa, de 22 anos, tem passagens por porte ilegal de arma de fogo e perturba\u00e7\u00e3o de sossego. O jovem, de 21, que feriu o militar j\u00e1 possui passagem por agress\u00e3o e o terceiro envolvido foi conduzido por atrapalhar a a\u00e7\u00e3o policial. Um carro, com os aparelhos de som, foi apreendido e levado ao p\u00e1tio credenciado ao DETRAN.<\/p>\n<p><img decoding=\"async\" src=\"http:\/\/aconteceunovale.com.br\/portal\/wp-content\/uploads\/2017\/05\/militar_ferido_moc.jpg\" alt=\"\" \/><em>Militar foi atingido na cabe\u00e7a por uma garrafa (Foto: Juliana Peixoto\/G1)<\/em><br \/>\n<\/br><\/p>\n<p><strong>VER PRIMEIRO<\/strong><\/p>\n<p><strong>Receba as not\u00edcias do Aconteceu no Vale em primeira m\u00e3o. Clique em curtir no endere\u00e7o <a href=\"https:\/\/www.facebook.com\/aconteceunovale\" target=\"_blank\"><font color=\"red\">www.facebook.com\/aconteceunovale<\/font><\/a> ou no box abaixo:<\/strong><\/p>\n<div class=\"fb-like\" data-href=\"https:\/\/www.facebook.com\/aconteceunovale\" data-width=\"120\" data-layout=\"standard\" data-action=\"like\" data-size=\"small\" data-show-faces=\"true\" data-share=\"true\"><\/div>\n<p><\/br><\/p>\n<p><em>(Fonte: G1 Grande Minas)<\/em><\/p>\n","protected":false},"excerpt":{"rendered":"<p>Um cabo da Pol\u00edcia de Militar ficou ferido ap\u00f3s ser atingido por uma garrafa de bebida na cabe\u00e7a ao atender uma ocorr\u00eancia de polui\u00e7\u00e3o sonora, em Montes Claros, na madrugada desta quinta-feira (11\/05\/2017). Tr\u00eas homens, de 21, 22 e 23 anos, foram presos e encaminhados \u00e0 delegacia. A ocorr\u00eancia foi em uma casa, no Bairro [&hellip;]<\/p>\n","protected":false},"author":1,"featured_media":114734,"comment_status":"open","ping_status":"closed","sticky":false,"template":"","format":"standard","meta":{"amp_status":"","footnotes":""},"categories":[1236],"tags":[148762,148763,210,148764,148765,148761],"class_list":["post-114733","post","type-post","status-publish","format-standard","has-post-thumbnail","hentry","category-norte_de_minas","tag-agressao-contra-pm-em-montes-claros","tag-agressao-contra-policia-militar-em-montes-claros","tag-montes-claros","tag-pm-agredido-em-montes-claros","tag-policial-militar-agredido-em-montes-claros","tag-policial-militar-e-agredido-com-garrafa-ao-atender-ocorrencia-em-montes-claros"],"_links":{"self":[{"href":"https:\/\/aconteceunovale.com.br\/portal\/index.php?rest_route=\/wp\/v2\/posts\/114733","targetHints":{"allow":["GET"]}}],"collection":[{"href":"https:\/\/aconteceunovale.com.br\/portal\/index.php?rest_route=\/wp\/v2\/posts"}],"about":[{"href":"https:\/\/aconteceunovale.com.br\/portal\/index.php?rest_route=\/wp\/v2\/types\/post"}],"author":[{"embeddable":true,"href":"https:\/\/aconteceunovale.com.br\/portal\/index.php?rest_route=\/wp\/v2\/users\/1"}],"replies":[{"embeddable":true,"href":"https:\/\/aconteceunovale.com.br\/portal\/index.php?rest_route=%2Fwp%2Fv2%2Fcomments&post=114733"}],"version-history":[{"count":0,"href":"https:\/\/aconteceunovale.com.br\/portal\/index.php?rest_route=\/wp\/v2\/posts\/114733\/revisions"}],"wp:featuredmedia":[{"embeddable":true,"href":"https:\/\/aconteceunovale.com.br\/portal\/index.php?rest_route=\/wp\/v2\/media\/114734"}],"wp:attachment":[{"href":"https:\/\/aconteceunovale.com.br\/portal\/index.php?rest_route=%2Fwp%2Fv2%2Fmedia&parent=114733"}],"wp:term":[{"taxonomy":"category","embeddable":true,"href":"https:\/\/aconteceunovale.com.br\/portal\/index.php?rest_route=%2Fwp%2Fv2%2Fcategories&post=114733"},{"taxonomy":"post_tag","embeddable":true,"href":"https:\/\/aconteceunovale.com.br\/portal\/index.php?rest_route=%2Fwp%2Fv2%2Ftags&post=114733"}],"curies":[{"name":"wp","href":"https:\/\/api.w.org\/{rel}","templated":true}]}}