{"id":114731,"date":"2017-05-11T01:03:05","date_gmt":"2017-05-11T03:03:05","guid":{"rendered":"http:\/\/aconteceunovale.com.br\/portal\/?p=114731"},"modified":"2017-05-11T01:03:05","modified_gmt":"2017-05-11T03:03:05","slug":"camara-aprova-proposta-que-regulamenta-vaquejadas","status":"publish","type":"post","link":"https:\/\/aconteceunovale.com.br\/portal\/?p=114731","title":{"rendered":"C\u00e2mara aprova proposta que regulamenta vaquejadas"},"content":{"rendered":"<p>A C\u00e2mara Dos deputados aprovou hoje (10\/05\/2017) em 1\u00ba turno a Proposta de Emenda \u00e0 Constitui\u00e7\u00e3o (PEC) 304\/17 que considera as vaquejadas como praticas n\u00e3o cru\u00e9is. A proposta altera a Constitui\u00e7\u00e3o para estabelecer que n\u00e3o s\u00e3o consideradas cru\u00e9is as atividades desportivas que utilizem animais, desde que sejam registradas como bem de natureza imaterial integrante do patrim\u00f4nio cultural brasileiro e garantam o bem-estar dos bichos. O texto foi aprovado por 366 votos a favor, 50 contra e 6 absten\u00e7\u00f5es.<\/p>\n<p>Deputados defensores dos direitos dos animais criticaram a PEC que, no entendimento deles, permite a pr\u00e1tica de maus tratos. Em outubro do ano passado, o Supremo Tribunal Federal (STF) julgou inconstitucional uma lei do estado do Cear\u00e1 que regulamenta a pr\u00e1tica das vaquejadas porque submeteria os animais \u00e0 crueldade. <\/p>\n<p>\u201cO STF entendeu que deve prevalecer o direito ao meio ambiente ecologicamente equilibrado, porque se trata de um direito que cuida de algo que diz respeito ao indiv\u00edduo, \u00e0 sociedade e \u00e0s futuras gera\u00e7\u00f5es, e, por essa raz\u00e3o, declarou inconstitucional a vaquejada pelo sofrimento que provoca nos animais\u201d, disse o deputado Alessandro Molon (Rede-RJ).<\/p>\n<p>A proposta, de origem do Senado, foi defendida principalmente por deputados das regi\u00f5es Nordeste e Centro-Oeste. O deputado Domingos Neto (PSD-CE) rebateu as cr\u00edticas e disse que o texto da PEC vem justamente regulamentar a pr\u00e1tica. \u201cUma vaquejada com rabo artificial, com prote\u00e7\u00e3o para o cavalo, com uma nova cama de areia, garantindo prote\u00e7\u00e3o ao animal\u201d, disse.<\/p>\n<p>\u201cEssa PEC \u00e9 para resguardar a hist\u00f3ria do pa\u00eds, a bravura do vaqueiro e do homem nordestino. E tamb\u00e9m para reavivar uma for\u00e7a econ\u00f4mica muito importante para o povo brasileiro\u201d, acrescentou o deputado Danilo Forte (PSB-CE).<\/p>\n<p>O deputado Jo\u00e3o Marcelo Souza (PMDB-MA) disse que os que se colocam contra o texto adotam uma atitude hip\u00f3crita. \u201cS\u00e3o deputados do Sul, do Sudeste, que nada entendem de vaquejada. Isso se chama hipocrisia. Voc\u00eas n\u00e3o conhecem a cultura do Nordeste. Nunca se quis fazer mal a animal nenhum\u201d, disse.<\/p>\n<p>O deputado Ricardo Izar (PP-SP) rebateu Marcelo Souza e afirmou que  uma \u201cmanifesta\u00e7\u00e3o t\u00e3o agressiva assim s\u00f3 poderia se esperar de algu\u00e9m que defende os maus tratos contra animais\u201d. Izar \u00e9 um dos principais defensores dos direitos dos animais na Casa e chegou a presidir uma Comiss\u00e3o Parlamentar de Inqu\u00e9rito (CPI) para investigar casos de maus tratos.<\/p>\n<p>O texto da PEC agora ter\u00e1 que passar por nova vota\u00e7\u00e3o no Plen\u00e1rio da C\u00e2mara, em segundo turno. O prazo regimental determina intervalo m\u00ednimo de cinco sess\u00f5es entre uma e outra vota\u00e7\u00e3o. Caso n\u00e3o haja altera\u00e7\u00f5es no texto, ele ser\u00e1 promulgado. Do contr\u00e1rio, ter\u00e1 que retornar ao Senado para nova vota\u00e7\u00e3o.<\/p>\n<p><strong>VER PRIMEIRO<\/strong><\/p>\n<p><strong>Receba as not\u00edcias do Aconteceu no Vale em primeira m\u00e3o. Clique em curtir no endere\u00e7o <a href=\"https:\/\/www.facebook.com\/aconteceunovale\" target=\"_blank\"><font color=\"red\">www.facebook.com\/aconteceunovale<\/font><\/a> ou no box abaixo:<\/strong><\/p>\n<div class=\"fb-like\" data-href=\"https:\/\/www.facebook.com\/aconteceunovale\" data-width=\"120\" data-layout=\"standard\" data-action=\"like\" data-size=\"small\" data-show-faces=\"true\" data-share=\"true\"><\/div>\n<p><\/br><\/p>\n<p><em>(Fonte: Ag\u00eancia Brasil)<\/em><\/p>\n","protected":false},"excerpt":{"rendered":"<p>A C\u00e2mara Dos deputados aprovou hoje (10\/05\/2017) em 1\u00ba turno a Proposta de Emenda \u00e0 Constitui\u00e7\u00e3o (PEC) 304\/17 que considera as vaquejadas como praticas n\u00e3o cru\u00e9is. A proposta altera a Constitui\u00e7\u00e3o para estabelecer que n\u00e3o s\u00e3o consideradas cru\u00e9is as atividades desportivas que utilizem animais, desde que sejam registradas como bem de natureza imaterial integrante do [&hellip;]<\/p>\n","protected":false},"author":1,"featured_media":99181,"comment_status":"open","ping_status":"closed","sticky":false,"template":"","format":"standard","meta":{"amp_status":"","footnotes":""},"categories":[6],"tags":[21888,148757,148756,148759,148760,148758,119300,128249],"class_list":["post-114731","post","type-post","status-publish","format-standard","has-post-thumbnail","hentry","category-br","tag-camara","tag-camara-aprova-proposta-que-regulamenta-vaquejadas","tag-direitos-dos-animais","tag-lei-das-vaquejadas","tag-regulamentacao-das-vaquejadas","tag-regularizacao-das-vaquejadas","tag-vaquejada","tag-vaquejadas"],"_links":{"self":[{"href":"https:\/\/aconteceunovale.com.br\/portal\/index.php?rest_route=\/wp\/v2\/posts\/114731","targetHints":{"allow":["GET"]}}],"collection":[{"href":"https:\/\/aconteceunovale.com.br\/portal\/index.php?rest_route=\/wp\/v2\/posts"}],"about":[{"href":"https:\/\/aconteceunovale.com.br\/portal\/index.php?rest_route=\/wp\/v2\/types\/post"}],"author":[{"embeddable":true,"href":"https:\/\/aconteceunovale.com.br\/portal\/index.php?rest_route=\/wp\/v2\/users\/1"}],"replies":[{"embeddable":true,"href":"https:\/\/aconteceunovale.com.br\/portal\/index.php?rest_route=%2Fwp%2Fv2%2Fcomments&post=114731"}],"version-history":[{"count":0,"href":"https:\/\/aconteceunovale.com.br\/portal\/index.php?rest_route=\/wp\/v2\/posts\/114731\/revisions"}],"wp:featuredmedia":[{"embeddable":true,"href":"https:\/\/aconteceunovale.com.br\/portal\/index.php?rest_route=\/wp\/v2\/media\/99181"}],"wp:attachment":[{"href":"https:\/\/aconteceunovale.com.br\/portal\/index.php?rest_route=%2Fwp%2Fv2%2Fmedia&parent=114731"}],"wp:term":[{"taxonomy":"category","embeddable":true,"href":"https:\/\/aconteceunovale.com.br\/portal\/index.php?rest_route=%2Fwp%2Fv2%2Fcategories&post=114731"},{"taxonomy":"post_tag","embeddable":true,"href":"https:\/\/aconteceunovale.com.br\/portal\/index.php?rest_route=%2Fwp%2Fv2%2Ftags&post=114731"}],"curies":[{"name":"wp","href":"https:\/\/api.w.org\/{rel}","templated":true}]}}