{"id":114727,"date":"2017-05-11T00:44:18","date_gmt":"2017-05-11T02:44:18","guid":{"rendered":"http:\/\/aconteceunovale.com.br\/portal\/?p=114727"},"modified":"2017-05-11T00:44:18","modified_gmt":"2017-05-11T02:44:18","slug":"fadecit-se-destaca-na-area-da-educacao-a-distancia","status":"publish","type":"post","link":"https:\/\/aconteceunovale.com.br\/portal\/?p=114727","title":{"rendered":"FADECIT se destaca na \u00e1rea da educa\u00e7\u00e3o a dist\u00e2ncia"},"content":{"rendered":"<p>Dados divulgados pelo Censo EAD Brasil 2015, realizado pela Associa\u00e7\u00e3o Brasileira de Educa\u00e7\u00e3o a Dist\u00e2ncia (ABED), demonstram que a educa\u00e7\u00e3o a dist\u00e2ncia \u00e9 um dos segmentos que mais cresceram no Brasil nos \u00faltimos anos. De acordo com a pesquisa, cujos resultados foram publicados no \u201cRelat\u00f3rio Anal\u00edtico de Aprendizagem a Dist\u00e2ncia no Brasil\u201d, o n\u00famero de matr\u00edculas em cursos livres a dist\u00e2ncia subiu de 2.872.383 alunos em 2014 no pa\u00eds para 3.940.891 em 2015.<\/p>\n<p>Desde 2009, a Funda\u00e7\u00e3o de Apoio e Desenvolvimento da Educa\u00e7\u00e3o, Ci\u00eancia e Tecnologia de Minas Gerais (FADECIT) vem trabalhando no gerenciamento de cursos a dist\u00e2ncia, por meio de conv\u00eanios com diversas institui\u00e7\u00f5es. A Funda\u00e7\u00e3o gerenciou a segunda maior rede corporativa do Brasil na \u00e1rea de educa\u00e7\u00e3o a dist\u00e2ncia, tendo realizado cerca de 90 cursos de extens\u00e3o em diversas \u00e1reas, entre elas sa\u00fade, educa\u00e7\u00e3o e seguran\u00e7a. Por meio das parcerias, a FADECIT qualifica, capacita e desenvolve projetos pedag\u00f3gicos, objetos de aprendizagem e solu\u00e7\u00f5es completas de conte\u00fado para o ensino a dist\u00e2ncia.<\/p>\n<p>A Funda\u00e7\u00e3o conta com uma excelente estrutura tecnol\u00f3gica para o gerenciamento dos cursos: servidores de alta performance, link de acesso aos servidores com banda ilimitada, c\u00e2meras profissionais para grava\u00e7\u00e3o de v\u00eddeo-aula em full HD, sistema com alta capacidade de armazenamento, transmiss\u00e3o on-line com um ou mais professores, ambiente virtual de aprendizagem e sistema responsivo, com todas as funcionalidades em dispositivos m\u00f3veis, como celulares e tablets.<\/p>\n<p>Al\u00e9m da infraestrutura na \u00e1rea tecnol\u00f3gica, a FADECIT conta com um diferencial: a estrutura f\u00edsica, na qual podem ser realizadas atividades presenciais. A Funda\u00e7\u00e3o, instalada no Vetor Norte de Belo Horizonte, \u00e0s margens da avenida Cristiano Machado e pr\u00f3ximo \u00e0 Cidade Administrativa, possui salas de aula com capacidade para at\u00e9 25 pessoas (equipadas com WiFi), salas de estudos em grupo e de apoio com capacidade de 14 computadores, est\u00fadio para grava\u00e7\u00e3o de v\u00eddeo-aula e transmiss\u00e3o on-line com um ou mais professores e audit\u00f3rio com capacidade para 300 pessoas.  <\/p>\n<p>A gerente de Desenvolvimento da FADECIT, Jacqueline \u00c1vila, ressaltou a import\u00e2ncia do crescimento da educa\u00e7\u00e3o a dist\u00e2ncia no pa\u00eds. \u201cO Brasil est\u00e1 passando por uma fase de consolida\u00e7\u00e3o da educa\u00e7\u00e3o a dist\u00e2ncia, e dados do Minist\u00e9rio da Educa\u00e7\u00e3o provam isso: um a cada cinco alunos de gradua\u00e7\u00e3o no pa\u00eds ingressa em um curso on-line. No contexto das sociedades atuais, a educa\u00e7\u00e3o a dist\u00e2ncia surge como uma modalidade de educa\u00e7\u00e3o que pode possibilitar formas diferentes de ver o mundo, de ensinar e aprender. Estamos caminhando para a forma\u00e7\u00e3o de um novo aluno que pensa atrav\u00e9s de imagens em movimento, em mundos virtuais\u201d, comentou.<\/p>\n<p>Interessados em desenvolver parcerias com a FADECIT na \u00e1rea de educa\u00e7\u00e3o a dist\u00e2ncia devem entrar em contato com a Ger\u00eancia de Desenvolvimento da Funda\u00e7\u00e3o, pelo telefone (31) 3319-8700 ou pelo e-mail jacquelineavila@fadecit.org.<\/p>\n<p><img decoding=\"async\" src=\"http:\/\/aconteceunovale.com.br\/portal\/wp-content\/uploads\/2017\/05\/ead_fadecit.jpg\" alt=\"\" \/><em>A estrutura f\u00edsica \u00e9 um dos diferenciais da FADECIT (Foto: Larissa Reis \/ FADECIT)<\/em><br \/>\n<\/br><\/p>\n<p><strong>A Funda\u00e7\u00e3o<\/strong><\/p>\n<p>Criada em 1996 com o objetivo de apoiar as atividades de ensino, pesquisa e extens\u00e3o da Universidade do Estado de Minas Gerais (UEMG), a FADECIT tamb\u00e9m trabalha na presta\u00e7\u00e3o de servi\u00e7os \u00e0 sociedade na gest\u00e3o de recursos de projetos de interesse p\u00fablico ou coletivo e no desenvolvimento de projetos inovadores em diversas regi\u00f5es de Minas Gerais. A FADECIT mant\u00e9m importantes parcerias com institui\u00e7\u00f5es e \u00f3rg\u00e3os p\u00fablicos, entre os quais prefeituras, associa\u00e7\u00f5es, secretarias, institutos e outras funda\u00e7\u00f5es.<\/p>\n<p>Saiba mais sobre a Funda\u00e7\u00e3o: <a href=\"http:\/\/www.fadecit.org\" target=\"_blank\">www.fadecit.org<\/a><\/p>\n<p><strong>VER PRIMEIRO<\/strong><\/p>\n<p><strong>Receba as not\u00edcias do Aconteceu no Vale em primeira m\u00e3o. Clique em curtir no endere\u00e7o <a href=\"https:\/\/www.facebook.com\/aconteceunovale\" target=\"_blank\"><font color=\"red\">www.facebook.com\/aconteceunovale<\/font><\/a> ou no box abaixo:<\/strong><\/p>\n<div class=\"fb-like\" data-href=\"https:\/\/www.facebook.com\/aconteceunovale\" data-width=\"120\" data-layout=\"standard\" data-action=\"like\" data-size=\"small\" data-show-faces=\"true\" data-share=\"true\"><\/div>\n<p><\/br><\/p>\n<p><em>(Fonte: Fadecit \/ Wesley Gon\u00e7alves)<\/em><\/p>\n","protected":false},"excerpt":{"rendered":"<p>Dados divulgados pelo Censo EAD Brasil 2015, realizado pela Associa\u00e7\u00e3o Brasileira de Educa\u00e7\u00e3o a Dist\u00e2ncia (ABED), demonstram que a educa\u00e7\u00e3o a dist\u00e2ncia \u00e9 um dos segmentos que mais cresceram no Brasil nos \u00faltimos anos. De acordo com a pesquisa, cujos resultados foram publicados no \u201cRelat\u00f3rio Anal\u00edtico de Aprendizagem a Dist\u00e2ncia no Brasil\u201d, o n\u00famero de [&hellip;]<\/p>\n","protected":false},"author":1,"featured_media":114728,"comment_status":"open","ping_status":"closed","sticky":false,"template":"","format":"standard","meta":{"amp_status":"","footnotes":""},"categories":[40238,123],"tags":[148750,148749,148748,148755,148754,148745,148746,148744,148747,148743,148751,148752,148753],"class_list":["post-114727","post","type-post","status-publish","format-standard","has-post-thumbnail","hentry","category-educacao-2","category-gerais","tag-abed","tag-associacao-brasileira-de-educacao-a-distancia","tag-censo-ead-brasil-2015","tag-contato-fadecit","tag-e-mail-fadecit","tag-ead-fadecit","tag-educacao-a-distancia-fadecit","tag-fadecit","tag-fadecit-ead","tag-fadecit-se-destaca-na-area-da-educacao-a-distancia","tag-gerente-de-desenvolvimento-da-fadecit","tag-jacqueline-avila","tag-telefone-fadecit"],"_links":{"self":[{"href":"https:\/\/aconteceunovale.com.br\/portal\/index.php?rest_route=\/wp\/v2\/posts\/114727","targetHints":{"allow":["GET"]}}],"collection":[{"href":"https:\/\/aconteceunovale.com.br\/portal\/index.php?rest_route=\/wp\/v2\/posts"}],"about":[{"href":"https:\/\/aconteceunovale.com.br\/portal\/index.php?rest_route=\/wp\/v2\/types\/post"}],"author":[{"embeddable":true,"href":"https:\/\/aconteceunovale.com.br\/portal\/index.php?rest_route=\/wp\/v2\/users\/1"}],"replies":[{"embeddable":true,"href":"https:\/\/aconteceunovale.com.br\/portal\/index.php?rest_route=%2Fwp%2Fv2%2Fcomments&post=114727"}],"version-history":[{"count":0,"href":"https:\/\/aconteceunovale.com.br\/portal\/index.php?rest_route=\/wp\/v2\/posts\/114727\/revisions"}],"wp:featuredmedia":[{"embeddable":true,"href":"https:\/\/aconteceunovale.com.br\/portal\/index.php?rest_route=\/wp\/v2\/media\/114728"}],"wp:attachment":[{"href":"https:\/\/aconteceunovale.com.br\/portal\/index.php?rest_route=%2Fwp%2Fv2%2Fmedia&parent=114727"}],"wp:term":[{"taxonomy":"category","embeddable":true,"href":"https:\/\/aconteceunovale.com.br\/portal\/index.php?rest_route=%2Fwp%2Fv2%2Fcategories&post=114727"},{"taxonomy":"post_tag","embeddable":true,"href":"https:\/\/aconteceunovale.com.br\/portal\/index.php?rest_route=%2Fwp%2Fv2%2Ftags&post=114727"}],"curies":[{"name":"wp","href":"https:\/\/api.w.org\/{rel}","templated":true}]}}