{"id":114632,"date":"2017-05-10T01:03:00","date_gmt":"2017-05-10T03:03:00","guid":{"rendered":"http:\/\/aconteceunovale.com.br\/portal\/?p=114632"},"modified":"2017-05-10T01:03:00","modified_gmt":"2017-05-10T03:03:00","slug":"belo-horizonte-lidera-aumento-na-intencao-de-viajar","status":"publish","type":"post","link":"https:\/\/aconteceunovale.com.br\/portal\/?p=114632","title":{"rendered":"Belo Horizonte lidera aumento na inten\u00e7\u00e3o de viajar"},"content":{"rendered":"<p>A pesquisa Inten\u00e7\u00e3o de Viagem, encomendada pelo Minist\u00e9rio do Turismo \u00e0 Funda\u00e7\u00e3o Getulio Vargas (FGV) constatou que Belo Horizonte (MG) \u00e9 a capital brasileira onde a inten\u00e7\u00e3o de viajar mais cresceu em abril, na compara\u00e7\u00e3o com o mesmo m\u00eas do ano passado. Ao todo, 25,6% dos moradores pretendem viajar, o que representa um aumento de seis pontos percentuais. <\/p>\n<p>Depois da capital mineira, os aumentos mais expressivos na inten\u00e7\u00e3o de viagem at\u00e9 outubro deste ano ocorreram no Rio de Janeiro, que registrou 19,7%, Bras\u00edlia (27,9%), S\u00e3o Paulo (23,2%), Recife (17,1%) e Salvador (15,2%). Somente em Porto Alegre houve retra\u00e7\u00e3o de 4,8 pontos percentuais, caindo de 21,9% para 17,1% este ano.<\/p>\n<p>Segundo o levantamento, entre todas as capitais pesquisadas, a quantidade de pessoas que pretende viajar nos pr\u00f3ximos seis meses saltou de 17,3% para 22,1%.  O estudo revela ainda que 70,7% dos entrevistados devem optar por viagens dom\u00e9sticas e que a maioria, 48%, ter\u00e3o os estados do Nordeste como destino. A segunda op\u00e7\u00e3o, com 19,7% das indica\u00e7\u00f5es, s\u00e3o os destinos do Sudeste.<\/p>\n<p>O meio de transporte mais demandado pelos entrevistados ser\u00e1 o avi\u00e3o. A escolha desse modal foi a que mais cresceu no comparativo com abril de 2016, saltando de 58% das indica\u00e7\u00f5es para 64%. <\/p>\n<p>A sondagem \u00e9 realizada mensalmente com moradores das sete capitais que representam 70% do fluxo dom\u00e9stico de turistas. A pesquisa avalia a inten\u00e7\u00e3o do brasileiro de viajar a cada seis meses.<\/p>\n<p><strong>VER PRIMEIRO<\/strong><\/p>\n<p><strong>Receba as not\u00edcias do Aconteceu no Vale em primeira m\u00e3o. Clique em curtir no endere\u00e7o <a href=\"https:\/\/www.facebook.com\/aconteceunovale\" target=\"_blank\"><font color=\"red\">www.facebook.com\/aconteceunovale<\/font><\/a> ou no box abaixo:<\/strong><\/p>\n<div class=\"fb-like\" data-href=\"https:\/\/www.facebook.com\/aconteceunovale\" data-width=\"120\" data-layout=\"standard\" data-action=\"like\" data-size=\"small\" data-show-faces=\"true\" data-share=\"true\"><\/div>\n<p><\/br><\/p>\n<p><em>(Fonte: Portal Brasil)<\/em><\/p>\n","protected":false},"excerpt":{"rendered":"<p>A pesquisa Inten\u00e7\u00e3o de Viagem, encomendada pelo Minist\u00e9rio do Turismo \u00e0 Funda\u00e7\u00e3o Getulio Vargas (FGV) constatou que Belo Horizonte (MG) \u00e9 a capital brasileira onde a inten\u00e7\u00e3o de viajar mais cresceu em abril, na compara\u00e7\u00e3o com o mesmo m\u00eas do ano passado. Ao todo, 25,6% dos moradores pretendem viajar, o que representa um aumento de [&hellip;]<\/p>\n","protected":false},"author":1,"featured_media":114633,"comment_status":"open","ping_status":"closed","sticky":false,"template":"","format":"standard","meta":{"amp_status":"","footnotes":""},"categories":[6,123],"tags":[148604,194,148603,1017,44600,44599,148602,130156,44603],"class_list":["post-114632","post","type-post","status-publish","format-standard","has-post-thumbnail","hentry","category-br","category-gerais","tag-aumento-na-intencao-de-viajar","tag-belo-horizonte","tag-belo-horizonte-lidera-aumento-na-intencao-de-viajar","tag-bh","tag-fgv","tag-intencao-de-viagem","tag-intencao-de-viajar","tag-mtur","tag-viagem"],"_links":{"self":[{"href":"https:\/\/aconteceunovale.com.br\/portal\/index.php?rest_route=\/wp\/v2\/posts\/114632","targetHints":{"allow":["GET"]}}],"collection":[{"href":"https:\/\/aconteceunovale.com.br\/portal\/index.php?rest_route=\/wp\/v2\/posts"}],"about":[{"href":"https:\/\/aconteceunovale.com.br\/portal\/index.php?rest_route=\/wp\/v2\/types\/post"}],"author":[{"embeddable":true,"href":"https:\/\/aconteceunovale.com.br\/portal\/index.php?rest_route=\/wp\/v2\/users\/1"}],"replies":[{"embeddable":true,"href":"https:\/\/aconteceunovale.com.br\/portal\/index.php?rest_route=%2Fwp%2Fv2%2Fcomments&post=114632"}],"version-history":[{"count":0,"href":"https:\/\/aconteceunovale.com.br\/portal\/index.php?rest_route=\/wp\/v2\/posts\/114632\/revisions"}],"wp:featuredmedia":[{"embeddable":true,"href":"https:\/\/aconteceunovale.com.br\/portal\/index.php?rest_route=\/wp\/v2\/media\/114633"}],"wp:attachment":[{"href":"https:\/\/aconteceunovale.com.br\/portal\/index.php?rest_route=%2Fwp%2Fv2%2Fmedia&parent=114632"}],"wp:term":[{"taxonomy":"category","embeddable":true,"href":"https:\/\/aconteceunovale.com.br\/portal\/index.php?rest_route=%2Fwp%2Fv2%2Fcategories&post=114632"},{"taxonomy":"post_tag","embeddable":true,"href":"https:\/\/aconteceunovale.com.br\/portal\/index.php?rest_route=%2Fwp%2Fv2%2Ftags&post=114632"}],"curies":[{"name":"wp","href":"https:\/\/api.w.org\/{rel}","templated":true}]}}