{"id":114626,"date":"2017-05-10T00:54:02","date_gmt":"2017-05-10T02:54:02","guid":{"rendered":"http:\/\/aconteceunovale.com.br\/portal\/?p=114626"},"modified":"2017-05-10T00:54:02","modified_gmt":"2017-05-10T02:54:02","slug":"belo-horizonte-e-outras-quatro-cidades-receberao-apoio-federal-para-festas-juninas","status":"publish","type":"post","link":"https:\/\/aconteceunovale.com.br\/portal\/?p=114626","title":{"rendered":"Belo Horizonte e outras quatro cidades receber\u00e3o apoio federal para festas juninas"},"content":{"rendered":"<p>Cinco cidades j\u00e1 foram escolhidas pelo Minist\u00e9rio do Turismo e a Embratur para receber apoio federal na realiza\u00e7\u00e3o das festas juninas. As cidades de Belo Horizonte (MG), Bragan\u00e7a (PA), Campina Grande (PB), Corumb\u00e1 (MS) e S\u00e3o Lu\u00eds (MA) ser\u00e3o beneficiadas em a\u00e7\u00f5es de promo\u00e7\u00e3o, comunica\u00e7\u00e3o e apoio \u00e0 comercializa\u00e7\u00e3o. O edital n\u00e3o prev\u00ea repasse de recursos p\u00fablicos para os locais contemplados.<\/p>\n<p>O MTur recebeu propostas de 25 munic\u00edpios, das quais 16 foram habilitadas e submetidas \u00e0 an\u00e1lise da comiss\u00e3o julgadora formada por servidores do Minist\u00e9rio do Turismo e da Embratur. O objetivo inicial era contemplar todas as regi\u00f5es brasileiras com a sele\u00e7\u00e3o de uma proposta de cada uma delas. Entretanto, como munic\u00edpios da Regi\u00e3o Sul n\u00e3o se candidataram, foi selecionado um de maior pontua\u00e7\u00e3o de outra regi\u00e3o, conforme previsto no edital.<\/p>\n<p>Para a sele\u00e7\u00e3o dos munic\u00edpios que realizam festejos juninos geradores de fluxo tur\u00edstico foram considerados aspectos relacionados ao destino, ao roteiro de visita proposto para realiza\u00e7\u00e3o de press trip, ao festejo em si, e tamb\u00e9m \u00e0 comercializa\u00e7\u00e3o e promo\u00e7\u00e3o da festa e do destino.<\/p>\n<p>Entre as a\u00e7\u00f5es poss\u00edveis de serem realizadas por meio do edital destacam-se press trips visitas de jornalistas e influenciadores digitais aos destinos -, encontro de neg\u00f3cios, inclus\u00e3o da festa no Calend\u00e1rio de Eventos Juninos, transmiss\u00e3o ao vivo nas redes sociais do MTur, divulga\u00e7\u00e3o dos destinos e cobertura jornal\u00edstica dos festejos.<\/p>\n<p><strong>VER PRIMEIRO<\/strong><\/p>\n<p><strong>Receba as not\u00edcias do Aconteceu no Vale em primeira m\u00e3o. Clique em curtir no endere\u00e7o <a href=\"https:\/\/www.facebook.com\/aconteceunovale\" target=\"_blank\"><font color=\"red\">www.facebook.com\/aconteceunovale<\/font><\/a> ou no box abaixo:<\/strong><\/p>\n<div class=\"fb-like\" data-href=\"https:\/\/www.facebook.com\/aconteceunovale\" data-width=\"120\" data-layout=\"standard\" data-action=\"like\" data-size=\"small\" data-show-faces=\"true\" data-share=\"true\"><\/div>\n<p><\/br><\/p>\n<p><em>(Fonte: Portal Brasil)<\/em><\/p>\n","protected":false},"excerpt":{"rendered":"<p>Cinco cidades j\u00e1 foram escolhidas pelo Minist\u00e9rio do Turismo e a Embratur para receber apoio federal na realiza\u00e7\u00e3o das festas juninas. As cidades de Belo Horizonte (MG), Bragan\u00e7a (PA), Campina Grande (PB), Corumb\u00e1 (MS) e S\u00e3o Lu\u00eds (MA) ser\u00e3o beneficiadas em a\u00e7\u00f5es de promo\u00e7\u00e3o, comunica\u00e7\u00e3o e apoio \u00e0 comercializa\u00e7\u00e3o. O edital n\u00e3o prev\u00ea repasse de [&hellip;]<\/p>\n","protected":false},"author":1,"featured_media":114627,"comment_status":"open","ping_status":"closed","sticky":false,"template":"","format":"standard","meta":{"amp_status":"","footnotes":""},"categories":[6,125,123],"tags":[148592,194,148591,148593,1017,148594,148596,9517,101955,148595,44607,11733],"class_list":["post-114626","post","type-post","status-publish","format-standard","has-post-thumbnail","hentry","category-br","category-noticias","category-gerais","tag-apoio-federal-para-festas-juninas","tag-belo-horizonte","tag-belo-horizonte-e-outras-quatro-cidades-receberao-apoio-federal-para-festas-juninas","tag-belo-horizonte-recebera-apoio-federal-para-festas-juninas","tag-bh","tag-bh-recebera-apoio-federal-para-festas-juninas","tag-braganca","tag-campina-grande","tag-corumba","tag-embratur","tag-ministerio-do-turismo","tag-sao-luis"],"_links":{"self":[{"href":"https:\/\/aconteceunovale.com.br\/portal\/index.php?rest_route=\/wp\/v2\/posts\/114626","targetHints":{"allow":["GET"]}}],"collection":[{"href":"https:\/\/aconteceunovale.com.br\/portal\/index.php?rest_route=\/wp\/v2\/posts"}],"about":[{"href":"https:\/\/aconteceunovale.com.br\/portal\/index.php?rest_route=\/wp\/v2\/types\/post"}],"author":[{"embeddable":true,"href":"https:\/\/aconteceunovale.com.br\/portal\/index.php?rest_route=\/wp\/v2\/users\/1"}],"replies":[{"embeddable":true,"href":"https:\/\/aconteceunovale.com.br\/portal\/index.php?rest_route=%2Fwp%2Fv2%2Fcomments&post=114626"}],"version-history":[{"count":0,"href":"https:\/\/aconteceunovale.com.br\/portal\/index.php?rest_route=\/wp\/v2\/posts\/114626\/revisions"}],"wp:featuredmedia":[{"embeddable":true,"href":"https:\/\/aconteceunovale.com.br\/portal\/index.php?rest_route=\/wp\/v2\/media\/114627"}],"wp:attachment":[{"href":"https:\/\/aconteceunovale.com.br\/portal\/index.php?rest_route=%2Fwp%2Fv2%2Fmedia&parent=114626"}],"wp:term":[{"taxonomy":"category","embeddable":true,"href":"https:\/\/aconteceunovale.com.br\/portal\/index.php?rest_route=%2Fwp%2Fv2%2Fcategories&post=114626"},{"taxonomy":"post_tag","embeddable":true,"href":"https:\/\/aconteceunovale.com.br\/portal\/index.php?rest_route=%2Fwp%2Fv2%2Ftags&post=114626"}],"curies":[{"name":"wp","href":"https:\/\/api.w.org\/{rel}","templated":true}]}}