{"id":114578,"date":"2017-05-09T20:55:42","date_gmt":"2017-05-09T22:55:42","guid":{"rendered":"http:\/\/aconteceunovale.com.br\/portal\/?p=114578"},"modified":"2026-09-02T13:51:59","modified_gmt":"2026-09-02T16:51:59","slug":"policia-civil-prende-suspeito-de-assalto-a-posto-de-combustiveis-em-turmalina","status":"publish","type":"post","link":"https:\/\/aconteceunovale.com.br\/portal\/?p=114578","title":{"rendered":"Pol\u00edcia Civil prende suspeito de assalto a posto de combust\u00edveis em Turmalina"},"content":{"rendered":"<p>Na manh\u00e3 desta ter\u00e7a-feira (09\/05\/2017), a Pol\u00edcia Civil de Turmalina realizou dilig\u00eancias com o objetivo de prender um dos autores do roubo praticado no dia 30 de Abril de 2017, no Posto Didi, \u00e0s margens da BR-367, no Distrito Industrial. A moto utilizada no assalto tamb\u00e9m foi apreendida.<\/p>\n<p>De acordo com o delegado Felipe Pontual, titular da Delegacia de Turmalina, o suspeito foi preso no Bairro da Saudade e ainda portava a arma usada no crime. Pontual tamb\u00e9m disse que o outro envolvido no assalto j\u00e1 est\u00e1 com o pedido de pris\u00e3o encaminhado.<\/p>\n<p>\u201c\u00c9 lament\u00e1vel a covardia dos autores de crime dessa natureza, que aproveitam do lugar ser ermo, onde tal estabelecimento fica exposto a este tipo de a\u00e7\u00e3o. A pris\u00e3o demandou de uma grande prioridade no feito, em decorr\u00eancia da falta de efetivo para realizar nosso trabalho de Pol\u00edcia Judici\u00e1ria, mas que n\u00e3o deixa de dar a devida aten\u00e7\u00e3o pelo fato de todos n\u00f3s precisarmos usar o referido posto de gasolina, porque todos n\u00f3s corremos riscos\u201d, finaliza Pontual.<\/p>\n<p><img decoding=\"async\" src=\"http:\/\/aconteceunovale.com.br\/portal\/wp-content\/uploads\/2017\/05\/preso_turmalina_posto.jpg\" alt=\"\" \/><em>Suspeito foi preso e moto apreendida (Foto: Reprodu\u00e7\u00e3o\/R\u00e1dio Turmalina)<\/em><br \/>\n<\/br><\/p>\n<p><strong>VER PRIMEIRO<\/strong><\/p>\n<p><strong>Receba as not\u00edcias do Aconteceu no Vale em primeira m\u00e3o. Clique em curtir no endere\u00e7o <a href=\"https:\/\/www.facebook.com\/aconteceunovale\" target=\"_blank\"><font color=\"red\">www.facebook.com\/aconteceunovale<\/font><\/a> ou no box abaixo:<\/strong><\/p>\n<div class=\"fb-like\" data-href=\"https:\/\/www.facebook.com\/aconteceunovale\" data-width=\"120\" data-layout=\"standard\" data-action=\"like\" data-size=\"small\" data-show-faces=\"true\" data-share=\"true\"><\/div>\n<p><\/br><\/p>\n<p><em>(Com informa\u00e7\u00f5es da R\u00e1dio Turmalina)<\/em><\/p>\n","protected":false},"excerpt":{"rendered":"<p>Na manh\u00e3 desta ter\u00e7a-feira (09\/05\/2017), a Pol\u00edcia Civil de Turmalina realizou dilig\u00eancias com o objetivo de prender um dos autores do roubo praticado no dia 30 de Abril de 2017, no Posto Didi, \u00e0s margens da BR-367, no Distrito Industrial. A moto utilizada no assalto tamb\u00e9m foi apreendida. De acordo com o delegado Felipe Pontual, [&hellip;]<\/p>\n","protected":false},"author":1,"featured_media":114579,"comment_status":"open","ping_status":"closed","sticky":false,"template":"","format":"standard","meta":{"amp_status":"","footnotes":""},"categories":[272576,120],"tags":[60732,148528,148527,148526,148529,178],"class_list":["post-114578","post","type-post","status-publish","format-standard","has-post-thumbnail","hentry","category-turmalina","category-jequi","tag-assalto-em-turmalina","tag-assalto-posto-do-didi-em-turmalina","tag-policia-civil-prende-suspeito-de-assalto-a-posto-de-combustiveis-em-turmalina","tag-policia-prende-suspeito-de-assalto-a-posto-de-combustiveis-em-turmalina","tag-roubo-posto-do-didi-em-turmalina","tag-turmalina"],"yoast_head":"<!-- This site is optimized with the Yoast SEO plugin v28.3 - https:\/\/yoast.com\/product\/yoast-seo-wordpress\/ -->\n<title>Pol\u00edcia Civil prende suspeito de assalto a posto de combust\u00edveis em Turmalina - Aconteceu no Vale<\/title>\n<meta name=\"robots\" content=\"index, follow, max-snippet:-1, max-image-preview:large, max-video-preview:-1\" \/>\n<link rel=\"canonical\" href=\"https:\/\/aconteceunovale.com.br\/portal\/?p=114578\" \/>\n<meta property=\"og:locale\" content=\"pt_BR\" \/>\n<meta property=\"og:type\" content=\"article\" \/>\n<meta property=\"og:title\" content=\"Pol\u00edcia Civil prende suspeito de assalto a posto de combust\u00edveis em Turmalina - Aconteceu no Vale\" \/>\n<meta property=\"og:description\" content=\"Na manh\u00e3 desta ter\u00e7a-feira (09\/05\/2017), a Pol\u00edcia Civil de Turmalina realizou dilig\u00eancias com o objetivo de prender um dos autores do roubo praticado no dia 30 de Abril de 2017, no Posto Didi, \u00e0s margens da BR-367, no Distrito Industrial. A moto utilizada no assalto tamb\u00e9m foi apreendida. De acordo com o delegado Felipe Pontual, [&hellip;]\" \/>\n<meta property=\"og:url\" content=\"https:\/\/aconteceunovale.com.br\/portal\/?p=114578\" \/>\n<meta property=\"og:site_name\" content=\"Aconteceu no Vale\" \/>\n<meta property=\"article:publisher\" content=\"https:\/\/www.facebook.com\/aconteceunovale\/\" \/>\n<meta property=\"article:published_time\" content=\"2017-05-09T22:55:42+00:00\" \/>\n<meta property=\"article:modified_time\" content=\"2026-09-02T16:51:59+00:00\" \/>\n<meta property=\"og:image\" content=\"https:\/\/aconteceunovale.com.br\/portal\/wp-content\/uploads\/2017\/05\/preso_turmalina_posto.jpg\" \/>\n\t<meta property=\"og:image:width\" content=\"678\" \/>\n\t<meta property=\"og:image:height\" content=\"423\" \/>\n\t<meta property=\"og:image:type\" content=\"image\/jpeg\" \/>\n<meta name=\"author\" content=\"Aconteceu no Vale\" \/>\n<meta name=\"twitter:card\" content=\"summary_large_image\" \/>\n<meta name=\"twitter:creator\" content=\"@noticiadosvales\" \/>\n<meta name=\"twitter:site\" content=\"@noticiadosvales\" \/>\n<meta name=\"twitter:label1\" content=\"Escrito por\" \/>\n\t<meta name=\"twitter:data1\" content=\"Aconteceu no Vale\" \/>\n\t<meta name=\"twitter:label2\" content=\"Est. tempo de leitura\" \/>\n\t<meta name=\"twitter:data2\" content=\"1 minuto\" \/>\n<script type=\"application\/ld+json\" class=\"yoast-schema-graph\">{\"@context\":\"https:\\\/\\\/schema.org\",\"@graph\":[{\"@type\":\"Article\",\"@id\":\"https:\\\/\\\/aconteceunovale.com.br\\\/portal\\\/?p=114578#article\",\"isPartOf\":{\"@id\":\"https:\\\/\\\/aconteceunovale.com.br\\\/portal\\\/?p=114578\"},\"author\":{\"name\":\"Aconteceu no Vale\",\"@id\":\"https:\\\/\\\/aconteceunovale.com.br\\\/portal\\\/#\\\/schema\\\/person\\\/633529146f2c94272bef50ac2953d589\"},\"headline\":\"Pol\u00edcia Civil prende suspeito de assalto a posto de combust\u00edveis em Turmalina\",\"datePublished\":\"2017-05-09T22:55:42+00:00\",\"dateModified\":\"2026-09-02T16:51:59+00:00\",\"mainEntityOfPage\":{\"@id\":\"https:\\\/\\\/aconteceunovale.com.br\\\/portal\\\/?p=114578\"},\"wordCount\":242,\"commentCount\":0,\"image\":{\"@id\":\"https:\\\/\\\/aconteceunovale.com.br\\\/portal\\\/?p=114578#primaryimage\"},\"thumbnailUrl\":\"https:\\\/\\\/aconteceunovale.com.br\\\/portal\\\/wp-content\\\/uploads\\\/2017\\\/05\\\/preso_turmalina_posto.jpg\",\"keywords\":[\"assalto em Turmalina\",\"Assalto Posto do Didi em Turmalina\",\"Pol\u00edcia Civil prende suspeito de assalto a posto de combust\u00edveis em Turmalina\",\"Pol\u00edcia prende suspeito de assalto a posto de combust\u00edveis em Turmalina\",\"Roubo posto do Didi em Turmalina\",\"Turmalina\"],\"articleSection\":[\"Turmalina\",\"Vale do Jequitinhonha\"],\"inLanguage\":\"pt-BR\",\"potentialAction\":[{\"@type\":\"CommentAction\",\"name\":\"Comment\",\"target\":[\"https:\\\/\\\/aconteceunovale.com.br\\\/portal\\\/?p=114578#respond\"]}]},{\"@type\":\"WebPage\",\"@id\":\"https:\\\/\\\/aconteceunovale.com.br\\\/portal\\\/?p=114578\",\"url\":\"https:\\\/\\\/aconteceunovale.com.br\\\/portal\\\/?p=114578\",\"name\":\"Pol\u00edcia Civil prende suspeito de assalto a posto de combust\u00edveis em Turmalina - Aconteceu no Vale\",\"isPartOf\":{\"@id\":\"https:\\\/\\\/aconteceunovale.com.br\\\/portal\\\/#website\"},\"primaryImageOfPage\":{\"@id\":\"https:\\\/\\\/aconteceunovale.com.br\\\/portal\\\/?p=114578#primaryimage\"},\"image\":{\"@id\":\"https:\\\/\\\/aconteceunovale.com.br\\\/portal\\\/?p=114578#primaryimage\"},\"thumbnailUrl\":\"https:\\\/\\\/aconteceunovale.com.br\\\/portal\\\/wp-content\\\/uploads\\\/2017\\\/05\\\/preso_turmalina_posto.jpg\",\"datePublished\":\"2017-05-09T22:55:42+00:00\",\"dateModified\":\"2026-09-02T16:51:59+00:00\",\"author\":{\"@id\":\"https:\\\/\\\/aconteceunovale.com.br\\\/portal\\\/#\\\/schema\\\/person\\\/633529146f2c94272bef50ac2953d589\"},\"breadcrumb\":{\"@id\":\"https:\\\/\\\/aconteceunovale.com.br\\\/portal\\\/?p=114578#breadcrumb\"},\"inLanguage\":\"pt-BR\",\"potentialAction\":[{\"@type\":\"ReadAction\",\"target\":[\"https:\\\/\\\/aconteceunovale.com.br\\\/portal\\\/?p=114578\"]}]},{\"@type\":\"ImageObject\",\"inLanguage\":\"pt-BR\",\"@id\":\"https:\\\/\\\/aconteceunovale.com.br\\\/portal\\\/?p=114578#primaryimage\",\"url\":\"https:\\\/\\\/aconteceunovale.com.br\\\/portal\\\/wp-content\\\/uploads\\\/2017\\\/05\\\/preso_turmalina_posto.jpg\",\"contentUrl\":\"https:\\\/\\\/aconteceunovale.com.br\\\/portal\\\/wp-content\\\/uploads\\\/2017\\\/05\\\/preso_turmalina_posto.jpg\",\"width\":678,\"height\":423},{\"@type\":\"BreadcrumbList\",\"@id\":\"https:\\\/\\\/aconteceunovale.com.br\\\/portal\\\/?p=114578#breadcrumb\",\"itemListElement\":[{\"@type\":\"ListItem\",\"position\":1,\"name\":\"In\u00edcio\",\"item\":\"https:\\\/\\\/aconteceunovale.com.br\\\/portal\\\/\"},{\"@type\":\"ListItem\",\"position\":2,\"name\":\"Pol\u00edcia Civil prende suspeito de assalto a posto de combust\u00edveis em Turmalina\"}]},{\"@type\":\"WebSite\",\"@id\":\"https:\\\/\\\/aconteceunovale.com.br\\\/portal\\\/#website\",\"url\":\"https:\\\/\\\/aconteceunovale.com.br\\\/portal\\\/\",\"name\":\"Aconteceu no Vale\",\"description\":\"Portal de Not\u00edcias\",\"potentialAction\":[{\"@type\":\"SearchAction\",\"target\":{\"@type\":\"EntryPoint\",\"urlTemplate\":\"https:\\\/\\\/aconteceunovale.com.br\\\/portal\\\/?s={search_term_string}\"},\"query-input\":{\"@type\":\"PropertyValueSpecification\",\"valueRequired\":true,\"valueName\":\"search_term_string\"}}],\"inLanguage\":\"pt-BR\"},{\"@type\":\"Person\",\"@id\":\"https:\\\/\\\/aconteceunovale.com.br\\\/portal\\\/#\\\/schema\\\/person\\\/633529146f2c94272bef50ac2953d589\",\"name\":\"Aconteceu no Vale\",\"description\":\"Equipe de reportagem do Aconteceu no Vale, portal de not\u00edcias do Vale do Jequitinhonha, em Minas Gerais. Cobrimos as 51 cidades do Vale desde 2013. Sugest\u00f5es de pauta e pedidos de corre\u00e7\u00e3o: contato@aconteceunovale.com.br\",\"sameAs\":[\"http:\\\/\\\/www.aconteceunovale.com.br\"],\"url\":\"https:\\\/\\\/aconteceunovale.com.br\\\/portal\\\/?author=1\"}]}<\/script>\n<!-- \/ Yoast SEO plugin. -->","yoast_head_json":{"title":"Pol\u00edcia Civil prende suspeito de assalto a posto de combust\u00edveis em Turmalina - Aconteceu no Vale","robots":{"index":"index","follow":"follow","max-snippet":"max-snippet:-1","max-image-preview":"max-image-preview:large","max-video-preview":"max-video-preview:-1"},"canonical":"https:\/\/aconteceunovale.com.br\/portal\/?p=114578","og_locale":"pt_BR","og_type":"article","og_title":"Pol\u00edcia Civil prende suspeito de assalto a posto de combust\u00edveis em Turmalina - Aconteceu no Vale","og_description":"Na manh\u00e3 desta ter\u00e7a-feira (09\/05\/2017), a Pol\u00edcia Civil de Turmalina realizou dilig\u00eancias com o objetivo de prender um dos autores do roubo praticado no dia 30 de Abril de 2017, no Posto Didi, \u00e0s margens da BR-367, no Distrito Industrial. A moto utilizada no assalto tamb\u00e9m foi apreendida. De acordo com o delegado Felipe Pontual, [&hellip;]","og_url":"https:\/\/aconteceunovale.com.br\/portal\/?p=114578","og_site_name":"Aconteceu no Vale","article_publisher":"https:\/\/www.facebook.com\/aconteceunovale\/","article_published_time":"2017-05-09T22:55:42+00:00","article_modified_time":"2026-09-02T16:51:59+00:00","og_image":[{"width":678,"height":423,"url":"https:\/\/aconteceunovale.com.br\/portal\/wp-content\/uploads\/2017\/05\/preso_turmalina_posto.jpg","type":"image\/jpeg"}],"author":"Aconteceu no Vale","twitter_card":"summary_large_image","twitter_creator":"@noticiadosvales","twitter_site":"@noticiadosvales","twitter_misc":{"Escrito por":"Aconteceu no Vale","Est. tempo de leitura":"1 minuto"},"schema":{"@context":"https:\/\/schema.org","@graph":[{"@type":"Article","@id":"https:\/\/aconteceunovale.com.br\/portal\/?p=114578#article","isPartOf":{"@id":"https:\/\/aconteceunovale.com.br\/portal\/?p=114578"},"author":{"name":"Aconteceu no Vale","@id":"https:\/\/aconteceunovale.com.br\/portal\/#\/schema\/person\/633529146f2c94272bef50ac2953d589"},"headline":"Pol\u00edcia Civil prende suspeito de assalto a posto de combust\u00edveis em Turmalina","datePublished":"2017-05-09T22:55:42+00:00","dateModified":"2026-09-02T16:51:59+00:00","mainEntityOfPage":{"@id":"https:\/\/aconteceunovale.com.br\/portal\/?p=114578"},"wordCount":242,"commentCount":0,"image":{"@id":"https:\/\/aconteceunovale.com.br\/portal\/?p=114578#primaryimage"},"thumbnailUrl":"https:\/\/aconteceunovale.com.br\/portal\/wp-content\/uploads\/2017\/05\/preso_turmalina_posto.jpg","keywords":["assalto em Turmalina","Assalto Posto do Didi em Turmalina","Pol\u00edcia Civil prende suspeito de assalto a posto de combust\u00edveis em Turmalina","Pol\u00edcia prende suspeito de assalto a posto de combust\u00edveis em Turmalina","Roubo posto do Didi em Turmalina","Turmalina"],"articleSection":["Turmalina","Vale do Jequitinhonha"],"inLanguage":"pt-BR","potentialAction":[{"@type":"CommentAction","name":"Comment","target":["https:\/\/aconteceunovale.com.br\/portal\/?p=114578#respond"]}]},{"@type":"WebPage","@id":"https:\/\/aconteceunovale.com.br\/portal\/?p=114578","url":"https:\/\/aconteceunovale.com.br\/portal\/?p=114578","name":"Pol\u00edcia Civil prende suspeito de assalto a posto de combust\u00edveis em Turmalina - Aconteceu no Vale","isPartOf":{"@id":"https:\/\/aconteceunovale.com.br\/portal\/#website"},"primaryImageOfPage":{"@id":"https:\/\/aconteceunovale.com.br\/portal\/?p=114578#primaryimage"},"image":{"@id":"https:\/\/aconteceunovale.com.br\/portal\/?p=114578#primaryimage"},"thumbnailUrl":"https:\/\/aconteceunovale.com.br\/portal\/wp-content\/uploads\/2017\/05\/preso_turmalina_posto.jpg","datePublished":"2017-05-09T22:55:42+00:00","dateModified":"2026-09-02T16:51:59+00:00","author":{"@id":"https:\/\/aconteceunovale.com.br\/portal\/#\/schema\/person\/633529146f2c94272bef50ac2953d589"},"breadcrumb":{"@id":"https:\/\/aconteceunovale.com.br\/portal\/?p=114578#breadcrumb"},"inLanguage":"pt-BR","potentialAction":[{"@type":"ReadAction","target":["https:\/\/aconteceunovale.com.br\/portal\/?p=114578"]}]},{"@type":"ImageObject","inLanguage":"pt-BR","@id":"https:\/\/aconteceunovale.com.br\/portal\/?p=114578#primaryimage","url":"https:\/\/aconteceunovale.com.br\/portal\/wp-content\/uploads\/2017\/05\/preso_turmalina_posto.jpg","contentUrl":"https:\/\/aconteceunovale.com.br\/portal\/wp-content\/uploads\/2017\/05\/preso_turmalina_posto.jpg","width":678,"height":423},{"@type":"BreadcrumbList","@id":"https:\/\/aconteceunovale.com.br\/portal\/?p=114578#breadcrumb","itemListElement":[{"@type":"ListItem","position":1,"name":"In\u00edcio","item":"https:\/\/aconteceunovale.com.br\/portal\/"},{"@type":"ListItem","position":2,"name":"Pol\u00edcia Civil prende suspeito de assalto a posto de combust\u00edveis em Turmalina"}]},{"@type":"WebSite","@id":"https:\/\/aconteceunovale.com.br\/portal\/#website","url":"https:\/\/aconteceunovale.com.br\/portal\/","name":"Aconteceu no Vale","description":"Portal de Not\u00edcias","potentialAction":[{"@type":"SearchAction","target":{"@type":"EntryPoint","urlTemplate":"https:\/\/aconteceunovale.com.br\/portal\/?s={search_term_string}"},"query-input":{"@type":"PropertyValueSpecification","valueRequired":true,"valueName":"search_term_string"}}],"inLanguage":"pt-BR"},{"@type":"Person","@id":"https:\/\/aconteceunovale.com.br\/portal\/#\/schema\/person\/633529146f2c94272bef50ac2953d589","name":"Aconteceu no Vale","description":"Equipe de reportagem do Aconteceu no Vale, portal de not\u00edcias do Vale do Jequitinhonha, em Minas Gerais. Cobrimos as 51 cidades do Vale desde 2013. Sugest\u00f5es de pauta e pedidos de corre\u00e7\u00e3o: contato@aconteceunovale.com.br","sameAs":["http:\/\/www.aconteceunovale.com.br"],"url":"https:\/\/aconteceunovale.com.br\/portal\/?author=1"}]}},"_links":{"self":[{"href":"https:\/\/aconteceunovale.com.br\/portal\/index.php?rest_route=\/wp\/v2\/posts\/114578","targetHints":{"allow":["GET"]}}],"collection":[{"href":"https:\/\/aconteceunovale.com.br\/portal\/index.php?rest_route=\/wp\/v2\/posts"}],"about":[{"href":"https:\/\/aconteceunovale.com.br\/portal\/index.php?rest_route=\/wp\/v2\/types\/post"}],"author":[{"embeddable":true,"href":"https:\/\/aconteceunovale.com.br\/portal\/index.php?rest_route=\/wp\/v2\/users\/1"}],"replies":[{"embeddable":true,"href":"https:\/\/aconteceunovale.com.br\/portal\/index.php?rest_route=%2Fwp%2Fv2%2Fcomments&post=114578"}],"version-history":[{"count":1,"href":"https:\/\/aconteceunovale.com.br\/portal\/index.php?rest_route=\/wp\/v2\/posts\/114578\/revisions"}],"predecessor-version":[{"id":201852,"href":"https:\/\/aconteceunovale.com.br\/portal\/index.php?rest_route=\/wp\/v2\/posts\/114578\/revisions\/201852"}],"wp:featuredmedia":[{"embeddable":true,"href":"https:\/\/aconteceunovale.com.br\/portal\/index.php?rest_route=\/wp\/v2\/media\/114579"}],"wp:attachment":[{"href":"https:\/\/aconteceunovale.com.br\/portal\/index.php?rest_route=%2Fwp%2Fv2%2Fmedia&parent=114578"}],"wp:term":[{"taxonomy":"category","embeddable":true,"href":"https:\/\/aconteceunovale.com.br\/portal\/index.php?rest_route=%2Fwp%2Fv2%2Fcategories&post=114578"},{"taxonomy":"post_tag","embeddable":true,"href":"https:\/\/aconteceunovale.com.br\/portal\/index.php?rest_route=%2Fwp%2Fv2%2Ftags&post=114578"}],"curies":[{"name":"wp","href":"https:\/\/api.w.org\/{rel}","templated":true}]}}