{"id":114460,"date":"2017-05-08T10:07:41","date_gmt":"2017-05-08T12:07:41","guid":{"rendered":"http:\/\/aconteceunovale.com.br\/portal\/?p=114460"},"modified":"2017-05-08T10:07:41","modified_gmt":"2017-05-08T12:07:41","slug":"achanti-chapada-do-norte-divulga-relatorio-sobre-demonstracoes-contabeis","status":"publish","type":"post","link":"https:\/\/aconteceunovale.com.br\/portal\/?p=114460","title":{"rendered":"Achanti Chapada do Norte divulga relat\u00f3rio sobre demonstra\u00e7\u00f5es cont\u00e1beis"},"content":{"rendered":"<p>A Associa\u00e7\u00e3o Chapadense de Assist\u00eancia \u00e0s Necessidades do Trabalhador e da Inf\u00e2ncia (ACHANTI) torna p\u00fablico o relat\u00f3rio dos auditores independentes sobre as demonstra\u00e7\u00f5es cont\u00e1beis em 31 de dezembro de 2016. <\/p>\n<p>O documento abaixo \u00e9 composto por balan\u00e7o patrimonial, demonstra\u00e7\u00e3o do super\u00e1vit\/(d\u00e9ficit) do exerc\u00edcio, demonstra\u00e7\u00e3o das muta\u00e7\u00f5es do patrim\u00f4nio l\u00edquido, demonstra\u00e7\u00e3o dos fluxos de caixa e nota explicativa \u00e0s demonstra\u00e7\u00f5es cont\u00e1beis. Confira a \u00edntegra do relat\u00f3rio:<\/p>\n<p><embed src=\"http:\/\/aconteceunovale.com.br\/portal\/wp-content\/uploads\/2017\/05\/relatorio_achanti.pdf\" width=\"600\" height=\"750\"><\/p>\n<p><span style=\"color: #0000ff;\"><a href=\"http:\/\/aconteceunovale.com.br\/portal\/wp-content\/uploads\/2017\/05\/relatorio_achanti.pdf\" target=\"_blank\"><span style=\"color: #0000ff;\"><em>(Fazer download do documento, em PDF)<\/em><\/span><\/a><\/span><br \/>\n<\/br><\/p>\n<p><strong>NOTA DE ESCLARECIMENTO: <\/strong><em>A atual Presidente da Associa\u00e7\u00e3o Chapadense de Assist\u00eancia \u00e0s Necessidades do Trabalhador e da Inf\u00e2ncia (ACHANTI), Sra. Maria Aparecida Alves da Rocha, esclarece que um processo de substitui\u00e7\u00e3o (rescis\u00e3o\/contrata\u00e7\u00e3o) de funcion\u00e1rio respons\u00e1vel pela \u00e1rea administrativa da entidade filantr\u00f3pica impossibilitou a divulga\u00e7\u00e3o do \u201cRelat\u00f3rio dos Auditores Independentes sobre as Demonstra\u00e7\u00f5es Cont\u00e1beis em 31 de Dezembro de 2016\u201d at\u00e9 a data de 28 de abril de 2017. A publica\u00e7\u00e3o do documento s\u00f3 foi poss\u00edvel nesta segunda-feira (08.05.17), ap\u00f3s a normaliza\u00e7\u00e3o das atividades do novo servidor.<\/em><\/p>\n","protected":false},"excerpt":{"rendered":"<p>A Associa\u00e7\u00e3o Chapadense de Assist\u00eancia \u00e0s Necessidades do Trabalhador e da Inf\u00e2ncia (ACHANTI) torna p\u00fablico o relat\u00f3rio dos auditores independentes sobre as demonstra\u00e7\u00f5es cont\u00e1beis em 31 de dezembro de 2016. O documento abaixo \u00e9 composto por balan\u00e7o patrimonial, demonstra\u00e7\u00e3o do super\u00e1vit\/(d\u00e9ficit) do exerc\u00edcio, demonstra\u00e7\u00e3o das muta\u00e7\u00f5es do patrim\u00f4nio l\u00edquido, demonstra\u00e7\u00e3o dos fluxos de caixa e [&hellip;]<\/p>\n","protected":false},"author":1,"featured_media":114468,"comment_status":"open","ping_status":"closed","sticky":false,"template":"","format":"standard","meta":{"amp_status":"","footnotes":""},"categories":[120],"tags":[148337,148334,148336,148335,148340,481,148343,148342,148341,148338,148339,148344],"class_list":["post-114460","post","type-post","status-publish","format-standard","has-post-thumbnail","hentry","category-jequi","tag-achanti","tag-achanti-chapada-do-norte-divulga-relatorio-sobre-demonstracoes-contabeis","tag-achanti-de-chapada-do-norte","tag-achanti-de-chapada-do-norte-divulga-relatorio-sobre-demonstracoes-contabeis","tag-associacao-chapadense-de-assistencia-as-necessidades-do-trabalhador-e-da-infancia-torna-publico-o-relatorio-dos-auditores-independentes-sobre-as-demonstracoes-contabeis-em-31-de-dezembro-de-2016","tag-chapada-do-norte","tag-maria-aparecida-alves-da-rocha","tag-presidente-da-achanti","tag-presidente-da-associacao-chapadense-de-assistencia-as-necessidades-do-trabalhador-e-da-infancia","tag-relatorio-achanti-de-chapada-do-norte","tag-relatorio-dos-auditores-independentes-sobre-as-demonstracoes-contabeis-em-31-de-dezembro-de-2016","tag-relatorio-dos-auditores-independentes-sobre-as-demonstracoes-contabeis-em-31-de-dezembro-de-2016-da-achanti"],"_links":{"self":[{"href":"https:\/\/aconteceunovale.com.br\/portal\/index.php?rest_route=\/wp\/v2\/posts\/114460","targetHints":{"allow":["GET"]}}],"collection":[{"href":"https:\/\/aconteceunovale.com.br\/portal\/index.php?rest_route=\/wp\/v2\/posts"}],"about":[{"href":"https:\/\/aconteceunovale.com.br\/portal\/index.php?rest_route=\/wp\/v2\/types\/post"}],"author":[{"embeddable":true,"href":"https:\/\/aconteceunovale.com.br\/portal\/index.php?rest_route=\/wp\/v2\/users\/1"}],"replies":[{"embeddable":true,"href":"https:\/\/aconteceunovale.com.br\/portal\/index.php?rest_route=%2Fwp%2Fv2%2Fcomments&post=114460"}],"version-history":[{"count":0,"href":"https:\/\/aconteceunovale.com.br\/portal\/index.php?rest_route=\/wp\/v2\/posts\/114460\/revisions"}],"wp:featuredmedia":[{"embeddable":true,"href":"https:\/\/aconteceunovale.com.br\/portal\/index.php?rest_route=\/wp\/v2\/media\/114468"}],"wp:attachment":[{"href":"https:\/\/aconteceunovale.com.br\/portal\/index.php?rest_route=%2Fwp%2Fv2%2Fmedia&parent=114460"}],"wp:term":[{"taxonomy":"category","embeddable":true,"href":"https:\/\/aconteceunovale.com.br\/portal\/index.php?rest_route=%2Fwp%2Fv2%2Fcategories&post=114460"},{"taxonomy":"post_tag","embeddable":true,"href":"https:\/\/aconteceunovale.com.br\/portal\/index.php?rest_route=%2Fwp%2Fv2%2Ftags&post=114460"}],"curies":[{"name":"wp","href":"https:\/\/api.w.org\/{rel}","templated":true}]}}