{"id":114455,"date":"2017-05-08T00:53:14","date_gmt":"2017-05-08T02:53:14","guid":{"rendered":"http:\/\/aconteceunovale.com.br\/portal\/?p=114455"},"modified":"2017-05-08T00:53:14","modified_gmt":"2017-05-08T02:53:14","slug":"bobo-alegre-e-preso-com-grande-quantidade-de-drogas-em-montes-claros","status":"publish","type":"post","link":"https:\/\/aconteceunovale.com.br\/portal\/?p=114455","title":{"rendered":"&#8220;Bobo Alegre&#8221; \u00e9 preso com grande quantidade de drogas em Montes Claros"},"content":{"rendered":"<p>Um rapaz conhecido como &#8220;Bobo Alegre&#8221; foi preso neste fim de semana por envolvimento com o tr\u00e1fico de drogas em Montes Claros, na regi\u00e3o Note de Minas Gerais. A informa\u00e7\u00e3o foi divulgada na manh\u00e3 deste domingo, 7 de maio, pela Assessoria de Comunica\u00e7\u00e3o Organizacional do 50\u00ba Batalh\u00e3o de Pol\u00edcia Militar (BPM).<\/p>\n<p>De acordo com a PM, militares foram at\u00e9 um im\u00f3vel do bairro Renascen\u00e7a ap\u00f3s receber informa\u00e7\u00f5es sobre um poss\u00edvel com\u00e9rcio de materiais entorpecentes no local. Na casa, os policiais encontraram tr\u00eas barras de coca\u00edna, uma barra de maconha, um rev\u00f3lver e muni\u00e7\u00f5es calibre trinta e oito, R$ 2.895 em dinheiro, tr\u00eas telefones celulares e duas balan\u00e7as de precis\u00e3o.<\/p>\n<p>Ainda segundo a PM, C.A.S.S foi preso em flagrante e conduzido \u00e0 Delegacia para demais provid\u00eancias. Um outro suspeito de ser o dono da droga n\u00e3o foi encontrado no local e \u00e9 procurado.<\/p>\n<p><img decoding=\"async\" src=\"http:\/\/aconteceunovale.com.br\/portal\/wp-content\/uploads\/2017\/05\/droga_moc_bobo_1.jpg\" alt=\"\" \/><em>Droga foi apreendida no bairro Renascen\u00e7a (Foto: Divulga\u00e7\u00e3o\/PMMG)<\/em><br \/>\n<\/br><\/p>\n<p><img decoding=\"async\" src=\"http:\/\/aconteceunovale.com.br\/portal\/wp-content\/uploads\/2017\/05\/droga_moc_bobo_2.jpg\" alt=\"\" \/><em>Droga foi apreendida no bairro Renascen\u00e7a (Foto: Divulga\u00e7\u00e3o\/PMMG)<\/em><br \/>\n<\/br><\/p>\n<p><img decoding=\"async\" src=\"http:\/\/aconteceunovale.com.br\/portal\/wp-content\/uploads\/2017\/05\/droga_moc_bobo_3.jpg\" alt=\"\" \/><em>Droga foi apreendida no bairro Renascen\u00e7a (Foto: Divulga\u00e7\u00e3o\/PMMG)<\/em><br \/>\n<\/br><\/p>\n<p><strong>VER PRIMEIRO<\/strong><\/p>\n<p><strong>Receba as not\u00edcias do Aconteceu no Vale em primeira m\u00e3o. Clique em curtir no endere\u00e7o <a href=\"https:\/\/www.facebook.com\/aconteceunovale\" target=\"_blank\"><font color=\"red\">www.facebook.com\/aconteceunovale<\/font><\/a> ou no box abaixo:<\/strong><\/p>\n<div class=\"fb-like\" data-href=\"https:\/\/www.facebook.com\/aconteceunovale\" data-width=\"120\" data-layout=\"standard\" data-action=\"like\" data-size=\"small\" data-show-faces=\"true\" data-share=\"true\"><\/div>\n<p><\/br><\/p>\n","protected":false},"excerpt":{"rendered":"<p>Um rapaz conhecido como &#8220;Bobo Alegre&#8221; foi preso neste fim de semana por envolvimento com o tr\u00e1fico de drogas em Montes Claros, na regi\u00e3o Note de Minas Gerais. A informa\u00e7\u00e3o foi divulgada na manh\u00e3 deste domingo, 7 de maio, pela Assessoria de Comunica\u00e7\u00e3o Organizacional do 50\u00ba Batalh\u00e3o de Pol\u00edcia Militar (BPM). De acordo com a [&hellip;]<\/p>\n","protected":false},"author":1,"featured_media":114456,"comment_status":"open","ping_status":"closed","sticky":false,"template":"","format":"standard","meta":{"amp_status":"","footnotes":""},"categories":[1236],"tags":[84150,148332,148331,104862,210,66614,148333,124951,2549,124014],"class_list":["post-114455","post","type-post","status-publish","format-standard","has-post-thumbnail","hentry","category-norte_de_minas","tag-apreensao-de-drogas-em-montes-claros","tag-bobo-alegre-e-preso-com-grande-quantidade-de-drogas-em-bobo-alegre-e-preso-com-grande-quantidade-de-drogas-em-montes-claros","tag-bobo-alegre-e-preso-com-grande-quantidade-de-drogas-em-montes-claros","tag-droga-apreendida-em-montes-claros","tag-montes-claros","tag-preso-em-montes-claros","tag-preso-por-trafico-em-montes-claros","tag-traficante-preso-em-montes-claros","tag-trafico-de-drogas-em-montes-claros","tag-trafico-em-montes-claros"],"_links":{"self":[{"href":"https:\/\/aconteceunovale.com.br\/portal\/index.php?rest_route=\/wp\/v2\/posts\/114455","targetHints":{"allow":["GET"]}}],"collection":[{"href":"https:\/\/aconteceunovale.com.br\/portal\/index.php?rest_route=\/wp\/v2\/posts"}],"about":[{"href":"https:\/\/aconteceunovale.com.br\/portal\/index.php?rest_route=\/wp\/v2\/types\/post"}],"author":[{"embeddable":true,"href":"https:\/\/aconteceunovale.com.br\/portal\/index.php?rest_route=\/wp\/v2\/users\/1"}],"replies":[{"embeddable":true,"href":"https:\/\/aconteceunovale.com.br\/portal\/index.php?rest_route=%2Fwp%2Fv2%2Fcomments&post=114455"}],"version-history":[{"count":0,"href":"https:\/\/aconteceunovale.com.br\/portal\/index.php?rest_route=\/wp\/v2\/posts\/114455\/revisions"}],"wp:featuredmedia":[{"embeddable":true,"href":"https:\/\/aconteceunovale.com.br\/portal\/index.php?rest_route=\/wp\/v2\/media\/114456"}],"wp:attachment":[{"href":"https:\/\/aconteceunovale.com.br\/portal\/index.php?rest_route=%2Fwp%2Fv2%2Fmedia&parent=114455"}],"wp:term":[{"taxonomy":"category","embeddable":true,"href":"https:\/\/aconteceunovale.com.br\/portal\/index.php?rest_route=%2Fwp%2Fv2%2Fcategories&post=114455"},{"taxonomy":"post_tag","embeddable":true,"href":"https:\/\/aconteceunovale.com.br\/portal\/index.php?rest_route=%2Fwp%2Fv2%2Ftags&post=114455"}],"curies":[{"name":"wp","href":"https:\/\/api.w.org\/{rel}","templated":true}]}}