{"id":114397,"date":"2017-05-07T20:09:30","date_gmt":"2017-05-07T22:09:30","guid":{"rendered":"http:\/\/aconteceunovale.com.br\/portal\/?p=114397"},"modified":"2017-05-07T20:09:30","modified_gmt":"2017-05-07T22:09:30","slug":"rafael-de-carlucio-e-eleito-prefeito-de-guaraciama","status":"publish","type":"post","link":"https:\/\/aconteceunovale.com.br\/portal\/?p=114397","title":{"rendered":"Rafael de Carl\u00facio \u00e9 eleito prefeito de Guaraciama"},"content":{"rendered":"<p>O advogado Rafael Dias Veloso, o Rafael de Carl\u00facio (PMDB), de 30 anos, est\u00e1 eleito prefeito de Guaraciama (MG). Com 100% das se\u00e7\u00f5es apuradas, o candidato recebeu 2.048 (51,69%) dos votos v\u00e1lidos e venceu o pecuarista Filomeno Afonso de Figueiredo, o Fil\u00f3 (PSDB), que obteve 1.914 (48,31%). <\/p>\n<p>Rafael de Carl\u00facio disputou a elei\u00e7\u00e3o suplementar de Guaraciama, neste domingo (07\/05\/2017), pela coliga\u00e7\u00e3o &#8220;Renova Guaraciama&#8221;, formada pelos partidos do Movimento Democr\u00e1tico Brasileiro (PMDB) e da Mobiliza\u00e7\u00e3o Nacional (PMN). O vice da chapa \u00e9 o administrador Nilton C\u00e9sar Fran\u00e7a, o Tim (PMN), de 39 anos.<\/p>\n<p>De acordo com informa\u00e7\u00f5es divulgadas pelo Tribunal Superior Eleitoral (TSE), Guaraciama possui 4.534 eleitores. Destes, 465 (10,26%) n\u00e3o compareceram para votar neste domingo. 29 (0,71%) votaram em branco e outros 78 (1,92%) anularam o voto.<\/p>\n<p><img decoding=\"async\" src=\"http:\/\/aconteceunovale.com.br\/portal\/wp-content\/uploads\/2017\/05\/eleito_guaraciama.jpg\" alt=\"\" \/><em>Rafael de Carl\u00facio e Tim formam a chapa vencedora em Guaraciama (Fotos: Divulga\u00e7\u00e3o\/TSE)<\/em><br \/>\n<\/br><\/p>\n<p><strong>VER PRIMEIRO<\/strong><\/p>\n<p><strong>Receba as not\u00edcias do Aconteceu no Vale em primeira m\u00e3o. Clique em curtir no endere\u00e7o <a href=\"https:\/\/www.facebook.com\/aconteceunovale\" target=\"_blank\"><font color=\"red\">www.facebook.com\/aconteceunovale<\/font><\/a> ou no box abaixo:<\/strong><\/p>\n<div class=\"fb-like\" data-href=\"https:\/\/www.facebook.com\/aconteceunovale\" data-width=\"120\" data-layout=\"standard\" data-action=\"like\" data-size=\"small\" data-show-faces=\"true\" data-share=\"true\"><\/div>\n<p><\/br><\/p>\n<p><em>(Reda\u00e7\u00e3o do Aconteceu no Vale)<\/em><\/p>\n","protected":false},"excerpt":{"rendered":"<p>O advogado Rafael Dias Veloso, o Rafael de Carl\u00facio (PMDB), de 30 anos, est\u00e1 eleito prefeito de Guaraciama (MG). Com 100% das se\u00e7\u00f5es apuradas, o candidato recebeu 2.048 (51,69%) dos votos v\u00e1lidos e venceu o pecuarista Filomeno Afonso de Figueiredo, o Fil\u00f3 (PSDB), que obteve 1.914 (48,31%). Rafael de Carl\u00facio disputou a elei\u00e7\u00e3o suplementar de [&hellip;]<\/p>\n","protected":false},"author":1,"featured_media":114398,"comment_status":"open","ping_status":"closed","sticky":false,"template":"","format":"standard","meta":{"amp_status":"","footnotes":""},"categories":[1236,40240],"tags":[148266,143412,143413,148267,147845,1694,148265,18096,148264,7882,147848,148263,147847],"class_list":["post-114397","post","type-post","status-publish","format-standard","has-post-thumbnail","hentry","category-norte_de_minas","category-politica","tag-candidato-eleito-em-guaraciama","tag-eleicao-em-guaraciama","tag-eleicao-suplementar-em-guaraciama","tag-eleito-prefeito-de-guaraciama","tag-filomeno-afonso-de-figueiredo","tag-guaraciama","tag-novo-prefeito-em-guaraciama","tag-pmdb","tag-prefeito-eleito-em-guaraciama","tag-psdb","tag-rafael-de-carlucio","tag-rafael-de-carlucio-e-eleito-prefeito-de-guaraciama","tag-rafael-dias-veloso"],"yoast_head":"<!-- This site is optimized with the Yoast SEO plugin v28.3 - https:\/\/yoast.com\/product\/yoast-seo-wordpress\/ -->\n<title>Rafael de Carl\u00facio \u00e9 eleito prefeito de Guaraciama - Aconteceu no Vale<\/title>\n<meta name=\"robots\" content=\"index, follow, max-snippet:-1, max-image-preview:large, max-video-preview:-1\" \/>\n<link rel=\"canonical\" href=\"https:\/\/aconteceunovale.com.br\/portal\/?p=114397\" \/>\n<meta property=\"og:locale\" content=\"pt_BR\" \/>\n<meta property=\"og:type\" content=\"article\" \/>\n<meta property=\"og:title\" content=\"Rafael de Carl\u00facio \u00e9 eleito prefeito de Guaraciama - Aconteceu no Vale\" \/>\n<meta property=\"og:description\" content=\"O advogado Rafael Dias Veloso, o Rafael de Carl\u00facio (PMDB), de 30 anos, est\u00e1 eleito prefeito de Guaraciama (MG). Com 100% das se\u00e7\u00f5es apuradas, o candidato recebeu 2.048 (51,69%) dos votos v\u00e1lidos e venceu o pecuarista Filomeno Afonso de Figueiredo, o Fil\u00f3 (PSDB), que obteve 1.914 (48,31%). Rafael de Carl\u00facio disputou a elei\u00e7\u00e3o suplementar de [&hellip;]\" \/>\n<meta property=\"og:url\" content=\"https:\/\/aconteceunovale.com.br\/portal\/?p=114397\" \/>\n<meta property=\"og:site_name\" content=\"Aconteceu no Vale\" \/>\n<meta property=\"article:publisher\" content=\"https:\/\/www.facebook.com\/aconteceunovale\/\" \/>\n<meta property=\"article:published_time\" content=\"2017-05-07T22:09:30+00:00\" \/>\n<meta property=\"og:image\" content=\"https:\/\/aconteceunovale.com.br\/portal\/wp-content\/uploads\/2017\/05\/eleito_guaraciama.jpg\" \/>\n\t<meta property=\"og:image:width\" content=\"678\" \/>\n\t<meta property=\"og:image:height\" content=\"450\" \/>\n\t<meta property=\"og:image:type\" content=\"image\/jpeg\" \/>\n<meta name=\"author\" content=\"Aconteceu no Vale\" \/>\n<meta name=\"twitter:card\" content=\"summary_large_image\" \/>\n<meta name=\"twitter:creator\" content=\"@noticiadosvales\" \/>\n<meta name=\"twitter:site\" content=\"@noticiadosvales\" \/>\n<meta name=\"twitter:label1\" content=\"Escrito por\" \/>\n\t<meta name=\"twitter:data1\" content=\"Aconteceu no Vale\" \/>\n\t<meta name=\"twitter:label2\" content=\"Est. tempo de leitura\" \/>\n\t<meta name=\"twitter:data2\" content=\"1 minuto\" \/>\n<script type=\"application\/ld+json\" class=\"yoast-schema-graph\">{\"@context\":\"https:\\\/\\\/schema.org\",\"@graph\":[{\"@type\":\"Article\",\"@id\":\"https:\\\/\\\/aconteceunovale.com.br\\\/portal\\\/?p=114397#article\",\"isPartOf\":{\"@id\":\"https:\\\/\\\/aconteceunovale.com.br\\\/portal\\\/?p=114397\"},\"author\":{\"name\":\"Aconteceu no Vale\",\"@id\":\"https:\\\/\\\/aconteceunovale.com.br\\\/portal\\\/#\\\/schema\\\/person\\\/633529146f2c94272bef50ac2953d589\"},\"headline\":\"Rafael de Carl\u00facio \u00e9 eleito prefeito de Guaraciama\",\"datePublished\":\"2017-05-07T22:09:30+00:00\",\"mainEntityOfPage\":{\"@id\":\"https:\\\/\\\/aconteceunovale.com.br\\\/portal\\\/?p=114397\"},\"wordCount\":181,\"commentCount\":0,\"image\":{\"@id\":\"https:\\\/\\\/aconteceunovale.com.br\\\/portal\\\/?p=114397#primaryimage\"},\"thumbnailUrl\":\"https:\\\/\\\/aconteceunovale.com.br\\\/portal\\\/wp-content\\\/uploads\\\/2017\\\/05\\\/eleito_guaraciama.jpg\",\"keywords\":[\"Candidato eleito em Guaraciama\",\"Elei\u00e7\u00e3o em Guaraciama\",\"Elei\u00e7\u00e3o suplementar em Guaraciama\",\"Eleito prefeito de Guaraciama\",\"Filomeno Afonso de Figueiredo\",\"Guaraciama\",\"Novo prefeito em Guaraciama\",\"PMDB\",\"Prefeito eleito em Guaraciama\",\"psdb\",\"Rafael de Carlucio\",\"Rafael de Carl\u00facio \u00e9 eleito prefeito de Guaraciama\",\"Rafael Dias Veloso\"],\"articleSection\":[\"Norte de Minas\",\"Pol\u00edtica\"],\"inLanguage\":\"pt-BR\",\"potentialAction\":[{\"@type\":\"CommentAction\",\"name\":\"Comment\",\"target\":[\"https:\\\/\\\/aconteceunovale.com.br\\\/portal\\\/?p=114397#respond\"]}]},{\"@type\":\"WebPage\",\"@id\":\"https:\\\/\\\/aconteceunovale.com.br\\\/portal\\\/?p=114397\",\"url\":\"https:\\\/\\\/aconteceunovale.com.br\\\/portal\\\/?p=114397\",\"name\":\"Rafael de Carl\u00facio \u00e9 eleito prefeito de Guaraciama - Aconteceu no Vale\",\"isPartOf\":{\"@id\":\"https:\\\/\\\/aconteceunovale.com.br\\\/portal\\\/#website\"},\"primaryImageOfPage\":{\"@id\":\"https:\\\/\\\/aconteceunovale.com.br\\\/portal\\\/?p=114397#primaryimage\"},\"image\":{\"@id\":\"https:\\\/\\\/aconteceunovale.com.br\\\/portal\\\/?p=114397#primaryimage\"},\"thumbnailUrl\":\"https:\\\/\\\/aconteceunovale.com.br\\\/portal\\\/wp-content\\\/uploads\\\/2017\\\/05\\\/eleito_guaraciama.jpg\",\"datePublished\":\"2017-05-07T22:09:30+00:00\",\"author\":{\"@id\":\"https:\\\/\\\/aconteceunovale.com.br\\\/portal\\\/#\\\/schema\\\/person\\\/633529146f2c94272bef50ac2953d589\"},\"breadcrumb\":{\"@id\":\"https:\\\/\\\/aconteceunovale.com.br\\\/portal\\\/?p=114397#breadcrumb\"},\"inLanguage\":\"pt-BR\",\"potentialAction\":[{\"@type\":\"ReadAction\",\"target\":[\"https:\\\/\\\/aconteceunovale.com.br\\\/portal\\\/?p=114397\"]}]},{\"@type\":\"ImageObject\",\"inLanguage\":\"pt-BR\",\"@id\":\"https:\\\/\\\/aconteceunovale.com.br\\\/portal\\\/?p=114397#primaryimage\",\"url\":\"https:\\\/\\\/aconteceunovale.com.br\\\/portal\\\/wp-content\\\/uploads\\\/2017\\\/05\\\/eleito_guaraciama.jpg\",\"contentUrl\":\"https:\\\/\\\/aconteceunovale.com.br\\\/portal\\\/wp-content\\\/uploads\\\/2017\\\/05\\\/eleito_guaraciama.jpg\",\"width\":678,\"height\":450},{\"@type\":\"BreadcrumbList\",\"@id\":\"https:\\\/\\\/aconteceunovale.com.br\\\/portal\\\/?p=114397#breadcrumb\",\"itemListElement\":[{\"@type\":\"ListItem\",\"position\":1,\"name\":\"In\u00edcio\",\"item\":\"https:\\\/\\\/aconteceunovale.com.br\\\/portal\\\/\"},{\"@type\":\"ListItem\",\"position\":2,\"name\":\"Rafael de Carl\u00facio \u00e9 eleito prefeito de Guaraciama\"}]},{\"@type\":\"WebSite\",\"@id\":\"https:\\\/\\\/aconteceunovale.com.br\\\/portal\\\/#website\",\"url\":\"https:\\\/\\\/aconteceunovale.com.br\\\/portal\\\/\",\"name\":\"Aconteceu no Vale\",\"description\":\"Portal de Not\u00edcias\",\"potentialAction\":[{\"@type\":\"SearchAction\",\"target\":{\"@type\":\"EntryPoint\",\"urlTemplate\":\"https:\\\/\\\/aconteceunovale.com.br\\\/portal\\\/?s={search_term_string}\"},\"query-input\":{\"@type\":\"PropertyValueSpecification\",\"valueRequired\":true,\"valueName\":\"search_term_string\"}}],\"inLanguage\":\"pt-BR\"},{\"@type\":\"Person\",\"@id\":\"https:\\\/\\\/aconteceunovale.com.br\\\/portal\\\/#\\\/schema\\\/person\\\/633529146f2c94272bef50ac2953d589\",\"name\":\"Aconteceu no Vale\",\"description\":\"Equipe de reportagem do Aconteceu no Vale, portal de not\u00edcias do Vale do Jequitinhonha, em Minas Gerais. Cobrimos as 51 cidades do Vale desde 2013. Sugest\u00f5es de pauta e pedidos de corre\u00e7\u00e3o: contato@aconteceunovale.com.br\",\"sameAs\":[\"http:\\\/\\\/www.aconteceunovale.com.br\"],\"url\":\"https:\\\/\\\/aconteceunovale.com.br\\\/portal\\\/?author=1\"}]}<\/script>\n<!-- \/ Yoast SEO plugin. -->","yoast_head_json":{"title":"Rafael de Carl\u00facio \u00e9 eleito prefeito de Guaraciama - Aconteceu no Vale","robots":{"index":"index","follow":"follow","max-snippet":"max-snippet:-1","max-image-preview":"max-image-preview:large","max-video-preview":"max-video-preview:-1"},"canonical":"https:\/\/aconteceunovale.com.br\/portal\/?p=114397","og_locale":"pt_BR","og_type":"article","og_title":"Rafael de Carl\u00facio \u00e9 eleito prefeito de Guaraciama - Aconteceu no Vale","og_description":"O advogado Rafael Dias Veloso, o Rafael de Carl\u00facio (PMDB), de 30 anos, est\u00e1 eleito prefeito de Guaraciama (MG). Com 100% das se\u00e7\u00f5es apuradas, o candidato recebeu 2.048 (51,69%) dos votos v\u00e1lidos e venceu o pecuarista Filomeno Afonso de Figueiredo, o Fil\u00f3 (PSDB), que obteve 1.914 (48,31%). Rafael de Carl\u00facio disputou a elei\u00e7\u00e3o suplementar de [&hellip;]","og_url":"https:\/\/aconteceunovale.com.br\/portal\/?p=114397","og_site_name":"Aconteceu no Vale","article_publisher":"https:\/\/www.facebook.com\/aconteceunovale\/","article_published_time":"2017-05-07T22:09:30+00:00","og_image":[{"width":678,"height":450,"url":"https:\/\/aconteceunovale.com.br\/portal\/wp-content\/uploads\/2017\/05\/eleito_guaraciama.jpg","type":"image\/jpeg"}],"author":"Aconteceu no Vale","twitter_card":"summary_large_image","twitter_creator":"@noticiadosvales","twitter_site":"@noticiadosvales","twitter_misc":{"Escrito por":"Aconteceu no Vale","Est. tempo de leitura":"1 minuto"},"schema":{"@context":"https:\/\/schema.org","@graph":[{"@type":"Article","@id":"https:\/\/aconteceunovale.com.br\/portal\/?p=114397#article","isPartOf":{"@id":"https:\/\/aconteceunovale.com.br\/portal\/?p=114397"},"author":{"name":"Aconteceu no Vale","@id":"https:\/\/aconteceunovale.com.br\/portal\/#\/schema\/person\/633529146f2c94272bef50ac2953d589"},"headline":"Rafael de Carl\u00facio \u00e9 eleito prefeito de Guaraciama","datePublished":"2017-05-07T22:09:30+00:00","mainEntityOfPage":{"@id":"https:\/\/aconteceunovale.com.br\/portal\/?p=114397"},"wordCount":181,"commentCount":0,"image":{"@id":"https:\/\/aconteceunovale.com.br\/portal\/?p=114397#primaryimage"},"thumbnailUrl":"https:\/\/aconteceunovale.com.br\/portal\/wp-content\/uploads\/2017\/05\/eleito_guaraciama.jpg","keywords":["Candidato eleito em Guaraciama","Elei\u00e7\u00e3o em Guaraciama","Elei\u00e7\u00e3o suplementar em Guaraciama","Eleito prefeito de Guaraciama","Filomeno Afonso de Figueiredo","Guaraciama","Novo prefeito em Guaraciama","PMDB","Prefeito eleito em Guaraciama","psdb","Rafael de Carlucio","Rafael de Carl\u00facio \u00e9 eleito prefeito de Guaraciama","Rafael Dias Veloso"],"articleSection":["Norte de Minas","Pol\u00edtica"],"inLanguage":"pt-BR","potentialAction":[{"@type":"CommentAction","name":"Comment","target":["https:\/\/aconteceunovale.com.br\/portal\/?p=114397#respond"]}]},{"@type":"WebPage","@id":"https:\/\/aconteceunovale.com.br\/portal\/?p=114397","url":"https:\/\/aconteceunovale.com.br\/portal\/?p=114397","name":"Rafael de Carl\u00facio \u00e9 eleito prefeito de Guaraciama - Aconteceu no Vale","isPartOf":{"@id":"https:\/\/aconteceunovale.com.br\/portal\/#website"},"primaryImageOfPage":{"@id":"https:\/\/aconteceunovale.com.br\/portal\/?p=114397#primaryimage"},"image":{"@id":"https:\/\/aconteceunovale.com.br\/portal\/?p=114397#primaryimage"},"thumbnailUrl":"https:\/\/aconteceunovale.com.br\/portal\/wp-content\/uploads\/2017\/05\/eleito_guaraciama.jpg","datePublished":"2017-05-07T22:09:30+00:00","author":{"@id":"https:\/\/aconteceunovale.com.br\/portal\/#\/schema\/person\/633529146f2c94272bef50ac2953d589"},"breadcrumb":{"@id":"https:\/\/aconteceunovale.com.br\/portal\/?p=114397#breadcrumb"},"inLanguage":"pt-BR","potentialAction":[{"@type":"ReadAction","target":["https:\/\/aconteceunovale.com.br\/portal\/?p=114397"]}]},{"@type":"ImageObject","inLanguage":"pt-BR","@id":"https:\/\/aconteceunovale.com.br\/portal\/?p=114397#primaryimage","url":"https:\/\/aconteceunovale.com.br\/portal\/wp-content\/uploads\/2017\/05\/eleito_guaraciama.jpg","contentUrl":"https:\/\/aconteceunovale.com.br\/portal\/wp-content\/uploads\/2017\/05\/eleito_guaraciama.jpg","width":678,"height":450},{"@type":"BreadcrumbList","@id":"https:\/\/aconteceunovale.com.br\/portal\/?p=114397#breadcrumb","itemListElement":[{"@type":"ListItem","position":1,"name":"In\u00edcio","item":"https:\/\/aconteceunovale.com.br\/portal\/"},{"@type":"ListItem","position":2,"name":"Rafael de Carl\u00facio \u00e9 eleito prefeito de Guaraciama"}]},{"@type":"WebSite","@id":"https:\/\/aconteceunovale.com.br\/portal\/#website","url":"https:\/\/aconteceunovale.com.br\/portal\/","name":"Aconteceu no Vale","description":"Portal de Not\u00edcias","potentialAction":[{"@type":"SearchAction","target":{"@type":"EntryPoint","urlTemplate":"https:\/\/aconteceunovale.com.br\/portal\/?s={search_term_string}"},"query-input":{"@type":"PropertyValueSpecification","valueRequired":true,"valueName":"search_term_string"}}],"inLanguage":"pt-BR"},{"@type":"Person","@id":"https:\/\/aconteceunovale.com.br\/portal\/#\/schema\/person\/633529146f2c94272bef50ac2953d589","name":"Aconteceu no Vale","description":"Equipe de reportagem do Aconteceu no Vale, portal de not\u00edcias do Vale do Jequitinhonha, em Minas Gerais. Cobrimos as 51 cidades do Vale desde 2013. Sugest\u00f5es de pauta e pedidos de corre\u00e7\u00e3o: contato@aconteceunovale.com.br","sameAs":["http:\/\/www.aconteceunovale.com.br"],"url":"https:\/\/aconteceunovale.com.br\/portal\/?author=1"}]}},"_links":{"self":[{"href":"https:\/\/aconteceunovale.com.br\/portal\/index.php?rest_route=\/wp\/v2\/posts\/114397","targetHints":{"allow":["GET"]}}],"collection":[{"href":"https:\/\/aconteceunovale.com.br\/portal\/index.php?rest_route=\/wp\/v2\/posts"}],"about":[{"href":"https:\/\/aconteceunovale.com.br\/portal\/index.php?rest_route=\/wp\/v2\/types\/post"}],"author":[{"embeddable":true,"href":"https:\/\/aconteceunovale.com.br\/portal\/index.php?rest_route=\/wp\/v2\/users\/1"}],"replies":[{"embeddable":true,"href":"https:\/\/aconteceunovale.com.br\/portal\/index.php?rest_route=%2Fwp%2Fv2%2Fcomments&post=114397"}],"version-history":[{"count":0,"href":"https:\/\/aconteceunovale.com.br\/portal\/index.php?rest_route=\/wp\/v2\/posts\/114397\/revisions"}],"wp:featuredmedia":[{"embeddable":true,"href":"https:\/\/aconteceunovale.com.br\/portal\/index.php?rest_route=\/wp\/v2\/media\/114398"}],"wp:attachment":[{"href":"https:\/\/aconteceunovale.com.br\/portal\/index.php?rest_route=%2Fwp%2Fv2%2Fmedia&parent=114397"}],"wp:term":[{"taxonomy":"category","embeddable":true,"href":"https:\/\/aconteceunovale.com.br\/portal\/index.php?rest_route=%2Fwp%2Fv2%2Fcategories&post=114397"},{"taxonomy":"post_tag","embeddable":true,"href":"https:\/\/aconteceunovale.com.br\/portal\/index.php?rest_route=%2Fwp%2Fv2%2Ftags&post=114397"}],"curies":[{"name":"wp","href":"https:\/\/api.w.org\/{rel}","templated":true}]}}