{"id":114371,"date":"2017-05-07T11:20:28","date_gmt":"2017-05-07T13:20:28","guid":{"rendered":"http:\/\/aconteceunovale.com.br\/portal\/?p=114371"},"modified":"2017-05-08T12:57:12","modified_gmt":"2017-05-08T14:57:12","slug":"seis-pessoas-sao-assassinadas-em-municipios-do-vale-do-jequitinhonha-e-leste-de-minas","status":"publish","type":"post","link":"https:\/\/aconteceunovale.com.br\/portal\/?p=114371","title":{"rendered":"Seis pessoas s\u00e3o assassinadas em munic\u00edpios do Vale do Jequitinhonha e Leste de Minas"},"content":{"rendered":"<p>Ao menos seis pessoas foram assassinadas nos primeiros dias de maio em munic\u00edpios do Vale do Jequitinhonha e Leste de Minas Gerais. As ocorr\u00eancias foram registradas pela Pol\u00edcia Militar (PM) em Belo Oriente, Jacinto, Ara\u00e7ua\u00ed, Medina, Tim\u00f3teo e Bom Jesus do Galho. Todas as v\u00edtimas foram assassinadas com disparos de arma de fogo.<\/p>\n<p>O crime mais recente ocorreu no fim da noite desse s\u00e1bado (6) em Belo Oriente (MG). Marcos Vin\u00edcius da Silva Lima, de 17 anos, foi morto a tiros, na Rua Roraima, durante um evento musical que era realizado na Escola Francisco Gon\u00e7alves de Brito. De acordo com a PM, o adolescente estaria recebendo amea\u00e7as de um morador do bairro, que inclusive teria corrido atr\u00e1s dele com uma arma de fogo. O suspeito ainda n\u00e3o foi localizado para prestar esclarecimentos.<\/p>\n<h4>Em Jacinto<\/h4>\n<p>Um homem que n\u00e3o teve a idade divulgada foi assassinado em Ava\u00ed do Jacinto, distrito de Jacinto (MG). O corpo de Alex Souza Batista Ferreira foi encontrado dentro de uma casa da Rua S\u00e3o Jos\u00e9, no in\u00edcio da noite desse s\u00e1bado (6). De acordo com a PM, a v\u00edtima apresentava ferimentos na cabe\u00e7a provocados por disparos de arma de fogo.<\/p>\n<p>Ainda segundo a PM, Alex Souza era conhecido no meio policial por diversas passagens como roubo, furto, tr\u00e1fico de drogas, porte ilegal de arma de fogo e suspeita de envolvimento em um homic\u00eddio registrado no distrito em data pret\u00e9rita. Os militares localizaram uma bucha de maconha no bolso da bermuda da v\u00edtima e debaixo da cama foram encontrados uma faca, um simulacro de pistola e um celular.<\/p>\n<p>A Per\u00edcia T\u00e9cnica da Pol\u00edcia Civil compareceu ao local e ap\u00f3s os trabalhos de praxe, o corpo foi removido para o Instituto M\u00e9dico Legal (IML) em Almenara. A pol\u00edcia constatou sinais de arrombamento na porta dos fundos do im\u00f3vel. <\/p>\n<p>Vizinhos disseram n\u00e3o ter ouvido nenhum barulho ou movimenta\u00e7\u00e3o estranha no local. A Pol\u00edcia Militar informou ainda que est\u00e1 realizando o levantamento de informa\u00e7\u00f5es com intuito de localizar e prender o autor do crime. Os materiais apreendido foram encaminhados para a delegacia.<\/p>\n<h4>Em Ara\u00e7ua\u00ed<\/h4>\n<p>Um homem foi assassinado durante uma festa de barraquinhas na Rua Dom Serafim, no bairro Bela Vista, em Ara\u00e7ua\u00ed. De acordo com a PM, ele foi alvejado por disparos de arma de fogo e chegou a ser socorrido na viatura policial at\u00e9 o Hospital S\u00e3o Vicente de Paulo, mas n\u00e3o resistiu aos ferimentos e veio a \u00f3bito ap\u00f3s o atendimento m\u00e9dico.<\/p>\n<p>Ainda segundo a PM, uma testemunha relatou que pela manh\u00e3 a v\u00edtima teria se desentendido com um rapaz de 23 anos por causa de uma bicicleta e durante a festa, ele teria entrado em luta corporal com o suspeito e foi atingido por diversos tiros.<\/p>\n<p>Militares foram at\u00e9 a resid\u00eancia do suposto autor, onde localizaram um tablet furtado na Escola Estadual Dom Jos\u00e9 de Haas. O suspeito n\u00e3o foi localizado no local, mas um familiar informou que ele chegou ao local todo ensanguentado e que teria sa\u00eddo na companhia de um casal. A PM acionou policiais das cidades circunvizinhas com intuito de localizar e prender o assassino, contudo, sem \u00eaxito at\u00e9 a manh\u00e3 deste domingo.<\/p>\n<h4>Em Medina<\/h4>\n<p>Um desentendimento entre irm\u00e3os terminou com um deles morto em Medina, no Vale do Jequitinhonha, na tarde de sexta-feira (5). A v\u00edtima deu entrada no hospital do munic\u00edpio, j\u00e1 sem os sinais vitais, ap\u00f3s ser atingido por um tiro de espingarda na art\u00e9ria femoral, na altura da coxa esquerda. O suspeito do crime fugiu levando a arma de fogo e ainda n\u00e3o foi localizado para prestar esclarecimentos.<\/p>\n<h4>Em Tim\u00f3teo<\/h4>\n<p>Um adolescente de 17 anos foi assassinado no in\u00edcio da noite de quinta-feira (5) no bairro Alegre, em Tim\u00f3teo (MG). Wesley Patrick Cordeiro Nascimento por disparos de arma de fogo nas proximidades de uma linha f\u00e9rrea. Uma equipe do Corpo de Bombeiros compareceu ao local e constatou o \u00f3bito. A autoria e motiva\u00e7\u00e3o do crime ainda s\u00e3o desconhecidas.<\/p>\n<h4>Em Bom Jesus do Galho<\/h4>\n<p>Um vereador de Bom Jesus do Galho, no Vale do Rio Doce, \u00e9 suspeito de matar um homem e balear outro. O crime ocorreu no in\u00edcio da madrugada de quinta-feira (4) no C\u00f3rrego Taquara\u00e7u, na zona rural do munic\u00edpio. Overino de Oliveira J\u00fanior, de 25 anos, foi encontrado morto dentro de uma casa. J\u00e1 D.G.S, de 22, foi socorrido e encaminhado ao Hospital M\u00e1rcio Cunha, em Ipatinga. <\/p>\n<p>De acordo com a PM, um familiar de Overino relatou que ele estava sofrendo amea\u00e7as de morte por parte do vereador. O motivo da desaven\u00e7a entre o parlamentar e a v\u00edtima seria uma licita\u00e7\u00e3o para presta\u00e7\u00e3o de servi\u00e7o de transporte escolar.  <\/p>\n<p>O sobrevivente ao ataque relatou aos militares que estava dormindo na casa de Overino, quando ouviu disparos de arma de fogo e ao verificar o que estava acontecendo, viu dois indiv\u00edduos armados. Os autores atiraram em dire\u00e7\u00e3o a D.G.S e em seguida evadiram do local.<\/p>\n<p>A Per\u00edcia T\u00e9cnica da Pol\u00edcia Civil compareceu a casa onde ocorreu o crime e ap\u00f3s os trabalhos de praxe, liberou o corpo de Overino para o IML. O vereador \u00e9 procurado para prestar esclarecimentos.<\/p>\n<p><strong>VER PRIMEIRO<\/strong><\/p>\n<p><strong>Receba as not\u00edcias do Aconteceu no Vale em primeira m\u00e3o. Clique em curtir no endere\u00e7o <a href=\"https:\/\/www.facebook.com\/aconteceunovale\" target=\"_blank\"><font color=\"red\">www.facebook.com\/aconteceunovale<\/font><\/a> ou no box abaixo:<\/strong><\/p>\n<div class=\"fb-like\" data-href=\"https:\/\/www.facebook.com\/aconteceunovale\" data-width=\"120\" data-layout=\"standard\" data-action=\"like\" data-size=\"small\" data-show-faces=\"true\" data-share=\"true\"><\/div>\n<p><\/br><\/p>\n<p><em>(Reda\u00e7\u00e3o do Aconteceu no Vale)<\/em><\/p>\n","protected":false},"excerpt":{"rendered":"<p>Ao menos seis pessoas foram assassinadas nos primeiros dias de maio em munic\u00edpios do Vale do Jequitinhonha e Leste de Minas Gerais. As ocorr\u00eancias foram registradas pela Pol\u00edcia Militar (PM) em Belo Oriente, Jacinto, Ara\u00e7ua\u00ed, Medina, Tim\u00f3teo e Bom Jesus do Galho. Todas as v\u00edtimas foram assassinadas com disparos de arma de fogo. O crime [&hellip;]<\/p>\n","protected":false},"author":1,"featured_media":71442,"comment_status":"open","ping_status":"closed","sticky":false,"template":"","format":"standard","meta":{"amp_status":"","footnotes":""},"categories":[121,120],"tags":[148202,186,47116,32738,350,1101,148203,20884,148201,74837,37107,13314,20792,148196,148207,408,148211,148204,389,43602,148200,148205,126019,148198,47118,43604,148199,74838,133925,148197,47117,23087,148208,148210,148212,1105,148209],"class_list":["post-114371","post","type-post","status-publish","format-standard","has-post-thumbnail","hentry","category-leste","category-jequi","tag-alex-souza-batista-ferreira","tag-aracuai","tag-assassinato-em-medina","tag-avai-do-jacinto","tag-belo-oriente","tag-bom-jesus-do-galho","tag-cleberson-soares-de-almeida","tag-homicidio-em-aracuai","tag-homicidio-em-avai-do-jacinto","tag-homicidio-em-belo-oriente","tag-homicidio-em-bom-jesus-do-galho","tag-homicidio-em-medina","tag-homicidio-em-timoteo","tag-homicidio-jacinto","tag-irmao-mata-irmao-em-medina","tag-jacinto","tag-louriberto-teles-de-souza","tag-marcos-vinicius-da-silva-lima","tag-medina","tag-morte-em-aracuai","tag-morte-em-avai-do-jacinto","tag-morte-em-belo-oriente","tag-morte-em-bom-jesus-do-galho","tag-morte-em-jacinto","tag-morte-em-medina","tag-morto-em-aracuai","tag-morto-em-avai-do-jacinto","tag-morto-em-belo-oriente","tag-morto-em-bom-jesus-do-galho","tag-morto-em-jacinto","tag-morto-em-medina","tag-morto-em-timoteo","tag-morto-pelo-irmao-em-medina","tag-overino-de-oliveira-junior","tag-seis-pessoas-sao-assassinadas-em-municipios-do-vale-do-jequitinhonha-e-leste-de-minas","tag-timoteo","tag-wesley-patrick-cordeiro-nascimento"],"_links":{"self":[{"href":"https:\/\/aconteceunovale.com.br\/portal\/index.php?rest_route=\/wp\/v2\/posts\/114371","targetHints":{"allow":["GET"]}}],"collection":[{"href":"https:\/\/aconteceunovale.com.br\/portal\/index.php?rest_route=\/wp\/v2\/posts"}],"about":[{"href":"https:\/\/aconteceunovale.com.br\/portal\/index.php?rest_route=\/wp\/v2\/types\/post"}],"author":[{"embeddable":true,"href":"https:\/\/aconteceunovale.com.br\/portal\/index.php?rest_route=\/wp\/v2\/users\/1"}],"replies":[{"embeddable":true,"href":"https:\/\/aconteceunovale.com.br\/portal\/index.php?rest_route=%2Fwp%2Fv2%2Fcomments&post=114371"}],"version-history":[{"count":0,"href":"https:\/\/aconteceunovale.com.br\/portal\/index.php?rest_route=\/wp\/v2\/posts\/114371\/revisions"}],"wp:featuredmedia":[{"embeddable":true,"href":"https:\/\/aconteceunovale.com.br\/portal\/index.php?rest_route=\/wp\/v2\/media\/71442"}],"wp:attachment":[{"href":"https:\/\/aconteceunovale.com.br\/portal\/index.php?rest_route=%2Fwp%2Fv2%2Fmedia&parent=114371"}],"wp:term":[{"taxonomy":"category","embeddable":true,"href":"https:\/\/aconteceunovale.com.br\/portal\/index.php?rest_route=%2Fwp%2Fv2%2Fcategories&post=114371"},{"taxonomy":"post_tag","embeddable":true,"href":"https:\/\/aconteceunovale.com.br\/portal\/index.php?rest_route=%2Fwp%2Fv2%2Ftags&post=114371"}],"curies":[{"name":"wp","href":"https:\/\/api.w.org\/{rel}","templated":true}]}}