{"id":114361,"date":"2017-05-06T23:28:12","date_gmt":"2017-05-07T01:28:12","guid":{"rendered":"http:\/\/aconteceunovale.com.br\/portal\/?p=114361"},"modified":"2017-05-06T23:28:12","modified_gmt":"2017-05-07T01:28:12","slug":"colisao-entre-quatro-veiculos-deixa-dois-mortos-na-br-381-no-vale-do-aco","status":"publish","type":"post","link":"https:\/\/aconteceunovale.com.br\/portal\/?p=114361","title":{"rendered":"Colis\u00e3o entre quatro ve\u00edculos deixa dois mortos na BR-381, no Vale do A\u00e7o"},"content":{"rendered":"<p>Duas pessoas morreram em um grave acidente na tarde deste s\u00e1bado (06\/05\/2017) no quil\u00f4metro 277 da BR-381, pr\u00f3ximo a Lagoa do Pau, na altura do munic\u00edpio de Jaguara\u00e7u, sa\u00edda do Vale do A\u00e7o para a Regi\u00e3o Metropolitana de Belo Horizonte. A ocorr\u00eancia foi atendida por militares do Pelot\u00e3o do Corpo de Bombeiros de Tim\u00f3teo (MG). Uma pessoa ferida foi encaminhada para um hospital da regi\u00e3o. <\/p>\n<p>As informa\u00e7\u00f5es iniciais d\u00e3o conta de que o condutor de uma carreta perdeu o controle direcional e provocou o in\u00edcio do acidente. No total, tr\u00eas caminh\u00f5es e um autom\u00f3vel se envolveram na colis\u00e3o. Um dos ve\u00edculos estava carregado com bovinos e com o acidente, alguns morreram e outros ficaram feridos.<\/p>\n<p>A Per\u00edcia T\u00e9cnica da Pol\u00edcia Civil foi acionada e ap\u00f3s os trabalhos de praxe, os corpos foram encaminhados para o Instituto M\u00e9dico Legal (IML). As causas e circunst\u00e2ncias do acidente ser\u00e3o apuradas. A identifica\u00e7\u00e3o das v\u00edtimas ainda n\u00e3o foi divulgada.<\/p>\n<p><img decoding=\"async\" src=\"http:\/\/aconteceunovale.com.br\/portal\/wp-content\/uploads\/2017\/05\/acidente_lagoadopau_2.jpg\" alt=\"\" \/><em>Acidente aconteceu no km 277 da BR-381 (Foto: Reprodu\u00e7\u00e3o\/WhatsApp)<\/em><br \/>\n<\/br><\/p>\n<p><img decoding=\"async\" src=\"http:\/\/aconteceunovale.com.br\/portal\/wp-content\/uploads\/2017\/05\/acidente_lagoadopau_1.jpg\" alt=\"\" \/><em>Acidente aconteceu no km 277 da BR-381 (Foto: Reprodu\u00e7\u00e3o\/WhatsApp)<\/em><br \/>\n<\/br><\/p>\n<p><strong>VER PRIMEIRO<\/strong><\/p>\n<p><strong>Receba as not\u00edcias do Aconteceu no Vale em primeira m\u00e3o. Clique em curtir no endere\u00e7o <a href=\"https:\/\/www.facebook.com\/aconteceunovale\" target=\"_blank\"><font color=\"red\">www.facebook.com\/aconteceunovale<\/font><\/a> ou no box abaixo:<\/strong><\/p>\n<div class=\"fb-like\" data-href=\"https:\/\/www.facebook.com\/aconteceunovale\" data-width=\"120\" data-layout=\"standard\" data-action=\"like\" data-size=\"small\" data-show-faces=\"true\" data-share=\"true\"><\/div>\n<p><\/br><\/p>\n","protected":false},"excerpt":{"rendered":"<p>Duas pessoas morreram em um grave acidente na tarde deste s\u00e1bado (06\/05\/2017) no quil\u00f4metro 277 da BR-381, pr\u00f3ximo a Lagoa do Pau, na altura do munic\u00edpio de Jaguara\u00e7u, sa\u00edda do Vale do A\u00e7o para a Regi\u00e3o Metropolitana de Belo Horizonte. A ocorr\u00eancia foi atendida por militares do Pelot\u00e3o do Corpo de Bombeiros de Tim\u00f3teo (MG). [&hellip;]<\/p>\n","protected":false},"author":1,"featured_media":114363,"comment_status":"open","ping_status":"closed","sticky":false,"template":"","format":"standard","meta":{"amp_status":"","footnotes":""},"categories":[121],"tags":[148187,148184,148183,8237,148185,148186,1397,148188,148189,1741,63064],"class_list":["post-114361","post","type-post","status-publish","format-standard","has-post-thumbnail","hentry","category-leste","tag-acidente-entre-caminhoes-em-jaguaracu","tag-acidente-entre-caminhoes-na-br-381","tag-acidente-entre-quatro-veiculos-deixa-dois-mortos-na-br-381","tag-acidente-na-br-381","tag-acidente-na-br-381-perto-da-lagoa-do-pau","tag-acidente-perto-da-lagoa-do-pau","tag-br-381","tag-colisao-entre-quatro-veiculos-deixa-dois-mortos-na-br-381","tag-colisao-entre-quatro-veiculos-deixa-dois-mortos-na-br-381-no-vale-do-aco","tag-jaguaracu","tag-no-vale-do-aco"],"_links":{"self":[{"href":"https:\/\/aconteceunovale.com.br\/portal\/index.php?rest_route=\/wp\/v2\/posts\/114361","targetHints":{"allow":["GET"]}}],"collection":[{"href":"https:\/\/aconteceunovale.com.br\/portal\/index.php?rest_route=\/wp\/v2\/posts"}],"about":[{"href":"https:\/\/aconteceunovale.com.br\/portal\/index.php?rest_route=\/wp\/v2\/types\/post"}],"author":[{"embeddable":true,"href":"https:\/\/aconteceunovale.com.br\/portal\/index.php?rest_route=\/wp\/v2\/users\/1"}],"replies":[{"embeddable":true,"href":"https:\/\/aconteceunovale.com.br\/portal\/index.php?rest_route=%2Fwp%2Fv2%2Fcomments&post=114361"}],"version-history":[{"count":0,"href":"https:\/\/aconteceunovale.com.br\/portal\/index.php?rest_route=\/wp\/v2\/posts\/114361\/revisions"}],"wp:featuredmedia":[{"embeddable":true,"href":"https:\/\/aconteceunovale.com.br\/portal\/index.php?rest_route=\/wp\/v2\/media\/114363"}],"wp:attachment":[{"href":"https:\/\/aconteceunovale.com.br\/portal\/index.php?rest_route=%2Fwp%2Fv2%2Fmedia&parent=114361"}],"wp:term":[{"taxonomy":"category","embeddable":true,"href":"https:\/\/aconteceunovale.com.br\/portal\/index.php?rest_route=%2Fwp%2Fv2%2Fcategories&post=114361"},{"taxonomy":"post_tag","embeddable":true,"href":"https:\/\/aconteceunovale.com.br\/portal\/index.php?rest_route=%2Fwp%2Fv2%2Ftags&post=114361"}],"curies":[{"name":"wp","href":"https:\/\/api.w.org\/{rel}","templated":true}]}}