{"id":114358,"date":"2017-05-06T22:00:38","date_gmt":"2017-05-07T00:00:38","guid":{"rendered":"http:\/\/aconteceunovale.com.br\/portal\/?p=114358"},"modified":"2017-05-06T22:00:38","modified_gmt":"2017-05-07T00:00:38","slug":"renegociacao-de-dividas-rurais-da-area-mineira-da-sudene-pode-chegar-a-r-32-bilhoes","status":"publish","type":"post","link":"https:\/\/aconteceunovale.com.br\/portal\/?p=114358","title":{"rendered":"Renegocia\u00e7\u00e3o de d\u00edvidas rurais da \u00e1rea mineira da Sudene pode chegar a R$ 32 bilh\u00f5es"},"content":{"rendered":"<p>A renegocia\u00e7\u00e3o das dividas dos produtores rurais da \u00e1rea mineira da Sudene, autorizada no \u00faltimo dia 27 de abril pelo Conselho Monet\u00e1rio Nacional atrav\u00e9s da resolu\u00e7\u00e3o 4.565, alcan\u00e7ar\u00e1 o montante de at\u00e9 R$ 3,2 bilh\u00f5es, conforme levantamentos da Associa\u00e7\u00e3o dos Munic\u00edpios da \u00c1rea Mineira da Sudene \u2013 AMAMS. S\u00e3o 184 munic\u00edpios beneficiados pela medida articulada pela AMAMS e Associa\u00e7\u00e3o dos Sindicatos Rurais do Norte de Minas, em parceria com as principais entidades de classe.<\/p>\n<p>Do total de renegocia\u00e7\u00f5es, os maiores valores s\u00e3o de Buritizeiro com R$ 114.374.102,14; V\u00e1rzea da Palma com R$ 94.327.999,71; Ja\u00edba com R$ 89.096.859,04; Chapada Ga\u00facha com R$ 92.708.264,81 e Janu\u00e1ria com R$ 63.771.911,22. Por\u00e9m, na \u00e1rea mineira da Sudene o maior montante \u00e9 de Formoso, com R$ 154.493.635,31 e Carlos Chagas com R$ 122.634.069,35.<\/p>\n<p>Em janeiro de 2017 a AMAMS realizou uma reuni\u00e3o com as principais entidades de classe da regi\u00e3o e logo foi acionada pela Associa\u00e7\u00e3o dos Sindicatos Rurais do Norte de Minas para interceder junto ao Governo para a renegocia\u00e7\u00e3o das dividas rurais do per\u00edodo de 2012 a 2016, que ficaram fora da primeira renegocia\u00e7\u00e3o liberada no final de 2016. A AMAMS marcou reuni\u00e3o no Banco Central, Minist\u00e9rio da Integra\u00e7\u00e3o Nacional, Sudene, BNB e outros \u00f3rg\u00e3os.<\/p>\n<p>O resultado deste trabalho foi a resolu\u00e7\u00e3o 4.565 que saiu no dia 27 de abril. O presidente da Associa\u00e7\u00e3o dos Sindicatos Rurais do Norte de Minas, Jos\u00e9 Aparecido Mendes fez um agradecimento especial ao presidente da AMAMS, Jos\u00e9 Reis Nogueira de Barros, demais diretores e assessores da AMAMS pela viabiliza\u00e7\u00e3o dessa conquista.<\/p>\n<p>O presidente do Banco Central, Ilan Goldfajn, publicou a  Resolu\u00e7\u00e3o 4.565, de  27 de abril de 2017, onde autoriza a renegocia\u00e7\u00e3o de opera\u00e7\u00f5es de cr\u00e9dito rural de custeio e de investimento contratadas por produtores rurais que tiveram preju\u00edzos em decorr\u00eancia de seca ou estiagem em munic\u00edpios de Minas Gerais, compreendidos na \u00e1rea de atua\u00e7\u00e3o da Superintend\u00eancia de Desenvolvimento do Nordeste (Sudene).<\/p>\n<p>O presidente da AMAMS, Jos\u00e9 Reis afirma que a principal vantagem dessa renegocia\u00e7\u00e3o \u00e9 o socorro oferecido ao homem do campo neste momento critico de seca, que castiga a regi\u00e3o h\u00e1 seis anos consecutivos. Ao renegociar a d\u00edvida, os produtores rurais ficam habilitados a receberem novos financiamentos e manter a sua atividade produtiva. O presidente lembra ainda que dos 184 munic\u00edpios da \u00e1rea mineira da Sudene, no m\u00e1ximo 20 tem a sobreviv\u00eancia na atividade industrial. Todos outros dependem da atividade rural. Como o homem do campo foi prejudicado pela impiedosa seca, isso causaria um impacto muito grande.<\/p>\n<p>Pela resolu\u00e7\u00e3o, ficam as institui\u00e7\u00f5es financeiras autorizadas a renegociar as opera\u00e7\u00f5es de cr\u00e9dito rural de custeio e de investimento em situa\u00e7\u00e3o de adimpl\u00eancia em 31 de dezembro de 2015, lastreadas com recursos controlados de que trata o Manual de Cr\u00e9dito Rural, vencidas ou vincendas de 1\u00ba de janeiro de 2016 a 29 de dezembro de 2017, inclusive aquelas prorrogadas por autoriza\u00e7\u00e3o do Conselho Monet\u00e1rio Nacional, contratadas por produtores rurais e por suas cooperativas de produ\u00e7\u00e3o agropecu\u00e1ria, que tiveram preju\u00edzos em decorr\u00eancia de seca ou estiagem em munic\u00edpios, onde foi decretada a Situa\u00e7\u00e3o de Emerg\u00eancia ou Calamidade P\u00fablica.<\/p>\n<p><img decoding=\"async\" src=\"http:\/\/aconteceunovale.com.br\/portal\/wp-content\/uploads\/2017\/05\/visita_amans.jpg\" alt=\"\" \/><em>Representantes da AMAMS e o vice-presidente da C\u00e2mara (Foto: Divulga\u00e7\u00e3o\/AMAMS)<\/em><br \/>\n<\/br><\/p>\n<p><strong>VER PRIMEIRO<\/strong><\/p>\n<p><strong>Receba as not\u00edcias do Aconteceu no Vale em primeira m\u00e3o. Clique em curtir no endere\u00e7o <a href=\"https:\/\/www.facebook.com\/aconteceunovale\" target=\"_blank\"><font color=\"red\">www.facebook.com\/aconteceunovale<\/font><\/a> ou no box abaixo:<\/strong><\/p>\n<div class=\"fb-like\" data-href=\"https:\/\/www.facebook.com\/aconteceunovale\" data-width=\"120\" data-layout=\"standard\" data-action=\"like\" data-size=\"small\" data-show-faces=\"true\" data-share=\"true\"><\/div>\n<p><\/br><\/p>\n<p><em>(Fonte: AMAMS)<\/em><\/p>\n","protected":false},"excerpt":{"rendered":"<p>A renegocia\u00e7\u00e3o das dividas dos produtores rurais da \u00e1rea mineira da Sudene, autorizada no \u00faltimo dia 27 de abril pelo Conselho Monet\u00e1rio Nacional atrav\u00e9s da resolu\u00e7\u00e3o 4.565, alcan\u00e7ar\u00e1 o montante de at\u00e9 R$ 3,2 bilh\u00f5es, conforme levantamentos da Associa\u00e7\u00e3o dos Munic\u00edpios da \u00c1rea Mineira da Sudene \u2013 AMAMS. S\u00e3o 184 munic\u00edpios beneficiados pela medida articulada [&hellip;]<\/p>\n","protected":false},"author":1,"featured_media":114359,"comment_status":"open","ping_status":"closed","sticky":false,"template":"","format":"standard","meta":{"amp_status":"","footnotes":""},"categories":[123,1236,122],"tags":[949,14804,148181,22104,1535,1175,3057,148180,148179,334,95067,1058,205,148182,30578,87734,148178,31446,1340],"class_list":["post-114358","post","type-post","status-publish","format-standard","has-post-thumbnail","hentry","category-gerais","category-norte_de_minas","category-mucuri","tag-amams","tag-associacao-dos-municipios-da-area-mineira-da-sudene","tag-associacao-dos-sindicatos-rurais-do-norte-de-minas","tag-banco-central","tag-buritizeiro","tag-carlos-chagas","tag-chapada-gaucha","tag-dividas-dos-produtores-rurais-da-area-mineira-da-sudene","tag-dividas-rurais-da-area-mineira-da-sudene","tag-formoso","tag-ilan-goldfajn","tag-jaiba","tag-januaria","tag-jose-aparecido-mendes","tag-jose-reis-nogueira-de-barros","tag-presidente-da-amams","tag-renegociacao-de-dividas-rurais-da-area-mineira-da-sudene-pode-chegar-a-r-32-bilhoes","tag-sudene","tag-varzea-da-palma"],"_links":{"self":[{"href":"https:\/\/aconteceunovale.com.br\/portal\/index.php?rest_route=\/wp\/v2\/posts\/114358","targetHints":{"allow":["GET"]}}],"collection":[{"href":"https:\/\/aconteceunovale.com.br\/portal\/index.php?rest_route=\/wp\/v2\/posts"}],"about":[{"href":"https:\/\/aconteceunovale.com.br\/portal\/index.php?rest_route=\/wp\/v2\/types\/post"}],"author":[{"embeddable":true,"href":"https:\/\/aconteceunovale.com.br\/portal\/index.php?rest_route=\/wp\/v2\/users\/1"}],"replies":[{"embeddable":true,"href":"https:\/\/aconteceunovale.com.br\/portal\/index.php?rest_route=%2Fwp%2Fv2%2Fcomments&post=114358"}],"version-history":[{"count":0,"href":"https:\/\/aconteceunovale.com.br\/portal\/index.php?rest_route=\/wp\/v2\/posts\/114358\/revisions"}],"wp:featuredmedia":[{"embeddable":true,"href":"https:\/\/aconteceunovale.com.br\/portal\/index.php?rest_route=\/wp\/v2\/media\/114359"}],"wp:attachment":[{"href":"https:\/\/aconteceunovale.com.br\/portal\/index.php?rest_route=%2Fwp%2Fv2%2Fmedia&parent=114358"}],"wp:term":[{"taxonomy":"category","embeddable":true,"href":"https:\/\/aconteceunovale.com.br\/portal\/index.php?rest_route=%2Fwp%2Fv2%2Fcategories&post=114358"},{"taxonomy":"post_tag","embeddable":true,"href":"https:\/\/aconteceunovale.com.br\/portal\/index.php?rest_route=%2Fwp%2Fv2%2Ftags&post=114358"}],"curies":[{"name":"wp","href":"https:\/\/api.w.org\/{rel}","templated":true}]}}