{"id":114354,"date":"2017-05-06T21:37:50","date_gmt":"2017-05-06T23:37:50","guid":{"rendered":"http:\/\/aconteceunovale.com.br\/portal\/?p=114354"},"modified":"2017-05-06T21:37:50","modified_gmt":"2017-05-06T23:37:50","slug":"cegonheira-e-carros-0-km-sao-destruidos-em-incendio-na-br-262-em-martins-soares","status":"publish","type":"post","link":"https:\/\/aconteceunovale.com.br\/portal\/?p=114354","title":{"rendered":"Cegonheira e carros 0 km s\u00e3o destru\u00eddos em inc\u00eandio na BR-262, em Martins Soares"},"content":{"rendered":"<p>A carroceria de uma carreta cegonheira e onze autom\u00f3veis zero quil\u00f4metro foram destru\u00eddos em um inc\u00eandio registrado na manh\u00e3 dessa sexta-feira, 5 de maio, na BR-262, munic\u00edpio de Martins Soares (MG). Segundo informa\u00e7\u00f5es da Pol\u00edcia Rodovi\u00e1ria Federal (PRF), as chamas iniciaram em uma das rodas traseiras e rapidamente se alastraram pela carreta.<\/p>\n<p>O Corpo de Bombeiros foi acionado e combateu o inc\u00eandio. O condutor da carreta, com placas de Betim (MG), n\u00e3o ficou ferido.<\/p>\n<p>Imagens registradas por um internauta e enviadas ao Aconteceu no Vale atrav\u00e9s do WhatsApp mostram as chamas consumindo os ve\u00edculos e o momento em que uma picape Fiat\/Toro cai da cegonheira.<\/p>\n<h4>V\u00eddeo<\/h4>\n<p><iframe loading=\"lazy\" width=\"640\" height=\"360\" src=\"https:\/\/www.youtube.com\/embed\/PeLWqMcYK6c\" frameborder=\"0\" allowfullscreen><\/iframe><br \/>\n<\/br><\/p>\n<h4>Fotos<\/h4>\n<p><img decoding=\"async\" src=\"http:\/\/aconteceunovale.com.br\/portal\/wp-content\/uploads\/2017\/05\/incendio_262_martinssoares_1.jpg\" alt=\"\" \/><em>Inc\u00eandio foi registrado na BR-262 (Foto: Reprodu\u00e7\u00e3o\/WhatsApp)<\/em><br \/>\n<\/br><\/p>\n<p><img decoding=\"async\" src=\"http:\/\/aconteceunovale.com.br\/portal\/wp-content\/uploads\/2017\/05\/incendio_262_martinssoares_2.jpg\" alt=\"\" \/><em>Inc\u00eandio foi registrado na BR-262 (Foto: Reprodu\u00e7\u00e3o\/WhatsApp)<\/em><br \/>\n<\/br><\/p>\n<p><strong>VER PRIMEIRO<\/strong><\/p>\n<p><strong>Receba as not\u00edcias do Aconteceu no Vale em primeira m\u00e3o. Clique em curtir no endere\u00e7o <a href=\"https:\/\/www.facebook.com\/aconteceunovale\" target=\"_blank\"><font color=\"red\">www.facebook.com\/aconteceunovale<\/font><\/a> ou no box abaixo:<\/strong><\/p>\n<div class=\"fb-like\" data-href=\"https:\/\/www.facebook.com\/aconteceunovale\" data-width=\"120\" data-layout=\"standard\" data-action=\"like\" data-size=\"small\" data-show-faces=\"true\" data-share=\"true\"><\/div>\n<p><\/br><\/p>\n","protected":false},"excerpt":{"rendered":"<p>A carroceria de uma carreta cegonheira e onze autom\u00f3veis zero quil\u00f4metro foram destru\u00eddos em um inc\u00eandio registrado na manh\u00e3 dessa sexta-feira, 5 de maio, na BR-262, munic\u00edpio de Martins Soares (MG). Segundo informa\u00e7\u00f5es da Pol\u00edcia Rodovi\u00e1ria Federal (PRF), as chamas iniciaram em uma das rodas traseiras e rapidamente se alastraram pela carreta. O Corpo de [&hellip;]<\/p>\n","protected":false},"author":1,"featured_media":114356,"comment_status":"open","ping_status":"closed","sticky":false,"template":"","format":"standard","meta":{"amp_status":"","footnotes":""},"categories":[123],"tags":[1495,49986,148172,148169,148171,1018,148170,148177,148173,148176,148175,148174,2419],"class_list":["post-114354","post","type-post","status-publish","format-standard","has-post-thumbnail","hentry","category-gerais","tag-betim","tag-br-262","tag-br-262-em-martins-soares","tag-cegonheira-e-carros-0-km-sao-destruidos-em-incendio-na-br-262","tag-cegonheira-e-carros-0-km-sao-destruidos-em-incendio-na-br-262-em-martins-soares","tag-destaque","tag-em-martins-soares","tag-fiat","tag-incendio-br-262-em-martins-soares","tag-incendio-em-cegonheira-da-fiat","tag-incendio-em-cegonheira-da-fiat-na-br-262-em-martins-soares","tag-incendio-em-cegonheira-na-br-262-em-martins-soares","tag-martins-soares"],"_links":{"self":[{"href":"https:\/\/aconteceunovale.com.br\/portal\/index.php?rest_route=\/wp\/v2\/posts\/114354","targetHints":{"allow":["GET"]}}],"collection":[{"href":"https:\/\/aconteceunovale.com.br\/portal\/index.php?rest_route=\/wp\/v2\/posts"}],"about":[{"href":"https:\/\/aconteceunovale.com.br\/portal\/index.php?rest_route=\/wp\/v2\/types\/post"}],"author":[{"embeddable":true,"href":"https:\/\/aconteceunovale.com.br\/portal\/index.php?rest_route=\/wp\/v2\/users\/1"}],"replies":[{"embeddable":true,"href":"https:\/\/aconteceunovale.com.br\/portal\/index.php?rest_route=%2Fwp%2Fv2%2Fcomments&post=114354"}],"version-history":[{"count":0,"href":"https:\/\/aconteceunovale.com.br\/portal\/index.php?rest_route=\/wp\/v2\/posts\/114354\/revisions"}],"wp:featuredmedia":[{"embeddable":true,"href":"https:\/\/aconteceunovale.com.br\/portal\/index.php?rest_route=\/wp\/v2\/media\/114356"}],"wp:attachment":[{"href":"https:\/\/aconteceunovale.com.br\/portal\/index.php?rest_route=%2Fwp%2Fv2%2Fmedia&parent=114354"}],"wp:term":[{"taxonomy":"category","embeddable":true,"href":"https:\/\/aconteceunovale.com.br\/portal\/index.php?rest_route=%2Fwp%2Fv2%2Fcategories&post=114354"},{"taxonomy":"post_tag","embeddable":true,"href":"https:\/\/aconteceunovale.com.br\/portal\/index.php?rest_route=%2Fwp%2Fv2%2Ftags&post=114354"}],"curies":[{"name":"wp","href":"https:\/\/api.w.org\/{rel}","templated":true}]}}