{"id":114349,"date":"2017-05-06T20:00:23","date_gmt":"2017-05-06T22:00:23","guid":{"rendered":"http:\/\/aconteceunovale.com.br\/portal\/?p=114349"},"modified":"2017-05-06T20:00:23","modified_gmt":"2017-05-06T22:00:23","slug":"governo-de-minas-apresenta-projeto-de-inclusao-produtiva-no-alto-jequitinhonha","status":"publish","type":"post","link":"https:\/\/aconteceunovale.com.br\/portal\/?p=114349","title":{"rendered":"Governo de Minas apresenta projeto de inclus\u00e3o produtiva no Alto Jequitinhonha"},"content":{"rendered":"<p>O Projeto Sementes Presentes, alimento e trabalho no campo, que integra a Estrat\u00e9gia de Enfrentamento da Pobreza no Campo Novos Encontros, do Governo de Minas Gerais, foi apresentado nessa sexta-feira (5\/5), pela Secretaria de Estado de Trabalho e Desenvolvimento Social (Sedese), em Diamantina, a prefeitos, vereadores, secret\u00e1rios municipais, agricultores familiares e conselheiros de 30 munic\u00edpios, a maioria do Alto Jequitinhonha.<\/p>\n<p>O pequeno produtor receber\u00e1 assist\u00eancia t\u00e9cnica e insumos para aperfei\u00e7oar a produ\u00e7\u00e3o e ter\u00e1 acesso ao mercado institucional facilitado, por meio de a\u00e7\u00e3o articulada com as compras institucionais da alimenta\u00e7\u00e3o escolar das escolas p\u00fablicas. At\u00e9 2018 o Sementes Presentes abranger\u00e1 229 munic\u00edpios em cinco territ\u00f3rios priorit\u00e1rios da Estrat\u00e9gia &#8211; Alto, M\u00e9dio e Baixo Jequitinhonha, Mucuri, Norte e Vale do Rio Doce.<\/p>\n<p>Representando a secret\u00e1ria de Estado de Trabalho e Desenvolvimento Social, Rosilene Rocha, a secret\u00e1ria de Estado adjunta da Sedese, Karla Fran\u00e7a, destacou a uni\u00e3o de esfor\u00e7os de diversas secretarias e \u00f3rg\u00e3os do Governo de Minas para diminuir a pobreza no campo.<\/p>\n<p>\u201cN\u00f3s temos as palavras que norteiam todo esse trabalho: uni\u00e3o de esfor\u00e7os, coordena\u00e7\u00e3o de a\u00e7\u00f5es e intersetorialidade. N\u00e3o h\u00e1 que se falar em pol\u00edtica p\u00fablica se n\u00e3o houver isso, a integra\u00e7\u00e3o, a participa\u00e7\u00e3o e o comprometimento necess\u00e1rios\u201d, destacou.<\/p>\n<p>A assessora de Projetos Especiais da Sedese, Aid\u00ea Can\u00e7ado, refor\u00e7ou o papel dos munic\u00edpios para o \u00eaxito do Sementes Presentes. Nesta primeira etapa do projeto, no Territ\u00f3rio Alto Jequitinhonha, ser\u00e3o beneficiados 22 munic\u00edpios vinculados \u00e0 Superintend\u00eancia Regional de Ensino de Diamantina. Participar\u00e3o do Projeto 10.870 agricultores, que receber\u00e3o kits de sementes para plantio, al\u00e9m de assist\u00eancia t\u00e9cnica da Emater.<\/p>\n<p>Para o diretor regional da Emater, Jo\u00e3o D\u2019Angelo, o Projeto \u00e9 inovador por articular instrumentos de prote\u00e7\u00e3o social com agendas de desenvolvimento regional. \u201cSementes Presentes representa uma mudan\u00e7a extraordin\u00e1ria, vamos passar a distribuir semente, apoiando como insumo, mas como pol\u00edtica p\u00fablica integrada a uma s\u00e9rie de iniciativas tanto de prote\u00e7\u00e3o social quanto de infraestrutura e desenvolvimento econ\u00f4mico. \u00c9 completamente diferente a qualidade e a responsabilidade da a\u00e7\u00e3o p\u00fablica que aqui est\u00e1 se fazendo\u201d, afirmou.<\/p>\n<p>O alinhamento de conduta entre os diversos \u00f3rg\u00e3os do Estado foi citado pelo prefeito municipal de Diamantina, Jucelino Roque, ao destacar o car\u00e1ter educativo do projeto.  \u201cO foco do Projeto no pequeno produtor, naqueles que s\u00e3o muitas vezes invis\u00edveis ao poder p\u00fablico, e que v\u00e3o receber orienta\u00e7\u00e3o, \u00e9 o principal do Projeto\u201d.<\/p>\n<p>O agricultor familiar Jos\u00e9 Prates, da Comunidade Bonfim, tem a mesma opini\u00e3o. \u201cEsses programas s\u00e3o importantes, eu diria para a educa\u00e7\u00e3o do agricultor, que recebe informa\u00e7\u00f5es, passa a ter maior racioc\u00ednio para a agricultura, cuidado especial porque recebe orienta\u00e7\u00f5es. Por outro lado, tamb\u00e9m para as crian\u00e7as na escola, que recebem um produto de qualidade, de proced\u00eancia conhecida, \u00e9 muito bom\u201d, avalia.<\/p>\n<p>Membro do Conselho Municipal de Desenvolvimento Sustent\u00e1vel, o pequeno produtor Manoel dos Reis, da Comunidade Bra\u00fanas, espera que o Projeto o auxilie a melhorar a renda familiar. \u201cMinha expectativa \u00e9 que consiga viver exclusivamente da renda do campo\u201d.<\/p>\n<p>Tamb\u00e9m estiveram presentes no evento representantes das Secretarias de Educa\u00e7\u00e3o (SEE), de Sa\u00fade (SES) e de Desenvolvimento Agr\u00e1rio (Seda), e da Federa\u00e7\u00e3o dos Trabalhadores na Agricultura de Minas Gerais (Fetaemg), da Empresa Mineira de Assist\u00eancia T\u00e9cnica e Rural (Emater), do Instituto Mineiro de Agropecu\u00e1ria (IMA), e do Servi\u00e7o Brasileiro de Apoio \u00e0s Micro e Pequenas Empresas (Sebrae).<\/p>\n<p><img decoding=\"async\" src=\"http:\/\/aconteceunovale.com.br\/portal\/wp-content\/uploads\/2017\/05\/sementes_presentes_1.jpg\" alt=\"\" \/><em>Apresenta\u00e7\u00e3o foi para representantes de 30 munic\u00edpios (Foto: Divulga\u00e7\u00e3o\/Sedese)<\/em><br \/>\n<\/br><\/p>\n<p><strong>Circuito Alimenta\u00e7\u00e3o<\/strong><\/p>\n<p>Teve in\u00edcio esta semana, em Diamantina, o Circuito Alimenta\u00e7\u00e3o, parte mais t\u00e9cnica do Projeto Sementes Presentes e a\u00e7\u00e3o conjunta das Secretarias de Estado de Desenvolvimento Agr\u00e1rio (Seda) e de Educa\u00e7\u00e3o (SEE), Emater-MG, com o apoio da Fetaemg e das Secretarias de Estado de Governo (Segov), de Planejamento e Gest\u00e3o (Seplag) e de Trabalho e Desenvolvimento Social (Sedese).<\/p>\n<p>O circuito oferece oficinas de capacita\u00e7\u00e3o t\u00e9cnica para agricultores familiares, profissionais da rede estadual de ensino e extensionistas rurais, e re\u00fane diretores de escolas e pequenos agricultores para tra\u00e7ar um plano de adequa\u00e7\u00e3o da alimenta\u00e7\u00e3o aos produtos regionais e racionaliza\u00e7\u00e3o da entrega de alimentos nas escolas.<\/p>\n<p>A oficina em Diamantina, inaugurou a parte t\u00e9cnica do Projeto, que ser\u00e1 realizada entre os meses de maio e junho, em mais cinco polos regionais, atendendo aos territ\u00f3rios dos Novos Encontros: Almenara, Janu\u00e1ria, Te\u00f3filo Otoni e Governador Valadares.<\/p>\n<p>S\u00e3o 16 horas de forma\u00e7\u00e3o e elabora\u00e7\u00e3o do Plano, e mais quatro horas de assessoria do Sebrae \u00e0s escolas, para aprimoramento da gest\u00e3o das compras institucionais.  A partir da realiza\u00e7\u00e3o do Circuito, o Sebrae estende sua consultoria durante um ano, intercalando momentos de forma\u00e7\u00e3o com outros de monitoramento e assessoria.  No total, ser\u00e3o mais de 700 escolas envolvidas.<\/p>\n<p>Luciana Teixeira, da diretoria regional do Sebrae, explicou que o Sebrae v\u00ea o pequeno agricultor familiar como pequeno neg\u00f3cio. \u201cE a gente sabe que apenas desenvolvendo os pequenos neg\u00f3cios \u00e9 que a gente vai garantir o desenvolvimento econ\u00f4mico e social dos territ\u00f3rios\u201d, assegurou.<\/p>\n<p><strong>Novos Encontros<\/strong><\/p>\n<p>Coordenada e articulada por 19 \u00f3rg\u00e3os do Governo de Minas Gerais , a Estrat\u00e9gia Novos Encontros tem possibilitado \u00e0 popula\u00e7\u00e3o do campo acesso \u00e0 eletrifica\u00e7\u00e3o rural, \u00e0 escola integrada e integral, \u00e0 forma\u00e7\u00e3o de profissionais da educa\u00e7\u00e3o, aquisi\u00e7\u00e3o de \u00f4nibus para transporte escolar, cofinanciamento de equipes volantes para busca ativa do p\u00fablico \u201cinvis\u00edvel\u201d, doa\u00e7\u00e3o de ve\u00edculos para uso dos Cras, qualifica\u00e7\u00e3o das equipes do Suas, garantia de renda m\u00ednima aos agricultores familiares, energiza\u00e7\u00e3o dos po\u00e7os artesianos, entre outras a\u00e7\u00f5es.<\/p>\n<p><img decoding=\"async\" src=\"http:\/\/aconteceunovale.com.br\/portal\/wp-content\/uploads\/2017\/05\/sementes_presentes_1.png\" alt=\"\" \/><\/p>\n<p><img decoding=\"async\" src=\"http:\/\/aconteceunovale.com.br\/portal\/wp-content\/uploads\/2017\/05\/sementes_presentes_2.png\" alt=\"\" \/><\/p>\n<p><strong>VER PRIMEIRO<\/strong><\/p>\n<p><strong>Receba as not\u00edcias do Aconteceu no Vale em primeira m\u00e3o. Clique em curtir no endere\u00e7o <a href=\"https:\/\/www.facebook.com\/aconteceunovale\" target=\"_blank\"><font color=\"red\">www.facebook.com\/aconteceunovale<\/font><\/a> ou no box abaixo:<\/strong><\/p>\n<div class=\"fb-like\" data-href=\"https:\/\/www.facebook.com\/aconteceunovale\" data-width=\"120\" data-layout=\"standard\" data-action=\"like\" data-size=\"small\" data-show-faces=\"true\" data-share=\"true\"><\/div>\n<p><\/br><\/p>\n<p><em>(Fonte: Ag\u00eancia Minas)<\/em><\/p>\n","protected":false},"excerpt":{"rendered":"<p>O Projeto Sementes Presentes, alimento e trabalho no campo, que integra a Estrat\u00e9gia de Enfrentamento da Pobreza no Campo Novos Encontros, do Governo de Minas Gerais, foi apresentado nessa sexta-feira (5\/5), pela Secretaria de Estado de Trabalho e Desenvolvimento Social (Sedese), em Diamantina, a prefeitos, vereadores, secret\u00e1rios municipais, agricultores familiares e conselheiros de 30 munic\u00edpios, [&hellip;]<\/p>\n","protected":false},"author":1,"featured_media":114350,"comment_status":"open","ping_status":"closed","sticky":false,"template":"","format":"standard","meta":{"amp_status":"","footnotes":""},"categories":[120],"tags":[148161,148164,198,148165,734,148159,148154,148155,148166,148167,148162,42865,148158,148163,148160,28391,148156,148157],"class_list":["post-114349","post","type-post","status-publish","format-standard","has-post-thumbnail","hentry","category-jequi","tag-a-secretaria-de-estado-adjunta-da-sedese","tag-aide-cancado","tag-diamantina","tag-diretor-regional-da-emater","tag-emater","tag-estrategia-de-enfrentamento-da-pobreza-no-campo-novos-encontros","tag-governo-de-minas-apresenta-projeto-de-inclusao-produtiva-no-alto-jequitinhonha","tag-inclusao-produtiva-no-alto-jequitinhonha","tag-joao-dangelo","tag-jucelino-roque","tag-karla-franca","tag-prefeito-de-diamantina","tag-projeto-sementes-presentes","tag-projetos-especiais-da-sedese","tag-rosilene-rocha","tag-secretaria-de-estado-de-trabalho-e-desenvolvimento-social","tag-sementes-presentes","tag-sementes-presentes-no-alto-jequitinhonha"],"_links":{"self":[{"href":"https:\/\/aconteceunovale.com.br\/portal\/index.php?rest_route=\/wp\/v2\/posts\/114349","targetHints":{"allow":["GET"]}}],"collection":[{"href":"https:\/\/aconteceunovale.com.br\/portal\/index.php?rest_route=\/wp\/v2\/posts"}],"about":[{"href":"https:\/\/aconteceunovale.com.br\/portal\/index.php?rest_route=\/wp\/v2\/types\/post"}],"author":[{"embeddable":true,"href":"https:\/\/aconteceunovale.com.br\/portal\/index.php?rest_route=\/wp\/v2\/users\/1"}],"replies":[{"embeddable":true,"href":"https:\/\/aconteceunovale.com.br\/portal\/index.php?rest_route=%2Fwp%2Fv2%2Fcomments&post=114349"}],"version-history":[{"count":0,"href":"https:\/\/aconteceunovale.com.br\/portal\/index.php?rest_route=\/wp\/v2\/posts\/114349\/revisions"}],"wp:featuredmedia":[{"embeddable":true,"href":"https:\/\/aconteceunovale.com.br\/portal\/index.php?rest_route=\/wp\/v2\/media\/114350"}],"wp:attachment":[{"href":"https:\/\/aconteceunovale.com.br\/portal\/index.php?rest_route=%2Fwp%2Fv2%2Fmedia&parent=114349"}],"wp:term":[{"taxonomy":"category","embeddable":true,"href":"https:\/\/aconteceunovale.com.br\/portal\/index.php?rest_route=%2Fwp%2Fv2%2Fcategories&post=114349"},{"taxonomy":"post_tag","embeddable":true,"href":"https:\/\/aconteceunovale.com.br\/portal\/index.php?rest_route=%2Fwp%2Fv2%2Ftags&post=114349"}],"curies":[{"name":"wp","href":"https:\/\/api.w.org\/{rel}","templated":true}]}}