{"id":114344,"date":"2017-05-06T19:52:08","date_gmt":"2017-05-06T21:52:08","guid":{"rendered":"http:\/\/aconteceunovale.com.br\/portal\/?p=114344"},"modified":"2017-05-06T19:52:08","modified_gmt":"2017-05-06T21:52:08","slug":"fiscalizacao-coibe-uso-irregular-de-recurso-hidrico-na-regiao-de-tres-marias","status":"publish","type":"post","link":"https:\/\/aconteceunovale.com.br\/portal\/?p=114344","title":{"rendered":"Fiscaliza\u00e7\u00e3o co\u00edbe uso irregular de recurso h\u00eddrico na regi\u00e3o de Tr\u00eas Marias"},"content":{"rendered":"<p>Com o objetivo de coibir a capta\u00e7\u00e3o irregular de \u00e1gua na regi\u00e3o de Tr\u00eas Marias, o Governo de Minas Gerais, por meio da Secretaria de Estado de Meio Ambiente e Desenvolvimento Sustent\u00e1vel (Semad), fiscalizou 64 empreendimentos, com foco nos recursos h\u00eddricos da Bacia do Rio S\u00e3o Francisco. <\/p>\n<p>As principais irregularidades encontradas na a\u00e7\u00e3o foram relativas \u00e0s capta\u00e7\u00f5es em cursos d&#8217;\u00e1gua e subterr\u00e2neas sem outorga e atividades de bovinocultura, culturas perenes e culturas anuais sem Autoriza\u00e7\u00e3o Ambiental de Funcionamento (AAF). O resultado da opera\u00e7\u00e3o resultou na lavratura de 52 autos de infra\u00e7\u00e3o e na aplica\u00e7\u00e3o de R$ 573.240,84 em multas. <\/p>\n<p>A a\u00e7\u00e3o ocorreu nos munic\u00edpios de Pomp\u00e9u, Pitangui, Pequi, Moema, Morada Nova, Martinho Campos, Maravilhas, Dores do Indai\u00e1, Estrela do Indai\u00e1, Bom Despacho, Biquinhas, Abaet\u00e9, Tr\u00eas Marias, Paraopeba, Papagaios, Curvelo, Felixl\u00e2ndia, Caetan\u00f3polis, Sete Lagoas, Inha\u00fama, Ara\u00fajos, Serra da Saudade, Quartel Geral e Paineiras. A fiscaliza\u00e7\u00e3o foi realizada de 24 a 28 de abril.<\/p>\n<p>Por meio de identifica\u00e7\u00e3o feita por imagens de sat\u00e9lite, foi poss\u00edvel verificar, no territ\u00f3rio mineiro, um crescimento da agricultura irrigada por piv\u00f4s, especialmente na Regi\u00e3o de Tr\u00eas Marias, o que se torna preocupante diante do importante papel que as \u00e1guas da regi\u00e3o exercem sobre a bacia do rio S\u00e3o Francisco.<\/p>\n<p>&#8220;Entendemos que, diante do poss\u00edvel impacto na gest\u00e3o das \u00e1guas da bacia, seria necess\u00e1ria uma a\u00e7\u00e3o de fiscaliza\u00e7\u00e3o na regi\u00e3o\u201d, disse o diretor de Fiscaliza\u00e7\u00e3o de Recursos H\u00eddricos Atmosf\u00e9ricos e do Solo da Semad, Gerson de Ara\u00fajo Filho.<\/p>\n<p>\u201cDiante das informa\u00e7\u00f5es apresentadas no planejamento da opera\u00e7\u00e3o e as constata\u00e7\u00f5es feitas em campo, podemos concluir que a opera\u00e7\u00e3o conseguiu identificar v\u00e1rios usu\u00e1rios utilizando \u00e1gua de forma irregular, seja por falta de documenta\u00e7\u00e3o autorizativa, seja por falta de equipamentos para executar o monitoramento quanto \u00e0 vaz\u00e3o captada\u201d, afirmou Gerson Filho.<\/p>\n<p>A Secretaria de Estado de Meio Ambiente e Desenvolvimento Sustent\u00e1vel (Semad) informa que, para o ano de 2017, tamb\u00e9m est\u00e3o planejadas outras opera\u00e7\u00f5es com o objetivo de disciplinar o uso dos recursos h\u00eddricos em Minas Gerais. <\/p>\n<p><img decoding=\"async\" src=\"http:\/\/aconteceunovale.com.br\/portal\/wp-content\/uploads\/2017\/05\/fiscalizacao_semad_1.jpg\" alt=\"\" \/><em>Opera\u00e7\u00e3o resultou em autos de infra\u00e7\u00e3o e na aplica\u00e7\u00e3o de multas (Divulga\u00e7\u00e3o\/Semad)<\/em><br \/>\n<\/br><\/p>\n<p><img decoding=\"async\" src=\"http:\/\/aconteceunovale.com.br\/portal\/wp-content\/uploads\/2017\/05\/fiscalizacao_semad_2.jpg\" alt=\"\" \/><em>Opera\u00e7\u00e3o resultou em autos de infra\u00e7\u00e3o e na aplica\u00e7\u00e3o de multas (Divulga\u00e7\u00e3o\/Semad)<\/em><br \/>\n<\/br><\/p>\n<p><strong>VER PRIMEIRO<\/strong><\/p>\n<p><strong>Receba as not\u00edcias do Aconteceu no Vale em primeira m\u00e3o. Clique em curtir no endere\u00e7o <a href=\"https:\/\/www.facebook.com\/aconteceunovale\" target=\"_blank\"><font color=\"red\">www.facebook.com\/aconteceunovale<\/font><\/a> ou no box abaixo:<\/strong><\/p>\n<div class=\"fb-like\" data-href=\"https:\/\/www.facebook.com\/aconteceunovale\" data-width=\"120\" data-layout=\"standard\" data-action=\"like\" data-size=\"small\" data-show-faces=\"true\" data-share=\"true\"><\/div>\n<p><\/br><\/p>\n<p><em>(Fonte: Ag\u00eancia Minas)<\/em><\/p>\n","protected":false},"excerpt":{"rendered":"<p>Com o objetivo de coibir a capta\u00e7\u00e3o irregular de \u00e1gua na regi\u00e3o de Tr\u00eas Marias, o Governo de Minas Gerais, por meio da Secretaria de Estado de Meio Ambiente e Desenvolvimento Sustent\u00e1vel (Semad), fiscalizou 64 empreendimentos, com foco nos recursos h\u00eddricos da Bacia do Rio S\u00e3o Francisco. As principais irregularidades encontradas na a\u00e7\u00e3o foram relativas [&hellip;]<\/p>\n","protected":false},"author":1,"featured_media":114346,"comment_status":"open","ping_status":"closed","sticky":false,"template":"","format":"standard","meta":{"amp_status":"","footnotes":""},"categories":[123],"tags":[1511,1656,109468,1660,1510,3675,197,13947,1663,1271,148149,148152,148153,30025,3063,53395,1665,148151,1666,3060,1437,1653,20686,25032,1668,6330,24666,1669,1532,1533,148150],"class_list":["post-114344","post","type-post","status-publish","format-standard","has-post-thumbnail","hentry","category-gerais","tag-abaete","tag-araujos","tag-bacia-do-rio-sao-francisco","tag-biquinhas","tag-bom-despacho","tag-caetanopolis","tag-curvelo","tag-dores-do-indaia","tag-estrela-do-indaia","tag-felixlandia","tag-fiscalizacao-coibe-uso-irregular-de-recurso-hidrico-na-regiao-de-tres-marias","tag-fiscalizacao-de-recursos-hidricos-atmosfericos-e-do-solo-da-semad","tag-gerson-de-araujo-filho","tag-inhauma","tag-maravilhas","tag-martinho-campos","tag-moema","tag-morada-nova","tag-paineiras","tag-papagaios","tag-paraopeba","tag-pequi","tag-pitangui","tag-pompeu","tag-quartel-geral","tag-rio-sao-francisco","tag-semad","tag-serra-da-saudade","tag-sete-lagoas","tag-tres-marias","tag-uso-irregular-de-recurso-hidrico-na-regiao-de-tres-marias"],"_links":{"self":[{"href":"https:\/\/aconteceunovale.com.br\/portal\/index.php?rest_route=\/wp\/v2\/posts\/114344","targetHints":{"allow":["GET"]}}],"collection":[{"href":"https:\/\/aconteceunovale.com.br\/portal\/index.php?rest_route=\/wp\/v2\/posts"}],"about":[{"href":"https:\/\/aconteceunovale.com.br\/portal\/index.php?rest_route=\/wp\/v2\/types\/post"}],"author":[{"embeddable":true,"href":"https:\/\/aconteceunovale.com.br\/portal\/index.php?rest_route=\/wp\/v2\/users\/1"}],"replies":[{"embeddable":true,"href":"https:\/\/aconteceunovale.com.br\/portal\/index.php?rest_route=%2Fwp%2Fv2%2Fcomments&post=114344"}],"version-history":[{"count":0,"href":"https:\/\/aconteceunovale.com.br\/portal\/index.php?rest_route=\/wp\/v2\/posts\/114344\/revisions"}],"wp:featuredmedia":[{"embeddable":true,"href":"https:\/\/aconteceunovale.com.br\/portal\/index.php?rest_route=\/wp\/v2\/media\/114346"}],"wp:attachment":[{"href":"https:\/\/aconteceunovale.com.br\/portal\/index.php?rest_route=%2Fwp%2Fv2%2Fmedia&parent=114344"}],"wp:term":[{"taxonomy":"category","embeddable":true,"href":"https:\/\/aconteceunovale.com.br\/portal\/index.php?rest_route=%2Fwp%2Fv2%2Fcategories&post=114344"},{"taxonomy":"post_tag","embeddable":true,"href":"https:\/\/aconteceunovale.com.br\/portal\/index.php?rest_route=%2Fwp%2Fv2%2Ftags&post=114344"}],"curies":[{"name":"wp","href":"https:\/\/api.w.org\/{rel}","templated":true}]}}