{"id":114334,"date":"2017-05-06T18:21:38","date_gmt":"2017-05-06T20:21:38","guid":{"rendered":"http:\/\/aconteceunovale.com.br\/portal\/?p=114334"},"modified":"2017-05-06T18:22:53","modified_gmt":"2017-05-06T20:22:53","slug":"governo-federal-reconhece-emergencia-em-sete-municipios-do-norte-de-minas-e-vale-do-jequitinhonha","status":"publish","type":"post","link":"https:\/\/aconteceunovale.com.br\/portal\/?p=114334","title":{"rendered":"Governo Federal reconhece emerg\u00eancia em sete munic\u00edpios do Norte de Minas e Vale do Jequitinhonha"},"content":{"rendered":"<p>O Minist\u00e9rio da Integra\u00e7\u00e3o Nacional reconheceu, nessa sexta-feira (05\/05\/2017), situa\u00e7\u00e3o de emerg\u00eancia em\u00a0<span style=\"color: #ff0000;\"><a href=\"http:\/\/pesquisa.in.gov.br\/imprensa\/jsp\/visualiza\/index.jsp?data=05\/05\/2017&amp;jornal=1&amp;pagina=28&amp;totalArquivos=216\"><span style=\"color: #ff0000;\">196 munic\u00edpios da Para\u00edba<\/span><\/a><\/span>\u00a0e em mais<span style=\"color: #ff0000;\">\u00a0<a href=\"http:\/\/pesquisa.in.gov.br\/imprensa\/jsp\/visualiza\/index.jsp?jornal=1&amp;pagina=27&amp;data=05\/05\/2017\"><span style=\"color: #ff0000;\">27 cidades<\/span><\/a><\/span>, de seis estados brasileiros, por adversidades clim\u00e1ticas. As medidas, publicadas no Di\u00e1rio Oficial da Uni\u00e3o, possibilitar\u00e3o que as prefeituras solicitem o apoio do governo federal para a\u00e7\u00f5es de socorro, assist\u00eancia \u00e0 popula\u00e7\u00e3o e restabelecimento dos servi\u00e7os essenciais. O reconhecimento federal tem vig\u00eancia por 180 dias.<\/p>\n<p>De acordo com a Secretaria Nacional de Prote\u00e7\u00e3o e Defesa Civil, o reconhecimento dos munic\u00edpios paraibanos foi realizado por conta do extenso per\u00edodo de estiagem.<\/p>\n<p>Na Bahia, o alerta tamb\u00e9m tem como base o extenso per\u00edodo de seca nas cidades de Sobradinho, Novo Horizonte, Livramento de Nossa Senhora, Capim Grosso, Mansid\u00e3o, Cansan\u00e7\u00e3o, Senhor do Bonfim e Jeremoabo. O mesmo acontece na cidade sergipana de Itabaianinha e nas regi\u00f5es de Espinosa, Olhos D\u2019\u00c1gua, Crist\u00e1lia, Rubim, Glaucil\u00e2ndia, Salinas e Jana\u00faba, em Minas Gerais.<\/p>\n<p>J\u00e1 no estado do Mato Grosso, tempestades provocaram danos nos munic\u00edpios de Novo Horizonte do Norte, Santo Ant\u00f4nio do Leverger, Rio Branco, Bar\u00e3o de Melga\u00e7o, Porto dos Ga\u00fachos e Tabapor\u00e3.<\/p>\n<p>E enxurradas afetaram as cidades de Jaguaquara, na Bahia; Itupiranga, no Par\u00e1; e Sant\u2019Ana do Livramento, no Rio Grande do Sul. J\u00e1 as cidades de Quara\u00ed e Alegre, tamb\u00e9m no estado ga\u00facho, foram atingidas por inunda\u00e7\u00f5es.<\/p>\n<p><b>Apoio federal<\/b><b>\u00a0<\/b><\/p>\n<p>Para obter aux\u00edlio financeiro da Secretaria Nacional de Prote\u00e7\u00e3o e Defesa Civil (Sedec), \u00f3rg\u00e3o vinculado ao Minist\u00e9rio da Integra\u00e7\u00e3o, as prefeituras devem apresentar o Plano Detalhado de Resposta (PDR) contendo um diagn\u00f3stico dos danos causados. Os dados s\u00e3o enviados por meio do\u00a0<span style=\"color: #ff0000;\"><a href=\"https:\/\/urldefense.proofpoint.com\/v2\/url?u=https-3A__s2id.mi.gov.br_&amp;d=DQMFAw&amp;c=euGZstcaTDllvimEN8b7jXrwqOf-v5A_CdpgnVfiiMM&amp;r=ujpvC-YomHAYP9YD6BSX8geZ4MTtbWt-3S4eXwli-zwvNweC-iBskvNckv-GJCSF&amp;m=Umfp3SX3P2jrwS62jsoARwKQtgHUIvbr6Vac_LcSI_A&amp;s=OQvCp3W4uk3gMdGAV1_r9wv3gUoDCQvjv0rgZVsarG4&amp;e=\" target=\"_blank\"><span style=\"color: #ff0000;\">Sistema Integrado de Informa\u00e7\u00f5es sobre Desastres (S2ID)<\/span><\/a><\/span>. Ap\u00f3s a an\u00e1lise, se aprovado, o recurso \u00e9 definido e autorizado.<\/p>\n<p>Nas regi\u00f5es afetadas por seca e estiagem, a medida viabiliza o fornecimento de \u00e1gua tratada \u00e0 popula\u00e7\u00e3o, por meio da Opera\u00e7\u00e3o Carro-Pipa. Al\u00e9m disso, permite acesso a outros benef\u00edcios, a exemplo da renegocia\u00e7\u00e3o de d\u00edvidas no setor de agricultura, junto ao Banco do Brasil e do apoio do Banco Nacional de Desenvolvimento Econ\u00f4mico e Social, para a retomada da atividade econ\u00f4mica nas regi\u00f5es afetadas. O aux\u00edlio federal \u00e9 complementar \u00e0s a\u00e7\u00f5es do estado e dos munic\u00edpios.<\/p>\n<p><b>A\u00e7\u00f5es de enfrentamento \u00e0 seca<\/b><\/p>\n<p>O\u00a0Minist\u00e9rio da Integra\u00e7\u00e3o Nacional tem atuado em diversas frentes para apoiar os munic\u00edpios afetados pela seca prolongada na Para\u00edba. Um conjunto de investimentos foi destinado ao estado para aumentar a oferta h\u00eddrica e minimizar os efeitos da falta de abastecimento.<\/p>\n<p>A maior delas \u00e9 o Projeto de Integra\u00e7\u00e3o do rio S\u00e3o Francisco, que j\u00e1 beneficia o estado. A cidade de Monteiro recebe a \u00e1gua do \u2018Velho Chico\u2019 desde a inaugura\u00e7\u00e3o do Eixo Leste, em mar\u00e7o.<\/p>\n<p>A \u00e1gua tamb\u00e9m j\u00e1 abastece o reservat\u00f3rio Boqueir\u00e3o, que atende a segunda maior cidade do estado &#8211; Campina Grande. L\u00e1, inclusive, o regime de racionamento foi reduzido ap\u00f3s a chegada das \u00e1guas do rio S\u00e3o Francisco, o que deve acontecer em breve tamb\u00e9m com mais 17 cidades da regi\u00e3o. O Eixo Norte do Projeto &#8211; hoje com 94,81 % das obras conclu\u00eddas &#8211; tamb\u00e9m vai contemplar a Para\u00edba.<\/p>\n<p>De janeiro a mar\u00e7o, a pasta investiu ainda mais R$ 39 milh\u00f5es na Opera\u00e7\u00e3o Carro-Pipa, para atender diariamente mais de 400 mil pessoas em 171 munic\u00edpios.\u00a0Tamb\u00e9m foram empenhados recursos para a\u00a0constru\u00e7\u00e3o de adutoras de engate r\u00e1pido e para restabelecer a capacidade de abastecimento,\u00a0por meio de obras estruturantes, como a Vertente Litor\u00e2nea. O empreendimento\u00a0vai garantir o abastecimento de \u00e1gua a mais de 631 mil pessoas no agreste da Para\u00edba.<\/p>\n<p>Outra a\u00e7\u00e3o do governo federal \u00e9 o programa \u00c1gua para Todos, que investe na implementa\u00e7\u00e3o de cisternas, sistemas simplificados de abastecimento, barreiros, kits de irriga\u00e7\u00e3o e pequenas barragens.<\/p>\n<p><strong>VER PRIMEIRO<\/strong><\/p>\n<p><strong>Receba as not\u00edcias do Aconteceu no Vale em primeira m\u00e3o. Clique em curtir no endere\u00e7o <a href=\"https:\/\/www.facebook.com\/aconteceunovale\" target=\"_blank\"><font color=\"red\">www.facebook.com\/aconteceunovale<\/font><\/a> ou no box abaixo:<\/strong><\/p>\n<div class=\"fb-like\" data-href=\"https:\/\/www.facebook.com\/aconteceunovale\" data-width=\"120\" data-layout=\"standard\" data-action=\"like\" data-size=\"small\" data-show-faces=\"true\" data-share=\"true\"><\/div>\n<p><\/br><\/p>\n<p><em>(Fonte: Portal Brasil)<\/em><\/p>\n","protected":false},"excerpt":{"rendered":"<p>O Minist\u00e9rio da Integra\u00e7\u00e3o Nacional reconheceu, nessa sexta-feira (05\/05\/2017), situa\u00e7\u00e3o de emerg\u00eancia em\u00a0196 munic\u00edpios da Para\u00edba\u00a0e em mais\u00a027 cidades, de seis estados brasileiros, por adversidades clim\u00e1ticas. As medidas, publicadas no Di\u00e1rio Oficial da Uni\u00e3o, possibilitar\u00e3o que as prefeituras solicitem o apoio do governo federal para a\u00e7\u00f5es de socorro, assist\u00eancia \u00e0 popula\u00e7\u00e3o e restabelecimento dos servi\u00e7os [&hellip;]<\/p>\n","protected":false},"author":1,"featured_media":74134,"comment_status":"open","ping_status":"closed","sticky":false,"template":"","format":"standard","meta":{"amp_status":"","footnotes":""},"categories":[1236,120],"tags":[138460,148115,69725,148110,1715,148121,148125,148123,148126,148128,148124,134228,148127,1278,1693,148122,148112,148118,140711,204,58800,119463,148111,20026,64697,9341,148113,973,148116,148120,21573,407,190,148119,148114,1141,148131,148129,42108,148133,148135,148130,148132,148134,49281,148117],"class_list":["post-114334","post","type-post","status-publish","format-standard","has-post-thumbnail","hentry","category-norte_de_minas","category-jequi","tag-alegre","tag-barao-de-melgaco","tag-cansancao","tag-capim-grosso","tag-cristalia","tag-defesa-civil-nacional-reconhece-emergencia-em-mais-sete-municipios-de-minas-gerais","tag-emergencia-em-cristalia","tag-emergencia-em-espinosa","tag-emergencia-em-glaucilandia","tag-emergencia-em-janauba","tag-emergencia-em-olhos-dagua","tag-emergencia-em-rubim","tag-emergencia-em-salinas","tag-espinosa","tag-glaucilandia","tag-governo-federal-reconhece-emergencia-em-sete-municipios-do-norte-de-minas-e-vale-do-jequitinhonha","tag-itabaianinha","tag-itupiranga","tag-jaguaquara","tag-janauba","tag-jeremoabo","tag-livramento-de-nossa-senhora","tag-mansidao","tag-ministerio-da-integracao-nacional","tag-municipios-em-situacao-de-emergencia-em-minas-gerais","tag-novo-horizonte","tag-novo-horizonte-do-norte","tag-olhos-dagua","tag-porto-dos-gauchos","tag-quarai","tag-rio-branco","tag-rubim","tag-salinas","tag-santana-do-livramento","tag-santo-antonio-do-leverger","tag-senhor-do-bonfim","tag-situacao-de-emergencia-cristalia","tag-situacao-de-emergencia-em-espinosa","tag-situacao-de-emergencia-em-minas-gerais","tag-situacao-de-emergencia-glaucilandia","tag-situacao-de-emergencia-janauba","tag-situacao-de-emergencia-olhos-dagua","tag-situacao-de-emergencia-rubim","tag-situacao-de-emergencia-salinas","tag-sobradinho","tag-tabapora"],"_links":{"self":[{"href":"https:\/\/aconteceunovale.com.br\/portal\/index.php?rest_route=\/wp\/v2\/posts\/114334","targetHints":{"allow":["GET"]}}],"collection":[{"href":"https:\/\/aconteceunovale.com.br\/portal\/index.php?rest_route=\/wp\/v2\/posts"}],"about":[{"href":"https:\/\/aconteceunovale.com.br\/portal\/index.php?rest_route=\/wp\/v2\/types\/post"}],"author":[{"embeddable":true,"href":"https:\/\/aconteceunovale.com.br\/portal\/index.php?rest_route=\/wp\/v2\/users\/1"}],"replies":[{"embeddable":true,"href":"https:\/\/aconteceunovale.com.br\/portal\/index.php?rest_route=%2Fwp%2Fv2%2Fcomments&post=114334"}],"version-history":[{"count":0,"href":"https:\/\/aconteceunovale.com.br\/portal\/index.php?rest_route=\/wp\/v2\/posts\/114334\/revisions"}],"wp:featuredmedia":[{"embeddable":true,"href":"https:\/\/aconteceunovale.com.br\/portal\/index.php?rest_route=\/wp\/v2\/media\/74134"}],"wp:attachment":[{"href":"https:\/\/aconteceunovale.com.br\/portal\/index.php?rest_route=%2Fwp%2Fv2%2Fmedia&parent=114334"}],"wp:term":[{"taxonomy":"category","embeddable":true,"href":"https:\/\/aconteceunovale.com.br\/portal\/index.php?rest_route=%2Fwp%2Fv2%2Fcategories&post=114334"},{"taxonomy":"post_tag","embeddable":true,"href":"https:\/\/aconteceunovale.com.br\/portal\/index.php?rest_route=%2Fwp%2Fv2%2Ftags&post=114334"}],"curies":[{"name":"wp","href":"https:\/\/api.w.org\/{rel}","templated":true}]}}