{"id":114316,"date":"2017-05-06T13:55:40","date_gmt":"2017-05-06T15:55:40","guid":{"rendered":"http:\/\/aconteceunovale.com.br\/portal\/?p=114316"},"modified":"2017-05-06T13:55:40","modified_gmt":"2017-05-06T15:55:40","slug":"universitarios-furtam-pecas-gigantes-de-xadrez-e-acabam-presos-em-minas","status":"publish","type":"post","link":"https:\/\/aconteceunovale.com.br\/portal\/?p=114316","title":{"rendered":"Universit\u00e1rios furtam pe\u00e7as gigantes de xadrez e acabam presos em Minas"},"content":{"rendered":"<p>Tr\u00eas universit\u00e1rios foram presos na \u00faltima quinta-feira (04\/05\/2017) por furtarem pe\u00e7as gigantes de xadrez que ficam em uma pra\u00e7a no centro de Po\u00e7os de Caldas, no Sul de Minas. Os objetos comp\u00f5em o tabuleiro de xadrez gigante da pra\u00e7a dos Imigrantes, um dos principais pontos tur\u00edsticos do munic\u00edpio que  foi constru\u00eddo em 1983.<\/p>\n<p>Recentemente o tabuleiro passou por uma revitaliza\u00e7\u00e3o e, depois disso, 26 das 32 pe\u00e7as desapareceram. Diante da situa\u00e7\u00e3o, a Pol\u00edcia Civil (PC) do munic\u00edpio iniciou uma investiga\u00e7\u00e3o, que culminou na opera\u00e7\u00e3o que recebeu o nome de &#8220;Xeque-Mate&#8221;.<\/p>\n<p>Uma den\u00fancia indicou que cinco das pe\u00e7as furtadas estariam com uma universit\u00e1ria, sendo que na quinta a opera\u00e7\u00e3o foi deflagrada e sete das pe\u00e7as acabaram recuperadas em tr\u00eas rep\u00fablicas diferentes da cidade.<\/p>\n<p>Os tr\u00eas suspeitos, dois homens e uma mulher, foram conduzido \u00e0 delegacia e confessaram o furto.<\/p>\n<p><img decoding=\"async\" src=\"http:\/\/aconteceunovale.com.br\/portal\/wp-content\/uploads\/2017\/05\/furto_xadrez_1.jpg\" alt=\"\" \/><em>Sete das 26 pe\u00e7as desaparecidas foram recuperadas (Foto: Divulga\u00e7\u00e3o\/PC)<\/em><br \/>\n<\/br><\/p>\n<p><img decoding=\"async\" src=\"http:\/\/aconteceunovale.com.br\/portal\/wp-content\/uploads\/2017\/05\/furto_xadrez_2.jpg\" alt=\"\" \/><em>Tr\u00eas universit\u00e1rios foram detidos e confessaram o furto (Foto: Divulga\u00e7\u00e3o\/PC)<\/em><br \/>\n<\/br><\/p>\n<p><strong>VER PRIMEIRO<\/strong><\/p>\n<p><strong>Receba as not\u00edcias do Aconteceu no Vale em primeira m\u00e3o. Clique em curtir no endere\u00e7o <a href=\"https:\/\/www.facebook.com\/aconteceunovale\" target=\"_blank\"><font color=\"red\">www.facebook.com\/aconteceunovale<\/font><\/a> ou no box abaixo:<\/strong><\/p>\n<div class=\"fb-like\" data-href=\"https:\/\/www.facebook.com\/aconteceunovale\" data-width=\"120\" data-layout=\"standard\" data-action=\"like\" data-size=\"small\" data-show-faces=\"true\" data-share=\"true\"><\/div>\n<p><\/br><\/p>\n<p><em>(Fonte: O Tempo \/ Jos\u00e9 V\u00edtor Camilo)<\/em><\/p>\n","protected":false},"excerpt":{"rendered":"<p>Tr\u00eas universit\u00e1rios foram presos na \u00faltima quinta-feira (04\/05\/2017) por furtarem pe\u00e7as gigantes de xadrez que ficam em uma pra\u00e7a no centro de Po\u00e7os de Caldas, no Sul de Minas. Os objetos comp\u00f5em o tabuleiro de xadrez gigante da pra\u00e7a dos Imigrantes, um dos principais pontos tur\u00edsticos do munic\u00edpio que foi constru\u00eddo em 1983. Recentemente o [&hellip;]<\/p>\n","protected":false},"author":1,"featured_media":114317,"comment_status":"open","ping_status":"closed","sticky":false,"template":"","format":"standard","meta":{"amp_status":"","footnotes":""},"categories":[123],"tags":[148088,148089,142510,148086,148087,215,148090,148091,148093,148094,148092],"class_list":["post-114316","post","type-post","status-publish","format-standard","has-post-thumbnail","hentry","category-gerais","tag-furto-de-pecas-gigantes-de-xadrez-pocos-de-caldas","tag-furto-pocos-de-caldas","tag-operacao-xeque-mate","tag-pecas-gigantes-de-xadrez","tag-pecas-gigantes-de-xadrez-pocos-de-caldas","tag-pocos-de-caldas","tag-presos-em-pocos-de-caldas","tag-presos-por-furto-em-pocos-de-caldas","tag-universitarios-furtam-pecas-gigantes-de-xadrez-e-acabam-presos-em-minas","tag-universitarios-furtam-pecas-gigantes-de-xadrez-e-acabam-presos-em-pocos-de-caldas","tag-universitarios-presos-em-pocos-de-caldas"],"_links":{"self":[{"href":"https:\/\/aconteceunovale.com.br\/portal\/index.php?rest_route=\/wp\/v2\/posts\/114316","targetHints":{"allow":["GET"]}}],"collection":[{"href":"https:\/\/aconteceunovale.com.br\/portal\/index.php?rest_route=\/wp\/v2\/posts"}],"about":[{"href":"https:\/\/aconteceunovale.com.br\/portal\/index.php?rest_route=\/wp\/v2\/types\/post"}],"author":[{"embeddable":true,"href":"https:\/\/aconteceunovale.com.br\/portal\/index.php?rest_route=\/wp\/v2\/users\/1"}],"replies":[{"embeddable":true,"href":"https:\/\/aconteceunovale.com.br\/portal\/index.php?rest_route=%2Fwp%2Fv2%2Fcomments&post=114316"}],"version-history":[{"count":0,"href":"https:\/\/aconteceunovale.com.br\/portal\/index.php?rest_route=\/wp\/v2\/posts\/114316\/revisions"}],"wp:featuredmedia":[{"embeddable":true,"href":"https:\/\/aconteceunovale.com.br\/portal\/index.php?rest_route=\/wp\/v2\/media\/114317"}],"wp:attachment":[{"href":"https:\/\/aconteceunovale.com.br\/portal\/index.php?rest_route=%2Fwp%2Fv2%2Fmedia&parent=114316"}],"wp:term":[{"taxonomy":"category","embeddable":true,"href":"https:\/\/aconteceunovale.com.br\/portal\/index.php?rest_route=%2Fwp%2Fv2%2Fcategories&post=114316"},{"taxonomy":"post_tag","embeddable":true,"href":"https:\/\/aconteceunovale.com.br\/portal\/index.php?rest_route=%2Fwp%2Fv2%2Ftags&post=114316"}],"curies":[{"name":"wp","href":"https:\/\/api.w.org\/{rel}","templated":true}]}}