{"id":114309,"date":"2017-05-06T13:16:54","date_gmt":"2017-05-06T15:16:54","guid":{"rendered":"http:\/\/aconteceunovale.com.br\/portal\/?p=114309"},"modified":"2017-05-06T20:47:50","modified_gmt":"2017-05-06T22:47:50","slug":"advogada-morre-em-acidente-envolvendo-carro-e-caminhao-em-pirapora","status":"publish","type":"post","link":"https:\/\/aconteceunovale.com.br\/portal\/?p=114309","title":{"rendered":"Advogada morre em acidente envolvendo carro e caminh\u00e3o em Pirapora"},"content":{"rendered":"<p>Uma mulher de 34 anos morreu na noite desta sexta-feira (05\/05\/2017) ap\u00f3s um grave acidente na BR-365, pr\u00f3ximo a Pirapora, no Norte de Minas. Segundo a Pol\u00edcia Rodovi\u00e1ria Federal (PRF), a advogada F.C.A.S dirigia um carro que se chocou contra um caminh\u00e3o, na altura do km 149. No ve\u00edculo tamb\u00e9m havia uma crian\u00e7a, de aproximadamente quatro anos, filho da v\u00edtima, que foi socorrida ao hospital de Pirapora.<\/p>\n<p>Ainda de acordo com a PRF, uma ultrapassagem indevida, por parte da condutora do carro, pode ter sido a causa do acidente. O ve\u00edculo seguia sentido Pirapora e colidiu contra o eixo traseiro do caminh\u00e3o, que transitava em sentido a Montes Claros e tentou sair da pista para evitar a colis\u00e3o.<\/p>\n<p>O Corpo de Bombeiros precisou ser acionado, j\u00e1 que a motorista do carro ficou presa \u00e0s ferragens. A v\u00edtima chegou a ser levada ao hospital, mas n\u00e3o resistiu e veio a \u00f3bito. At\u00e9 a manh\u00e3 deste s\u00e1bado (6), a crian\u00e7a permanecia internada. Ela sofreu fratura em membro inferior e segundo informa\u00e7\u00f5es, o estado de sa\u00fade \u00e9 est\u00e1vel.<\/p>\n<p><img decoding=\"async\" src=\"http:\/\/aconteceunovale.com.br\/portal\/wp-content\/uploads\/2017\/05\/acidente_pirapora_adv_3.jpg\" alt=\"\" \/><em>Acidente aconteceu pr\u00f3ximo a Pirapora (Foto: Divulga\u00e7\u00e3o\/Corpo de Bombeiros)<\/em><br \/>\n<\/br><\/p>\n<p><img decoding=\"async\" src=\"http:\/\/aconteceunovale.com.br\/portal\/wp-content\/uploads\/2017\/05\/acidente_pirapora_adv_2.jpg\" alt=\"\" \/><em>Acidente aconteceu pr\u00f3ximo a Pirapora (Foto: Divulga\u00e7\u00e3o\/Corpo de Bombeiros)<\/em><br \/>\n<\/br><\/p>\n<p><img decoding=\"async\" src=\"http:\/\/aconteceunovale.com.br\/portal\/wp-content\/uploads\/2017\/05\/acidente_pirapora_adv_1.jpg\" alt=\"\" \/><em>Acidente aconteceu pr\u00f3ximo a Pirapora (Foto: Divulga\u00e7\u00e3o\/Corpo de Bombeiros)<\/em><br \/>\n<\/br><\/p>\n<p><strong>VER PRIMEIRO<\/strong><\/p>\n<p><strong>Receba as not\u00edcias do Aconteceu no Vale em primeira m\u00e3o. Clique em curtir no endere\u00e7o <a href=\"https:\/\/www.facebook.com\/aconteceunovale\" target=\"_blank\"><font color=\"red\">www.facebook.com\/aconteceunovale<\/font><\/a> ou no box abaixo:<\/strong><\/p>\n<div class=\"fb-like\" data-href=\"https:\/\/www.facebook.com\/aconteceunovale\" data-width=\"120\" data-layout=\"standard\" data-action=\"like\" data-size=\"small\" data-show-faces=\"true\" data-share=\"true\"><\/div>\n<p><\/br><\/p>\n<p><em>(Com informa\u00e7\u00f5es do G1 Grande Minas e Corpo de Bombeiros)<\/em><\/p>\n","protected":false},"excerpt":{"rendered":"<p>Uma mulher de 34 anos morreu na noite desta sexta-feira (05\/05\/2017) ap\u00f3s um grave acidente na BR-365, pr\u00f3ximo a Pirapora, no Norte de Minas. Segundo a Pol\u00edcia Rodovi\u00e1ria Federal (PRF), a advogada F.C.A.S dirigia um carro que se chocou contra um caminh\u00e3o, na altura do km 149. No ve\u00edculo tamb\u00e9m havia uma crian\u00e7a, de aproximadamente [&hellip;]<\/p>\n","protected":false},"author":1,"featured_media":114312,"comment_status":"open","ping_status":"closed","sticky":false,"template":"","format":"standard","meta":{"amp_status":"","footnotes":""},"categories":[1236],"tags":[148081,148076,148082,148080,148078,148075,71009,85889,148083,148079,148074,148168,254,148077],"class_list":["post-114309","post","type-post","status-publish","format-standard","has-post-thumbnail","hentry","category-norte_de_minas","tag-acidente-com-advogada-de-pirapora","tag-acidente-com-advogada-fran-santana","tag-acidente-com-advogada-na-br-365","tag-acidente-com-filha-de-cassia-do-esquinao-das-roupas","tag-acidente-com-filha-de-vilson-santana","tag-acidente-com-fran-santana","tag-acidente-em-pirapora","tag-acidente-na-br-365-em-pirapora","tag-advogada-morre-em-acidente-envolvendo-carro-e-caminhao-em-pirapora","tag-cassia-do-esquinao-das-roupas","tag-fran-santana","tag-franciele-santana","tag-pirapora","tag-vilson-santana"],"_links":{"self":[{"href":"https:\/\/aconteceunovale.com.br\/portal\/index.php?rest_route=\/wp\/v2\/posts\/114309","targetHints":{"allow":["GET"]}}],"collection":[{"href":"https:\/\/aconteceunovale.com.br\/portal\/index.php?rest_route=\/wp\/v2\/posts"}],"about":[{"href":"https:\/\/aconteceunovale.com.br\/portal\/index.php?rest_route=\/wp\/v2\/types\/post"}],"author":[{"embeddable":true,"href":"https:\/\/aconteceunovale.com.br\/portal\/index.php?rest_route=\/wp\/v2\/users\/1"}],"replies":[{"embeddable":true,"href":"https:\/\/aconteceunovale.com.br\/portal\/index.php?rest_route=%2Fwp%2Fv2%2Fcomments&post=114309"}],"version-history":[{"count":0,"href":"https:\/\/aconteceunovale.com.br\/portal\/index.php?rest_route=\/wp\/v2\/posts\/114309\/revisions"}],"wp:featuredmedia":[{"embeddable":true,"href":"https:\/\/aconteceunovale.com.br\/portal\/index.php?rest_route=\/wp\/v2\/media\/114312"}],"wp:attachment":[{"href":"https:\/\/aconteceunovale.com.br\/portal\/index.php?rest_route=%2Fwp%2Fv2%2Fmedia&parent=114309"}],"wp:term":[{"taxonomy":"category","embeddable":true,"href":"https:\/\/aconteceunovale.com.br\/portal\/index.php?rest_route=%2Fwp%2Fv2%2Fcategories&post=114309"},{"taxonomy":"post_tag","embeddable":true,"href":"https:\/\/aconteceunovale.com.br\/portal\/index.php?rest_route=%2Fwp%2Fv2%2Ftags&post=114309"}],"curies":[{"name":"wp","href":"https:\/\/api.w.org\/{rel}","templated":true}]}}