{"id":114304,"date":"2017-05-06T12:53:30","date_gmt":"2017-05-06T14:53:30","guid":{"rendered":"http:\/\/aconteceunovale.com.br\/portal\/?p=114304"},"modified":"2017-05-06T12:53:30","modified_gmt":"2017-05-06T14:53:30","slug":"captacao-de-agua-no-velho-chico-pode-ser-saida-para-seca-em-montes-claros","status":"publish","type":"post","link":"https:\/\/aconteceunovale.com.br\/portal\/?p=114304","title":{"rendered":"Capta\u00e7\u00e3o de \u00e1gua no Velho Chico pode ser sa\u00edda para seca em Montes Claros"},"content":{"rendered":"<p>A Prefeitura de Montes Claros, no Norte de Minas, estuda captar \u00e1gua no Rio S\u00e3o Francisco para amenizar os efeitos da seca. Em meio a um racionamento, adotado por causa do baixo volume do Rio Juramento (33%), a administra\u00e7\u00e3o municipal prop\u00f4s ontem constru\u00e7\u00e3o de adutora para buscar \u00e1gua a 100 quil\u00f4metros do munic\u00edpio. Se o projeto for efetivado, a cidade, de 398 mil habitantes, ser\u00e1 a primeira de grande porte no estado a captar diretamente do Velho Chico \u2013 a adutora seria uma das maiores do pa\u00eds. A medida precisa de autoriza\u00e7\u00e3o da Ag\u00eancia Nacional das \u00c1guas (Ana).<\/p>\n<p>A proposta de capta\u00e7\u00e3o no Rio S\u00e3o Francisco foi apresentada pelo prefeito de Montes Claros, Humberto Souto, durante encontro sobre perspectivas de desenvolvimento do Norte de Minas. A regi\u00e3o enfrenta o quarto ano seguido de seca, com registro de falta d \u00e1gua em v\u00e1rios munic\u00edpios. Souto lembrou que uma alternativa de abastecimento, a constru\u00e7\u00e3o da Barragem de Congonhas (no rio de mesmo nome) nunca saiu do papel, em parte pela dificuldade de licenciamento ambiental. Embora a Copasa esteja executando obra de capta\u00e7\u00e3o de \u00e1gua no Rio Pacu\u00ed, em Cora\u00e7\u00e3o de Jesus, o prefeito disse considerar a proposta do Velho Chico \u201ca melhor solu\u00e7\u00e3o\u201d.<\/p>\n<p>A gerente do distrito regional da Copasa em Montes Claros, M\u00f4nica Ladeia, informou ontem que, como medida emergencial, para evitar o colapso no abastecimento, est\u00e1 perfurando 30 po\u00e7os tubulares, que tamb\u00e9m ser\u00e3o aproveitados para garantir o fornecimento de \u00e1gua para a popula\u00e7\u00e3o de Montes Claros. Segundo ela, al\u00e9m da adutora no Rio Pacu\u00ed, a empresa realiza estudos sobre \u201coutras alternativas para a capta\u00e7\u00e3o de \u00e1gua\u201d. O Rio S\u00e3o Francisco est\u00e1 entre as possibilidades.<\/p>\n<p><img decoding=\"async\" src=\"http:\/\/aconteceunovale.com.br\/portal\/wp-content\/uploads\/2016\/06\/seca_mg.jpg\" alt=\"\" \/><em>\u00c1rea rural de Montes Claros sofre com a seca (Foto: F\u00e1bio Mar\u00e7al\/Prefeitura de Montes Claros)<\/em><br \/>\n<\/br><\/p>\n<p><strong>Obra <\/strong><\/p>\n<p>M\u00f4nica Ladeia informou que j\u00e1 iniciou os servi\u00e7os para a capta\u00e7\u00e3o de \u00e1gua no Rio Pacu\u00ed, or\u00e7ada em R$ 140 milh\u00f5es. Ser\u00e3o constru\u00eddos 48 quil\u00f4metros de adutora e duas elevat\u00f3rias. Mas, mesmo sendo feita de forma emergencial, a obra n\u00e3o vai garantir o socorro aos moradores da cidade na atual seca \u2013 o per\u00edodo critico da estiagem vai de maio a outubro. Os servi\u00e7os ser\u00e3o conclu\u00eddos dentro de um ano. Neste caso, a empresa vai recorrer aos 30 po\u00e7os que est\u00e3o sendo perfurados. A previs\u00e3o \u00e9 que a \u00e1gua retirada dos po\u00e7os chegue \u00e0s torneiras em junho.<\/p>\n<p>A coordenadora do Alto S\u00e3o Francisco do Comit\u00ea da Bacia Hidrogr\u00e1fica do Rio S\u00e3o Francisco (CBHSF), Silvia Freedman, disse que o manancial tem volume suficiente para fornecer \u00e1gua para uma grande cidade como Montes Claros. Lembrou que qualquer decis\u00e3o a respeito depender\u00e1 da concess\u00e3o da Ana, sendo que o processo de outorga \u00e9 mais r\u00e1pido quando a finalidade \u00e9 o abastecimento humano. Ela lembrou, por\u00e9m, que a dist\u00e2ncia de 100 quil\u00f4metros \u00e9 um desafio para capta\u00e7\u00e3o de \u00e1gua no Velho Chico. \u201c\u00c9 muito longa\u201d, disse.<\/p>\n<p><img decoding=\"async\" src=\"http:\/\/aconteceunovale.com.br\/portal\/wp-content\/uploads\/2017\/05\/seca_moc_1.jpg\" alt=\"\" \/><em>\u00c1rea rural de Montes Claros sofre com a seca (Foto: F\u00e1bio Mar\u00e7al\/Prefeitura de Montes Claros)<\/em><br \/>\n<\/br><\/p>\n<p><strong>VER PRIMEIRO<\/strong><\/p>\n<p><strong>Receba as not\u00edcias do Aconteceu no Vale em primeira m\u00e3o. Clique em curtir no endere\u00e7o <a href=\"https:\/\/www.facebook.com\/aconteceunovale\" target=\"_blank\"><font color=\"red\">www.facebook.com\/aconteceunovale<\/font><\/a> ou no box abaixo:<\/strong><\/p>\n<div class=\"fb-like\" data-href=\"https:\/\/www.facebook.com\/aconteceunovale\" data-width=\"120\" data-layout=\"standard\" data-action=\"like\" data-size=\"small\" data-show-faces=\"true\" data-share=\"true\"><\/div>\n<p><\/br><\/p>\n<p><em>(Fonte: Estado de Minas \/ Reportagem: Luiz Ribeiro)<\/em><\/p>\n","protected":false},"excerpt":{"rendered":"<p>A Prefeitura de Montes Claros, no Norte de Minas, estuda captar \u00e1gua no Rio S\u00e3o Francisco para amenizar os efeitos da seca. Em meio a um racionamento, adotado por causa do baixo volume do Rio Juramento (33%), a administra\u00e7\u00e3o municipal prop\u00f4s ontem constru\u00e7\u00e3o de adutora para buscar \u00e1gua a 100 quil\u00f4metros do munic\u00edpio. Se o [&hellip;]<\/p>\n","protected":false},"author":1,"featured_media":114305,"comment_status":"open","ping_status":"closed","sticky":false,"template":"","format":"standard","meta":{"amp_status":"","footnotes":""},"categories":[1236],"tags":[148070,148069,148073,26689,148071,1801,1018,62304,122530,148072,210,33158,30996,60875,26687,148068],"class_list":["post-114304","post","type-post","status-publish","format-standard","has-post-thumbnail","hentry","category-norte_de_minas","tag-captacao-de-agua-do-rio-sao-francisco","tag-captacao-de-agua-do-velho-chico","tag-captacao-de-agua-no-velho-chico-pode-ser-saida-para-seca-em-montes-claros","tag-cbhsf","tag-copasa-em-montes-claros","tag-coracao-de-jesus","tag-destaque","tag-falta-de-agua-em-montes-claros","tag-humberto-souto","tag-monica-ladeia","tag-montes-claros","tag-prefeito-de-montes-claros","tag-prefeitura-de-montes-claros","tag-seca-em-montes-claros","tag-silvia-freedman","tag-solucao-para-a-seca-em-montes-claros"],"_links":{"self":[{"href":"https:\/\/aconteceunovale.com.br\/portal\/index.php?rest_route=\/wp\/v2\/posts\/114304","targetHints":{"allow":["GET"]}}],"collection":[{"href":"https:\/\/aconteceunovale.com.br\/portal\/index.php?rest_route=\/wp\/v2\/posts"}],"about":[{"href":"https:\/\/aconteceunovale.com.br\/portal\/index.php?rest_route=\/wp\/v2\/types\/post"}],"author":[{"embeddable":true,"href":"https:\/\/aconteceunovale.com.br\/portal\/index.php?rest_route=\/wp\/v2\/users\/1"}],"replies":[{"embeddable":true,"href":"https:\/\/aconteceunovale.com.br\/portal\/index.php?rest_route=%2Fwp%2Fv2%2Fcomments&post=114304"}],"version-history":[{"count":0,"href":"https:\/\/aconteceunovale.com.br\/portal\/index.php?rest_route=\/wp\/v2\/posts\/114304\/revisions"}],"wp:featuredmedia":[{"embeddable":true,"href":"https:\/\/aconteceunovale.com.br\/portal\/index.php?rest_route=\/wp\/v2\/media\/114305"}],"wp:attachment":[{"href":"https:\/\/aconteceunovale.com.br\/portal\/index.php?rest_route=%2Fwp%2Fv2%2Fmedia&parent=114304"}],"wp:term":[{"taxonomy":"category","embeddable":true,"href":"https:\/\/aconteceunovale.com.br\/portal\/index.php?rest_route=%2Fwp%2Fv2%2Fcategories&post=114304"},{"taxonomy":"post_tag","embeddable":true,"href":"https:\/\/aconteceunovale.com.br\/portal\/index.php?rest_route=%2Fwp%2Fv2%2Ftags&post=114304"}],"curies":[{"name":"wp","href":"https:\/\/api.w.org\/{rel}","templated":true}]}}