{"id":114288,"date":"2017-05-05T23:07:40","date_gmt":"2017-05-06T01:07:40","guid":{"rendered":"http:\/\/aconteceunovale.com.br\/portal\/?p=114288"},"modified":"2017-05-06T14:07:40","modified_gmt":"2017-05-06T16:07:40","slug":"acidente-entre-carro-e-carreta-deixa-cinco-mortos-na-br-381-em-mantena","status":"publish","type":"post","link":"https:\/\/aconteceunovale.com.br\/portal\/?p=114288","title":{"rendered":"Acidente entre carro e carreta deixa cinco mortos na BR-381, em Mantena"},"content":{"rendered":"<p>Cinco pessoas de uma mesma fam\u00edlia morreram em um grave acidente na manh\u00e3 desta sexta-feira, 5 de maio, na altura do quil\u00f4metro 18 da BR-381, entre Mantena e Divino das Palmeiras, no Vale do Rio Doce. Segundo a Pol\u00edcia Militar (PM), o carro onde as v\u00edtimas estavam colidiu frontalmente contra uma carreta e foi arrastado.<\/p>\n<p>Ainda segundo a PM, o autom\u00f3vel, um Chevrolet\/Corsa com placa NFH-2234, de Sacramento (MG), seguia sentido Governador Valadares\/Mantena, quando invadiu a contram\u00e3o e acabou batendo na carreta com placa de Chapec\u00f3 (SC), que transportava alimentos. <\/p>\n<p>O ve\u00edculo foi arrastado por cerca de 40 metros e ficou preso entre o ve\u00edculo de carga e um morro \u00e0s margens da rodovia. Os cinco ocupantes do autom\u00f3vel, incluindo uma crian\u00e7a de dois anos, ficaram presos \u00e0s ferragens e morreram no local. A identifica\u00e7\u00e3o das v\u00edtimas ainda n\u00e3o foi divulgada.<\/p>\n<p>O motorista do caminh\u00e3o foi conduzido \u00e0 Delegacia de Mantena para prestar esclarecimentos. As causas e circunst\u00e2ncias do acidente s\u00e3o investigadas. <\/p>\n<p><strong>Cansa\u00e7o<\/strong><\/p>\n<p>A suspeita \u00e9 que o cansa\u00e7o do motorista do carro e poss\u00edvel cochilo ao volante tenha provocado o acidente. Familiares relataram \u00e0 pol\u00edcia que eles viajavam desde \u00e0s 23h da noite de quinta-feira (4) com destino a Jaguar\u00e9 (ES). Apenas entre Sacramento e Mantena, local da colis\u00e3o no trecho de rodovia, que \u00e9 identificado como MGC-381, sob administra\u00e7\u00e3o do governo de Minas, eles j\u00e1 teriam percorrido 1.100 quil\u00f4metros, informou o militar que atendeu \u00e0 ocorr\u00eancia.<\/p>\n<p>Uma crian\u00e7a, de 2 anos, um adolescente, de 15, e tr\u00eas adultos, de 30, 32 e 41 anos, morreram presos \u00e0s ferragens. Ainda segundo PM, a demora na chegada da per\u00edcia deixou o tr\u00e2nsito local parcialmente interditado entre 9h e 19h30 dessa sexta (5). Os corpos foram encaminhados para o Instituto M\u00e9dico Legal de Governador Valadares.<\/p>\n<p><img decoding=\"async\" src=\"http:\/\/aconteceunovale.com.br\/portal\/wp-content\/uploads\/2017\/05\/acidente_carreta_mantena_1.jpeg\" alt=\"\" \/><em>Acidente aconteceu no km 18 da BR-381 (Foto: Divulga\u00e7\u00e3o\/Pol\u00edcia Militar)<\/em><br \/>\n<\/br><\/p>\n<p><img decoding=\"async\" src=\"http:\/\/aconteceunovale.com.br\/portal\/wp-content\/uploads\/2017\/05\/acidente_carreta_mantena_1.jpg\" alt=\"\" \/><em>Acidente aconteceu no km 18 da BR-381 (Foto: J\u00e2nio Ferrari\/Reprodu\u00e7\u00e3o Facebook)<\/em><br \/>\n<\/br><\/p>\n<p><img decoding=\"async\" src=\"http:\/\/aconteceunovale.com.br\/portal\/wp-content\/uploads\/2017\/05\/acidente_carreta_mantena_2.jpg\" alt=\"\" \/><em>Acidente aconteceu no km 18 da BR-381 (Foto: J\u00e2nio Ferrari\/Reprodu\u00e7\u00e3o Facebook)<\/em><br \/>\n<\/br><\/p>\n<p><img decoding=\"async\" src=\"http:\/\/aconteceunovale.com.br\/portal\/wp-content\/uploads\/2017\/05\/acidente_carreta_mantena_3.jpg\" alt=\"\" \/><em>Acidente aconteceu no km 18 da BR-381 (Foto: J\u00e2nio Ferrari\/Reprodu\u00e7\u00e3o Facebook)<\/em><br \/>\n<\/br><\/p>\n<p><img decoding=\"async\" src=\"http:\/\/aconteceunovale.com.br\/portal\/wp-content\/uploads\/2017\/05\/acidente_carreta_mantena_4.jpg\" alt=\"\" \/><em>Acidente aconteceu no km 18 da BR-381 (Foto: J\u00e2nio Ferrari\/Reprodu\u00e7\u00e3o Facebook)<\/em><br \/>\n<\/br><\/p>\n<p><strong>VER PRIMEIRO<\/strong><\/p>\n<p><strong>Receba as not\u00edcias do Aconteceu no Vale em primeira m\u00e3o. Clique em curtir no endere\u00e7o <a href=\"https:\/\/www.facebook.com\/aconteceunovale\" target=\"_blank\"><font color=\"red\">www.facebook.com\/aconteceunovale<\/font><\/a> ou no box abaixo:<\/strong><\/p>\n<div class=\"fb-like\" data-href=\"https:\/\/www.facebook.com\/aconteceunovale\" data-width=\"120\" data-layout=\"standard\" data-action=\"like\" data-size=\"small\" data-show-faces=\"true\" data-share=\"true\"><\/div>\n<p><\/br><\/p>\n<p><em>(Com informa\u00e7\u00f5es do G1, O Tempo e Pol\u00edcia Militar Rodovi\u00e1ria)<\/em><\/p>\n","protected":false},"excerpt":{"rendered":"<p>Cinco pessoas de uma mesma fam\u00edlia morreram em um grave acidente na manh\u00e3 desta sexta-feira, 5 de maio, na altura do quil\u00f4metro 18 da BR-381, entre Mantena e Divino das Palmeiras, no Vale do Rio Doce. Segundo a Pol\u00edcia Militar (PM), o carro onde as v\u00edtimas estavam colidiu frontalmente contra uma carreta e foi arrastado. [&hellip;]<\/p>\n","protected":false},"author":1,"featured_media":114290,"comment_status":"open","ping_status":"closed","sticky":false,"template":"","format":"standard","meta":{"amp_status":"","footnotes":""},"categories":[121],"tags":[148051,148052,148050,148049,148047,148048,148053,148045,148054,148056,148042,148046,148043,148037,9083,148044,148055,148041,148038,148039,1516,148040],"class_list":["post-114288","post","type-post","status-publish","format-standard","has-post-thumbnail","hentry","category-leste","tag-acidente-com-carreta-da-aurora","tag-acidente-com-carreta-da-aurora-de-chapeco","tag-acidente-com-carreta-de-chapeco","tag-acidente-com-carro-de-sacramento","tag-acidente-com-corsa-de-sacramento","tag-acidente-com-moradores-de-sacramento","tag-acidente-com-motorista-da-aurora","tag-acidente-em-mantena","tag-acidente-entre-carro-e-carreta-deixa-cinco-mortos-na-br-381","tag-acidente-entre-carro-e-carreta-deixa-cinco-mortos-na-br-381-em-mantena","tag-acidente-entre-mantena-e-divino-das-palmeiras","tag-acidente-na-br-381-em-mantena","tag-acidente-na-br-381-entre-mantena-e-divino-das-palmeiras","tag-arthur-oliveira-santos","tag-chapeco","tag-divino-das-palmeiras","tag-em-mantena","tag-fabiola-daniela-da-silva-oliveira","tag-gabriel-batistuta-fontoura-lima","tag-luiz-de-moura","tag-mantena","tag-romerito-santos"],"_links":{"self":[{"href":"https:\/\/aconteceunovale.com.br\/portal\/index.php?rest_route=\/wp\/v2\/posts\/114288","targetHints":{"allow":["GET"]}}],"collection":[{"href":"https:\/\/aconteceunovale.com.br\/portal\/index.php?rest_route=\/wp\/v2\/posts"}],"about":[{"href":"https:\/\/aconteceunovale.com.br\/portal\/index.php?rest_route=\/wp\/v2\/types\/post"}],"author":[{"embeddable":true,"href":"https:\/\/aconteceunovale.com.br\/portal\/index.php?rest_route=\/wp\/v2\/users\/1"}],"replies":[{"embeddable":true,"href":"https:\/\/aconteceunovale.com.br\/portal\/index.php?rest_route=%2Fwp%2Fv2%2Fcomments&post=114288"}],"version-history":[{"count":0,"href":"https:\/\/aconteceunovale.com.br\/portal\/index.php?rest_route=\/wp\/v2\/posts\/114288\/revisions"}],"wp:featuredmedia":[{"embeddable":true,"href":"https:\/\/aconteceunovale.com.br\/portal\/index.php?rest_route=\/wp\/v2\/media\/114290"}],"wp:attachment":[{"href":"https:\/\/aconteceunovale.com.br\/portal\/index.php?rest_route=%2Fwp%2Fv2%2Fmedia&parent=114288"}],"wp:term":[{"taxonomy":"category","embeddable":true,"href":"https:\/\/aconteceunovale.com.br\/portal\/index.php?rest_route=%2Fwp%2Fv2%2Fcategories&post=114288"},{"taxonomy":"post_tag","embeddable":true,"href":"https:\/\/aconteceunovale.com.br\/portal\/index.php?rest_route=%2Fwp%2Fv2%2Ftags&post=114288"}],"curies":[{"name":"wp","href":"https:\/\/api.w.org\/{rel}","templated":true}]}}