{"id":114281,"date":"2017-05-05T21:49:26","date_gmt":"2017-05-05T23:49:26","guid":{"rendered":"http:\/\/aconteceunovale.com.br\/portal\/?p=114281"},"modified":"2017-05-05T21:49:26","modified_gmt":"2017-05-05T23:49:26","slug":"suspeito-de-homicidio-e-preso-pela-policia-militar-em-santo-antonio-do-retiro","status":"publish","type":"post","link":"https:\/\/aconteceunovale.com.br\/portal\/?p=114281","title":{"rendered":"Suspeito de homic\u00eddio \u00e9 preso pela Pol\u00edcia Militar em Santo Ant\u00f4nio do Retiro"},"content":{"rendered":"<p>Um homem de 49 anos foi preso nesta sexta-feira (05\/05\/2017) apontado como o autor de um homic\u00eddio em Santo Ant\u00f4nio do Retiro, no extremo Norte de Minas Gerais. O crime foi em maio de 2016 em uma fazenda na zona rural do munic\u00edpio.<\/p>\n<p>Segundo a Pol\u00edcia Militar (PM), no dia do crime uma testemunha acionou a pol\u00edcia informando que havia um homem ca\u00eddo no quintal de sua casa. Ela contou ainda que na noite anterior ouviu gritos pr\u00f3ximos \u00e0 estrada de acesso \u00e0 resid\u00eancia, mas n\u00e3o se atentou que pudesse ser um crime.<\/p>\n<p>Ainda segundo a testemunha, durante a madrugada ela levantou para levar as netas ao banheiro, que fica do lado de fora da casa, e encontrou a v\u00edtima ca\u00edda com um corte profundo na cabe\u00e7a e outro no bra\u00e7o. Ela afirmou conhecer a v\u00edtima e que este tinha desaven\u00e7as com outro homem da regi\u00e3o. Os militares foram \u00e0 casa do suspeito citado pela testemunha e a esposa dele confirmou ter um caso extraconjugal com a v\u00edtima, mas n\u00e3o sabia se seu esposo era o autor do homic\u00eddio.<\/p>\n<p>Desde ent\u00e3o, militares fizeram buscas na regi\u00e3o para tentar localizar o autor. Nesta sexta-feira, conseguiram informa\u00e7\u00f5es que o autor estava na casa dos pais. A pol\u00edcia montou uma opera\u00e7\u00e3o e cumpriu o mandado de pris\u00e3o. O autor foi preso e levado para a delegacia de Rio Pardo de Minas.<\/p>\n<p><img decoding=\"async\" src=\"http:\/\/aconteceunovale.com.br\/portal\/wp-content\/uploads\/2017\/05\/preso_retiro.jpg\" alt=\"\" \/><em>Homem foi preso na casa dos pais e levado \u00e0 delegacia (Foto: Pol\u00edcia Militar\/Divulga\u00e7\u00e3o)<\/em><br \/>\n<\/br><\/p>\n<p><strong>VER PRIMEIRO<\/strong><\/p>\n<p><strong>Receba as not\u00edcias do Aconteceu no Vale em primeira m\u00e3o. Clique em curtir no endere\u00e7o <a href=\"https:\/\/www.facebook.com\/aconteceunovale\" target=\"_blank\"><font color=\"red\">www.facebook.com\/aconteceunovale<\/font><\/a> ou no box abaixo:<\/strong><\/p>\n<div class=\"fb-like\" data-href=\"https:\/\/www.facebook.com\/aconteceunovale\" data-width=\"120\" data-layout=\"standard\" data-action=\"like\" data-size=\"small\" data-show-faces=\"true\" data-share=\"true\"><\/div>\n<p><\/br><\/p>\n<p><em>(Fonte: G1 Grande Minas)<\/em><\/p>\n","protected":false},"excerpt":{"rendered":"<p>Um homem de 49 anos foi preso nesta sexta-feira (05\/05\/2017) apontado como o autor de um homic\u00eddio em Santo Ant\u00f4nio do Retiro, no extremo Norte de Minas Gerais. O crime foi em maio de 2016 em uma fazenda na zona rural do munic\u00edpio. Segundo a Pol\u00edcia Militar (PM), no dia do crime uma testemunha acionou [&hellip;]<\/p>\n","protected":false},"author":1,"featured_media":114282,"comment_status":"open","ping_status":"closed","sticky":false,"template":"","format":"standard","meta":{"amp_status":"","footnotes":""},"categories":[1236],"tags":[148030,148029,148031,148027,148028,3352,148026],"class_list":["post-114281","post","type-post","status-publish","format-standard","has-post-thumbnail","hentry","category-norte_de_minas","tag-homem-preso-em-santo-antonio-do-retiro","tag-homicida-santo-antonio-do-retiro","tag-homicidio-em-santo-antonio-do-retiro","tag-preso-em-santo-antonio-do-retiro","tag-preso-por-homicidio-santo-antonio-do-retiro","tag-santo-antonio-do-retiro","tag-suspeito-de-homicidio-e-preso-pela-policia-militar-em-santo-antonio-do-retiro"],"_links":{"self":[{"href":"https:\/\/aconteceunovale.com.br\/portal\/index.php?rest_route=\/wp\/v2\/posts\/114281","targetHints":{"allow":["GET"]}}],"collection":[{"href":"https:\/\/aconteceunovale.com.br\/portal\/index.php?rest_route=\/wp\/v2\/posts"}],"about":[{"href":"https:\/\/aconteceunovale.com.br\/portal\/index.php?rest_route=\/wp\/v2\/types\/post"}],"author":[{"embeddable":true,"href":"https:\/\/aconteceunovale.com.br\/portal\/index.php?rest_route=\/wp\/v2\/users\/1"}],"replies":[{"embeddable":true,"href":"https:\/\/aconteceunovale.com.br\/portal\/index.php?rest_route=%2Fwp%2Fv2%2Fcomments&post=114281"}],"version-history":[{"count":0,"href":"https:\/\/aconteceunovale.com.br\/portal\/index.php?rest_route=\/wp\/v2\/posts\/114281\/revisions"}],"wp:featuredmedia":[{"embeddable":true,"href":"https:\/\/aconteceunovale.com.br\/portal\/index.php?rest_route=\/wp\/v2\/media\/114282"}],"wp:attachment":[{"href":"https:\/\/aconteceunovale.com.br\/portal\/index.php?rest_route=%2Fwp%2Fv2%2Fmedia&parent=114281"}],"wp:term":[{"taxonomy":"category","embeddable":true,"href":"https:\/\/aconteceunovale.com.br\/portal\/index.php?rest_route=%2Fwp%2Fv2%2Fcategories&post=114281"},{"taxonomy":"post_tag","embeddable":true,"href":"https:\/\/aconteceunovale.com.br\/portal\/index.php?rest_route=%2Fwp%2Fv2%2Ftags&post=114281"}],"curies":[{"name":"wp","href":"https:\/\/api.w.org\/{rel}","templated":true}]}}