{"id":114276,"date":"2017-05-05T16:13:33","date_gmt":"2017-05-05T18:13:33","guid":{"rendered":"http:\/\/aconteceunovale.com.br\/portal\/?p=114276"},"modified":"2017-05-05T16:13:33","modified_gmt":"2017-05-05T18:13:33","slug":"pf-prende-grupo-que-levava-cocaina-de-mg-para-a-europa-em-blocos-de-granito","status":"publish","type":"post","link":"https:\/\/aconteceunovale.com.br\/portal\/?p=114276","title":{"rendered":"PF prende grupo que levava coca\u00edna de MG para a Europa em blocos de granito"},"content":{"rendered":"<p>A Pol\u00edcia Federal apresentou hoje (05\/05\/2017) os resultados da Opera\u00e7\u00e3o Cullinan, feita em parceria com for\u00e7as policiais da B\u00e9lgica e da Col\u00f4mbia, que levou ao indiciamento de 13 cidad\u00e3os estrangeiros por tr\u00e1fico internacional de coca\u00edna. Eles teriam criado uma empresa fict\u00edcia no Brasil que promovia a exporta\u00e7\u00e3o para a Europa de blocos de granito, dentro dos quais a droga era escondida.<\/p>\n<p>O grupo havia se estabelecido em Belo Horizonte e em Nova Lima, na regi\u00e3o metropolitana da capital mineira. At\u00e9 o momento, quatro estrangeiros foram presos e os demais est\u00e3o foragidos. N\u00e3o foram divulgados os pa\u00edses de origem dos acusados.<\/p>\n<p>As investiga\u00e7\u00f5es tiveram in\u00edcio em fevereiro do ano passado. A Pol\u00edcia Federal mapeou a log\u00edstica para a exporta\u00e7\u00e3o da coca\u00edna e monitorou as movimenta\u00e7\u00f5es do grupo, inclusive nos encontros com compradores e fornecedores. Em novembro, foi identificada uma exporta\u00e7\u00e3o de sete blocos de granito, saindo dos portos de Vit\u00f3ria e do Rio de Janeiro. O destino final da mercadoria era a Espanha, mas havia uma parada no porto de Antu\u00e9rpia, na B\u00e9lgica.<\/p>\n<p>A PF obteve o apoio da pol\u00edcia belga, que vistoriou a carga e apreendeu 1,02 mil quilos de coca\u00edna. Diante do flagrante, o grupo transferiu seus equipamentos para um galp\u00e3o em Vit\u00f3ria, e a maioria de seus integrantes deixou o pa\u00eds. Os aparelhos foram encontrados. A Justi\u00e7a Federal decretou as pris\u00f5es preventivas dos investigados e autorizou a inclus\u00e3o de seus nomes na lista de procurados internacionais pela Interpol.<\/p>\n<p>Na \u00faltima sexta-feira (28), um dos integrantes do grupo que ainda estava em territ\u00f3rio brasileiro foi preso em S\u00e3o Paulo e conduzido para um pres\u00eddio em Belo Horizonte. No mesmo dia, uma parceria com a Pol\u00edcia Nacional da Col\u00f4mbia permitiu que fossem localizados neste pa\u00eds outros tr\u00eas investigados. A PF j\u00e1 apresentou \u00e0 Justi\u00e7a Federal uma solicita\u00e7\u00e3o para que seja formalizado o pedido de extradi\u00e7\u00e3o ao governo colombiano.<\/p>\n<p>Se condenados pela pr\u00e1tica dos crimes de tr\u00e1fico internacional de drogas e de organiza\u00e7\u00e3o criminosa, os estrangeiros podem receber penas de at\u00e9 30 anos de reclus\u00e3o. Segundo a PF, prossegue a parceria com for\u00e7as policiais da Col\u00f4mbia,e tamb\u00e9m de outros pa\u00edses, para encontrar os demais investigados.<\/p>\n<p><img decoding=\"async\" src=\"http:\/\/aconteceunovale.com.br\/portal\/wp-content\/uploads\/2017\/05\/cocaina_granito.jpg\" alt=\"\" \/><em>Coca\u00edna era camuflada em blocos de granito (Foto: Divulga\u00e7\u00e3o\/PF)<\/em><br \/>\n<\/br><\/p>\n<p><strong>VER PRIMEIRO<\/strong><\/p>\n<p><strong>Receba as not\u00edcias do Aconteceu no Vale em primeira m\u00e3o. Clique em curtir no endere\u00e7o <a href=\"https:\/\/www.facebook.com\/aconteceunovale\" target=\"_blank\"><font color=\"red\">www.facebook.com\/aconteceunovale<\/font><\/a> ou no box abaixo:<\/strong><\/p>\n<div class=\"fb-like\" data-href=\"https:\/\/www.facebook.com\/aconteceunovale\" data-width=\"120\" data-layout=\"standard\" data-action=\"like\" data-size=\"small\" data-show-faces=\"true\" data-share=\"true\"><\/div>\n<p><\/br><\/p>\n<p><em>(Fonte: Ag\u00eancia Brasil)<\/em><\/p>\n","protected":false},"excerpt":{"rendered":"<p>A Pol\u00edcia Federal apresentou hoje (05\/05\/2017) os resultados da Opera\u00e7\u00e3o Cullinan, feita em parceria com for\u00e7as policiais da B\u00e9lgica e da Col\u00f4mbia, que levou ao indiciamento de 13 cidad\u00e3os estrangeiros por tr\u00e1fico internacional de coca\u00edna. Eles teriam criado uma empresa fict\u00edcia no Brasil que promovia a exporta\u00e7\u00e3o para a Europa de blocos de granito, dentro [&hellip;]<\/p>\n","protected":false},"author":1,"featured_media":114277,"comment_status":"open","ping_status":"closed","sticky":false,"template":"","format":"standard","meta":{"amp_status":"","footnotes":""},"categories":[123,28848],"tags":[46266,194,148021,40479,148025,1018,56241,1496,148024,148020,20966,148022,148023],"class_list":["post-114276","post","type-post","status-publish","format-standard","has-post-thumbnail","hentry","category-gerais","category-mundo","tag-belgica","tag-belo-horizonte","tag-blocos-de-granito","tag-cocaina","tag-cocaina-era-camuflada-em-blocos-de-granito","tag-destaque","tag-europa","tag-nova-lima","tag-operacao-contra-o-trafico-internacional-de-drogas-em-mg","tag-operacao-cullinan","tag-pf","tag-pf-prende-grupo-que-levava-cocaina-de-mg-para-a-europa-em-blocos-de-granito","tag-trafico-internacional-de-drogas-em-mg"],"_links":{"self":[{"href":"https:\/\/aconteceunovale.com.br\/portal\/index.php?rest_route=\/wp\/v2\/posts\/114276","targetHints":{"allow":["GET"]}}],"collection":[{"href":"https:\/\/aconteceunovale.com.br\/portal\/index.php?rest_route=\/wp\/v2\/posts"}],"about":[{"href":"https:\/\/aconteceunovale.com.br\/portal\/index.php?rest_route=\/wp\/v2\/types\/post"}],"author":[{"embeddable":true,"href":"https:\/\/aconteceunovale.com.br\/portal\/index.php?rest_route=\/wp\/v2\/users\/1"}],"replies":[{"embeddable":true,"href":"https:\/\/aconteceunovale.com.br\/portal\/index.php?rest_route=%2Fwp%2Fv2%2Fcomments&post=114276"}],"version-history":[{"count":0,"href":"https:\/\/aconteceunovale.com.br\/portal\/index.php?rest_route=\/wp\/v2\/posts\/114276\/revisions"}],"wp:featuredmedia":[{"embeddable":true,"href":"https:\/\/aconteceunovale.com.br\/portal\/index.php?rest_route=\/wp\/v2\/media\/114277"}],"wp:attachment":[{"href":"https:\/\/aconteceunovale.com.br\/portal\/index.php?rest_route=%2Fwp%2Fv2%2Fmedia&parent=114276"}],"wp:term":[{"taxonomy":"category","embeddable":true,"href":"https:\/\/aconteceunovale.com.br\/portal\/index.php?rest_route=%2Fwp%2Fv2%2Fcategories&post=114276"},{"taxonomy":"post_tag","embeddable":true,"href":"https:\/\/aconteceunovale.com.br\/portal\/index.php?rest_route=%2Fwp%2Fv2%2Ftags&post=114276"}],"curies":[{"name":"wp","href":"https:\/\/api.w.org\/{rel}","templated":true}]}}