{"id":114272,"date":"2017-05-05T15:48:45","date_gmt":"2017-05-05T17:48:45","guid":{"rendered":"http:\/\/aconteceunovale.com.br\/portal\/?p=114272"},"modified":"2017-05-05T15:48:45","modified_gmt":"2017-05-05T17:48:45","slug":"unimontes-e-referencia-em-educacao-a-distancia-em-todo-o-estado","status":"publish","type":"post","link":"https:\/\/aconteceunovale.com.br\/portal\/?p=114272","title":{"rendered":"Unimontes \u00e9 refer\u00eancia em educa\u00e7\u00e3o a dist\u00e2ncia em todo o estado"},"content":{"rendered":"<p>O ensino a\u00a0dist\u00e2ncia de qualidade tem se consolidado como possibilidade de forma\u00e7\u00e3o superior. E isso impacta\u00a0na busca por esta modalidade de educa\u00e7\u00e3o, inclusive a\u00a0p\u00fablica. No\u00a0Centro de Educa\u00e7\u00e3o a Dist\u00e2ncia (CEAD) da Universidade Estadual de Montes Claros \u2013 Unimontes, por exemplo, a previs\u00e3o \u00e9 oferecer este ano 14 cursos &#8211; 55% a mais que os cursos em andamento ano passado.<\/p>\n<p>A previs\u00e3o de matr\u00edculas deve somar quase 2 mil estudantes espalhados por 21 munic\u00edpios mineiros, revelando um alcance 61,5% maior que no ano passado. Os investimentos podem aumentar 184% passando de R$ 2, 4 milh\u00f5es para R$ 4,4, milh\u00f5es, 183% maiores.<\/p>\n<p>Com 21 anos, Adriana Rodrigues Correia Balieiro\u00a0mora em Mamonas e est\u00e1 no oitavo per\u00edodo do curso de Pedagogia no polo de Jana\u00faba. Na cidade onde reside\u00a0n\u00e3o h\u00e1 outra institui\u00e7\u00e3o de ensino superior e Adriana encontrou na educa\u00e7\u00e3o a dist\u00e2ncia da Unimontes a flexibilidade que precisava.<\/p>\n<p>\u201cO ensino a dist\u00e2ncia tem vantagens como a n\u00e3o necessidade de deslocamento di\u00e1rio, que cansa e fica caro. Outro benef\u00edcio \u00e9 que posso adequar meus hor\u00e1rios de dedica\u00e7\u00e3o ao curso com meus outros afazeres, isso sem perder tamb\u00e9m o primor, pois as minhas d\u00favidas s\u00e3o sempre respondidas a tempo e a hora\u201d, conta a futura pedagoga.<\/p>\n<p>As metodologias utilizadas para a educa\u00e7\u00e3o a dist\u00e2ncia combinam uma s\u00e9rie de t\u00e9cnicas. Os alunos t\u00eam aulas presenciais em m\u00e9dia tr\u00eas vezes por m\u00eas, nos munic\u00edpios que contam com Polos de Apoio Presencial. Tamb\u00e9m s\u00e3o realizadas aulas ao vivo, que permitem maior interatividade entre professor-aluno e aluno-aluno.<\/p>\n<p>Essas aulas ainda ficam dispon\u00edveis depois de ministradas. O restante da carga hor\u00e1ria fica com as aulas gravadas, oferecidas no chamado ambiente virtual, ao qual somente os respectivos alunos e professores t\u00eam acesso.<\/p>\n<p>Para os encontros presenciais, segundo o diretor do Centro de Educa\u00e7\u00e3o a Dist\u00e2ncia, Fernando Guilherme Veloso Queiroz, existe todo um trabalho para que sejam momentos t\u00e3o ricos que tenham continuidade nas atividades \u00e0 dist\u00e2ncia. \u201cNessas aulas, o processo ensino-aprendizagem \u00e9 potencializado para que reflitam em todo o curso. S\u00e3o realizadas atividades em grupo, avalia\u00e7\u00f5es e d\u00favidas s\u00e3o sanadas instantaneamente\u201d.<\/p>\n<p>O biom\u00e9dico Edm\u00e1rcio Olinto da Fonseca, morador da capital mineira, decidiu fazer o segundo curso superior. O que pesou na escolha pela Unimontes foi a certeza da qualidade do ensino.<\/p>\n<p>\u201cJ\u00e1 conhecia a Unimontes, pois cursei especializa\u00e7\u00e3o a\u00a0dist\u00e2ncia nela. Optei novamente pela institui\u00e7\u00e3o porque fiquei bastante satisfeito com o curso de Gest\u00e3o de Sa\u00fade que fiz l\u00e1.\u00a0 Por causa dele tenho meu emprego hoje na Santa Casa. Agora vou me formar em Educa\u00e7\u00e3o F\u00edsica\u201d, conta Fonseca.<\/p>\n<p>O diretor Fernando Queiroz explica a voca\u00e7\u00e3o da modalidade de ensino \u00e0 dist\u00e2ncia atribu\u00edda \u00e0 Unimontes.\u00a0\u201cA universidade nasceu numa regi\u00e3o carente de institui\u00e7\u00f5es de educa\u00e7\u00e3o e viemos sanando uma demanda reprimida naquela regi\u00e3o, esse \u00e9 um dos fatores que sempre houve di\u00e1logo estreito com as municipalidades do entorno. Assim foram criados os cursos semipresenciais&#8221;, diz o educador.<\/p>\n<p>&#8220;De l\u00e1 para c\u00e1, aconteceu uma evolu\u00e7\u00e3o natural para o ensino \u00e0 dist\u00e2ncia. Oferecemos cursos que perpassam \u00e1reas diversas de conhecimento, com isso reunimos profissionais multidisciplinares, que atendem aos alunos interessados em se formar nos diversos campos do saber\u201d, completa Queiroz.<\/p>\n<p><img decoding=\"async\" src=\"http:\/\/aconteceunovale.com.br\/portal\/wp-content\/uploads\/2017\/05\/foto_cortada.jpg\" alt=\"\" \/><em>Edm\u00e1rcio Olinto cursa Educa\u00e7\u00e3o F\u00edsica, mora em BH e seu polo fica em Pomp\u00e9u (Divulga\u00e7\u00e3o)<\/em><br \/>\n<\/br><\/p>\n<p><strong>Parceria com a Pol\u00edcia Militar de Minas Gerais<\/strong><\/p>\n<p>A refer\u00eancia em qualidade em EAD da Unimontes gerou uma parceria com Pol\u00edcia Militar de Minas Gerais. A universidade vai elaborar o material did\u00e1tico e as ferramentas de multim\u00eddia (objeto interativo) para o curso de capacita\u00e7\u00e3o sobre o registro do Termo Circunstanciado de Ocorr\u00eancias (TCO). Ser\u00e3o capacitados 43 mil policiais em todo o estado pelo curso no modelo de educa\u00e7\u00e3o a dist\u00e2ncia, que ser\u00e1 oferecido pela pr\u00f3pria PMMG.<\/p>\n<p><strong>VER PRIMEIRO<\/strong><\/p>\n<p><strong>Receba as not\u00edcias do Aconteceu no Vale em primeira m\u00e3o. Clique em curtir no endere\u00e7o <a href=\"https:\/\/www.facebook.com\/aconteceunovale\" target=\"_blank\"><font color=\"red\">www.facebook.com\/aconteceunovale<\/font><\/a> ou no box abaixo:<\/strong><\/p>\n<div class=\"fb-like\" data-href=\"https:\/\/www.facebook.com\/aconteceunovale\" data-width=\"120\" data-layout=\"standard\" data-action=\"like\" data-size=\"small\" data-show-faces=\"true\" data-share=\"true\"><\/div>\n<p><\/br><\/p>\n<p><em>(Fonte: Ag\u00eancia Minas)<\/em><\/p>\n","protected":false},"excerpt":{"rendered":"<p>O ensino a\u00a0dist\u00e2ncia de qualidade tem se consolidado como possibilidade de forma\u00e7\u00e3o superior. E isso impacta\u00a0na busca por esta modalidade de educa\u00e7\u00e3o, inclusive a\u00a0p\u00fablica. No\u00a0Centro de Educa\u00e7\u00e3o a Dist\u00e2ncia (CEAD) da Universidade Estadual de Montes Claros \u2013 Unimontes, por exemplo, a previs\u00e3o \u00e9 oferecer este ano 14 cursos &#8211; 55% a mais que os cursos [&hellip;]<\/p>\n","protected":false},"author":1,"featured_media":114274,"comment_status":"open","ping_status":"closed","sticky":false,"template":"","format":"standard","meta":{"amp_status":"","footnotes":""},"categories":[40238,1236],"tags":[148016,148015,148013,148014,148012,148018,148017,204,3673,763,148019,18174],"class_list":["post-114272","post","type-post","status-publish","format-standard","has-post-thumbnail","hentry","category-educacao-2","category-norte_de_minas","tag-adriana-rodrigues-correia-balieiro","tag-cead-unimontes","tag-cead-universidade-estadual-de-montes-claros","tag-ead-unimontes","tag-ead-universidade-estadual-de-montes-claros","tag-edmarcio-olinto-da-fonseca","tag-fernando-guilherme-veloso-queiroz","tag-janauba","tag-mamonas","tag-unimontes","tag-unimontes-e-referencia-em-educacao-a-distancia-em-todo-o-estado","tag-universidade-estadual-de-montes-claros"],"_links":{"self":[{"href":"https:\/\/aconteceunovale.com.br\/portal\/index.php?rest_route=\/wp\/v2\/posts\/114272","targetHints":{"allow":["GET"]}}],"collection":[{"href":"https:\/\/aconteceunovale.com.br\/portal\/index.php?rest_route=\/wp\/v2\/posts"}],"about":[{"href":"https:\/\/aconteceunovale.com.br\/portal\/index.php?rest_route=\/wp\/v2\/types\/post"}],"author":[{"embeddable":true,"href":"https:\/\/aconteceunovale.com.br\/portal\/index.php?rest_route=\/wp\/v2\/users\/1"}],"replies":[{"embeddable":true,"href":"https:\/\/aconteceunovale.com.br\/portal\/index.php?rest_route=%2Fwp%2Fv2%2Fcomments&post=114272"}],"version-history":[{"count":0,"href":"https:\/\/aconteceunovale.com.br\/portal\/index.php?rest_route=\/wp\/v2\/posts\/114272\/revisions"}],"wp:featuredmedia":[{"embeddable":true,"href":"https:\/\/aconteceunovale.com.br\/portal\/index.php?rest_route=\/wp\/v2\/media\/114274"}],"wp:attachment":[{"href":"https:\/\/aconteceunovale.com.br\/portal\/index.php?rest_route=%2Fwp%2Fv2%2Fmedia&parent=114272"}],"wp:term":[{"taxonomy":"category","embeddable":true,"href":"https:\/\/aconteceunovale.com.br\/portal\/index.php?rest_route=%2Fwp%2Fv2%2Fcategories&post=114272"},{"taxonomy":"post_tag","embeddable":true,"href":"https:\/\/aconteceunovale.com.br\/portal\/index.php?rest_route=%2Fwp%2Fv2%2Ftags&post=114272"}],"curies":[{"name":"wp","href":"https:\/\/api.w.org\/{rel}","templated":true}]}}