{"id":114270,"date":"2017-05-05T13:28:23","date_gmt":"2017-05-05T15:28:23","guid":{"rendered":"http:\/\/aconteceunovale.com.br\/portal\/?p=114270"},"modified":"2017-05-05T13:28:23","modified_gmt":"2017-05-05T15:28:23","slug":"idade-minima-para-aposentar-poderia-ser-menor-diz-ex-presidente-do-inss","status":"publish","type":"post","link":"https:\/\/aconteceunovale.com.br\/portal\/?p=114270","title":{"rendered":"Idade m\u00ednima para aposentar poderia ser menor, diz ex-presidente do INSS"},"content":{"rendered":"<p>O advogado especialista em Direito Previdenci\u00e1rio e ex-presidente do Instituto Nacional do Seguro Social (INSS), Mauro Hauschild, disse hoje (05\/05\/2017) que a idade m\u00ednima para a aposentadoria poderia ser menor do que est\u00e1 sendo proposto no relat\u00f3rio de reforma da Previd\u00eancia, na C\u00e2mara dos Deputados.<\/p>\n<p>\u201cAs regras de transi\u00e7\u00e3o acomodaram a situa\u00e7\u00e3o de quem est\u00e1 no mercado, mas a regra de partida poderia ser menor e chegar a uma idade mais dura daqui dez ou 15 anos\u201d, disse.<\/p>\n<p>No texto-base aprovado esta semana na comiss\u00e3o especial que analisou a proposta, a idade m\u00ednima para aposentadoria ser\u00e1 de 65 anos para homens e 62 para mulheres. Segundo Hauschild, do ponto de vista do governo, \u201cparece que as concess\u00f5es que foram feitas chegaram no limite\u201d. <\/p>\n<p>Ele acredita, no entanto, que caso houvesse alguma concess\u00e3o na quest\u00e3o da idade m\u00ednima, isso traria mais ades\u00e3o de parlamentares para aprovar a reforma em plen\u00e1rio. \u201cIsso daria uma distencionada nos deputados que ficariam mais \u00e0 vontade de votar a favor do governo\u201d, disse.<\/p>\n<p>Segundo o advogado, que participou hoje do programa Revista Brasil, da R\u00e1dio Nacional AM de Bras\u00edlia, o governo tem justificado que fazer mais concess\u00f5es diminuiria o impacto das reformas e poderia comprometer os primeiros anos do ciclo de ajuste das contas da Previd\u00eancia.<\/p>\n<p>O ex-presidente do INSS ressaltou ainda que a falta de efici\u00eancia do Estado nas pol\u00edticas p\u00fablicas tamb\u00e9m deveria entrar em discuss\u00e3o. Ele deu como exemplo a falta de fiscaliza\u00e7\u00e3o para preven\u00e7\u00e3o de doen\u00e7as e acidentes de trabalho e a falta de fiscaliza\u00e7\u00e3o e m\u00e1 conserva\u00e7\u00e3o de rodovias que resultam em acidentes de tr\u00e2nsito.<\/p>\n<p>Segundo Hauschild, todas as pessoas que ficam fora do trabalho por essas circunst\u00e2ncias acabam recebendo pens\u00f5es e aux\u00edlios doen\u00e7as do INSS.<\/p>\n<p>\u201c\u00c9 uma pol\u00edtica n\u00e3o efetiva do Estado que repercute na Previd\u00eancia Social\u201d, disse ele, explicando que ainda existem os problemas de gest\u00e3o do INSS que tamb\u00e9m resultam em preju\u00edzo expressivo para a Previd\u00eancia.<\/p>\n<p><strong>VER PRIMEIRO<\/strong><\/p>\n<p><strong>Receba as not\u00edcias do Aconteceu no Vale em primeira m\u00e3o. Clique em curtir no endere\u00e7o <a href=\"https:\/\/www.facebook.com\/aconteceunovale\" target=\"_blank\"><font color=\"red\">www.facebook.com\/aconteceunovale<\/font><\/a> ou no box abaixo:<\/strong><\/p>\n<div class=\"fb-like\" data-href=\"https:\/\/www.facebook.com\/aconteceunovale\" data-width=\"120\" data-layout=\"standard\" data-action=\"like\" data-size=\"small\" data-show-faces=\"true\" data-share=\"true\"><\/div>\n<p><\/br><\/p>\n<p><em>(Fonte: Ag\u00eancia Brasil)<\/em><\/p>\n","protected":false},"excerpt":{"rendered":"<p>O advogado especialista em Direito Previdenci\u00e1rio e ex-presidente do Instituto Nacional do Seguro Social (INSS), Mauro Hauschild, disse hoje (05\/05\/2017) que a idade m\u00ednima para a aposentadoria poderia ser menor do que est\u00e1 sendo proposto no relat\u00f3rio de reforma da Previd\u00eancia, na C\u00e2mara dos Deputados. \u201cAs regras de transi\u00e7\u00e3o acomodaram a situa\u00e7\u00e3o de quem est\u00e1 [&hellip;]<\/p>\n","protected":false},"author":1,"featured_media":46948,"comment_status":"open","ping_status":"closed","sticky":false,"template":"","format":"standard","meta":{"amp_status":"","footnotes":""},"categories":[6],"tags":[148010,148011,128915,148009,6528,148006,148008,110209,148007],"class_list":["post-114270","post","type-post","status-publish","format-standard","has-post-thumbnail","hentry","category-br","tag-diz-ex-presidente-do-inss","tag-idade-minima-para-a-aposentadoria-poderia-ser-menor-do-que-esta-sendo-proposto-no-relatorio-de-reforma-da-previdencia","tag-idade-minima-para-aposentar","tag-idade-minima-para-aposentar-poderia-ser-menor","tag-inss","tag-mauro-hauschild","tag-radio-nacional-am","tag-reforma-da-previdencia","tag-revista-brasil"],"_links":{"self":[{"href":"https:\/\/aconteceunovale.com.br\/portal\/index.php?rest_route=\/wp\/v2\/posts\/114270","targetHints":{"allow":["GET"]}}],"collection":[{"href":"https:\/\/aconteceunovale.com.br\/portal\/index.php?rest_route=\/wp\/v2\/posts"}],"about":[{"href":"https:\/\/aconteceunovale.com.br\/portal\/index.php?rest_route=\/wp\/v2\/types\/post"}],"author":[{"embeddable":true,"href":"https:\/\/aconteceunovale.com.br\/portal\/index.php?rest_route=\/wp\/v2\/users\/1"}],"replies":[{"embeddable":true,"href":"https:\/\/aconteceunovale.com.br\/portal\/index.php?rest_route=%2Fwp%2Fv2%2Fcomments&post=114270"}],"version-history":[{"count":0,"href":"https:\/\/aconteceunovale.com.br\/portal\/index.php?rest_route=\/wp\/v2\/posts\/114270\/revisions"}],"wp:featuredmedia":[{"embeddable":true,"href":"https:\/\/aconteceunovale.com.br\/portal\/index.php?rest_route=\/wp\/v2\/media\/46948"}],"wp:attachment":[{"href":"https:\/\/aconteceunovale.com.br\/portal\/index.php?rest_route=%2Fwp%2Fv2%2Fmedia&parent=114270"}],"wp:term":[{"taxonomy":"category","embeddable":true,"href":"https:\/\/aconteceunovale.com.br\/portal\/index.php?rest_route=%2Fwp%2Fv2%2Fcategories&post=114270"},{"taxonomy":"post_tag","embeddable":true,"href":"https:\/\/aconteceunovale.com.br\/portal\/index.php?rest_route=%2Fwp%2Fv2%2Ftags&post=114270"}],"curies":[{"name":"wp","href":"https:\/\/api.w.org\/{rel}","templated":true}]}}