{"id":114266,"date":"2017-05-05T13:21:54","date_gmt":"2017-05-05T15:21:54","guid":{"rendered":"http:\/\/aconteceunovale.com.br\/portal\/?p=114266"},"modified":"2017-05-05T13:25:48","modified_gmt":"2017-05-05T15:25:48","slug":"coreia-do-norte-acusa-cia-de-tracar-plano-para-matar-ditador-norte-coreano","status":"publish","type":"post","link":"https:\/\/aconteceunovale.com.br\/portal\/?p=114266","title":{"rendered":"Coreia do Norte acusa CIA de tra\u00e7ar plano para matar Kim Jong-Un"},"content":{"rendered":"<p>A Coreia do Norte acusou, nesta sexta-feira (05\/05\/2017), a Ag\u00eancia Central de Intelig\u00eancia dos Estados Unidos (CIA) de ter tra\u00e7ado, junto com os servi\u00e7os de intelig\u00eancia sul-coreanos, um plano para matar seu l\u00edder Kim Jong-Un com subst\u00e2ncias qu\u00edmicas, durante as comemora\u00e7\u00f5es do &#8220;Dia do Sol&#8221; no m\u00eas passado naquele pa\u00eds asi\u00e1tico.<\/p>\n<p>O Minist\u00e9rio de Seguran\u00e7a Estatal nortecoreano assegurou haver detectado um grupo, infiltrado pela CIA e pelo Servi\u00e7o Nacional de Intelig\u00eancia de Seul, para realizar &#8220;preparativos encobertos e meticulosos&#8221; a fim de cometer um atentado contra seu l\u00edder &#8220;com o uso de subst\u00e2ncias qu\u00edmicas&#8221;.<\/p>\n<p>Em um comunicado publicado pela ag\u00eancia oficial de not\u00edcias nortecoreana KCNA, o minist\u00e9rio afirmou que a CIA e os servi\u00e7os de intelig\u00eancia sul-coreanos &#8220;subornaram&#8221;, em 2014, um nortecoreano que trabalhava em um complexo industrial no territ\u00f3rio russo de Khabarovsk, para que praticasse um &#8220;atentado terrorista&#8221; contra o l\u00edder supremo do pa\u00eds.<\/p>\n<p><strong>&#8220;Dia do Sol&#8221;<\/strong><\/p>\n<p>O objetivo era assassinar Kim Jong-Un durante atos comemorativos, em abril, do &#8220;Dia do Sol&#8221;, a festividade mais importante do pa\u00eds, realizada no Pal\u00e1cio do Sol de Kumsusan (onde est\u00e3o embalsamados o av\u00f4 e o pai do l\u00edder).<\/p>\n<p>&#8220;Disseram a ele que o assassinato com subst\u00e2ncias qu\u00edmicas, incluindo subst\u00e2ncias radiativas e nanovenenos, era o melhor m\u00e9todo, que n\u00e3o requer acesso ao alvo&#8221;, com resultados ap\u00f3s seis ou 12 meses, segundo o texto.<\/p>\n<p>Os servi\u00e7os de intelig\u00eancia de Seul assumiram o custo dos fornecimentos e fundos necess\u00e1rios para a opera\u00e7\u00e3o, e o homem recebeu dois pagamentos de US$ 20 mil, bem como um transmissor-receptor por sat\u00e9lite.<\/p>\n<p>Ao longo de 2016, quando o homem morava em Pyongyang, ele recebeu instru\u00e7\u00f5es para ter acesso ao local das comemora\u00e7\u00f5es e US$ 200 mil para estabelecer um centro de contato no estrangeiro, a fim de receber as equipes e os materiais necess\u00e1rios para &#8220;subornar c\u00famplices&#8221;.<\/p>\n<p>Em resposta \u00e0 suposta conspira\u00e7\u00e3o, a Coreia do Norte amea\u00e7ou lan\u00e7ar um &#8220;ataque antiterrorista&#8221; contra as ag\u00eancias de intelig\u00eancia dos dois pa\u00edses. &#8220;Vamos rastrear e destruir sem piedade at\u00e9 o \u00faltimo terrorista da CIA e da intelig\u00eancia de Seul&#8221;, informou a KCNA.<\/p>\n<p><img decoding=\"async\" src=\"http:\/\/aconteceunovale.com.br\/portal\/wp-content\/uploads\/2017\/05\/kim_jong-un.jpg\" alt=\"\" \/><em>Kim Jong-Un durante atos comemorativos do Dia do Sol (KCNA\/Divulga\u00e7\u00e3o)<\/em><br \/>\n<\/br><\/p>\n<p><strong>VER PRIMEIRO<\/strong><\/p>\n<p><strong>Receba as not\u00edcias do Aconteceu no Vale em primeira m\u00e3o. Clique em curtir no endere\u00e7o <a href=\"https:\/\/www.facebook.com\/aconteceunovale\" target=\"_blank\"><font color=\"red\">www.facebook.com\/aconteceunovale<\/font><\/a> ou no box abaixo:<\/strong><\/p>\n<div class=\"fb-like\" data-href=\"https:\/\/www.facebook.com\/aconteceunovale\" data-width=\"120\" data-layout=\"standard\" data-action=\"like\" data-size=\"small\" data-show-faces=\"true\" data-share=\"true\"><\/div>\n<p><\/br><\/p>\n<p><em>(Fonte: Ag\u00eancia Brasil, com informa\u00e7\u00f5es da EFE)<\/em><\/p>\n","protected":false},"excerpt":{"rendered":"<p>A Coreia do Norte acusou, nesta sexta-feira (05\/05\/2017), a Ag\u00eancia Central de Intelig\u00eancia dos Estados Unidos (CIA) de ter tra\u00e7ado, junto com os servi\u00e7os de intelig\u00eancia sul-coreanos, um plano para matar seu l\u00edder Kim Jong-Un com subst\u00e2ncias qu\u00edmicas, durante as comemora\u00e7\u00f5es do &#8220;Dia do Sol&#8221; no m\u00eas passado naquele pa\u00eds asi\u00e1tico. O Minist\u00e9rio de Seguran\u00e7a [&hellip;]<\/p>\n","protected":false},"author":1,"featured_media":114267,"comment_status":"open","ping_status":"closed","sticky":false,"template":"","format":"standard","meta":{"amp_status":"","footnotes":""},"categories":[28848],"tags":[98204,148000,148003,148001,72579,148004,148005,6600,27541,77904,148002],"class_list":["post-114266","post","type-post","status-publish","format-standard","has-post-thumbnail","hentry","category-mundo","tag-acusacao","tag-agencia-central-de-inteligencia-dos-estados-unidos","tag-assassinato-kim-jong-un","tag-cia","tag-coreia-do-norte","tag-coreia-do-norte-acusa-cia-de-tracar-plano-para-matar-ditador-norte-coreano","tag-coreia-do-norte-acusa-cia-de-tracar-plano-para-matar-kim-jong-un","tag-coreia-do-sul","tag-kim-jong-un","tag-plano","tag-plano-para-matar-seu-lider-kim-jong-un"],"_links":{"self":[{"href":"https:\/\/aconteceunovale.com.br\/portal\/index.php?rest_route=\/wp\/v2\/posts\/114266","targetHints":{"allow":["GET"]}}],"collection":[{"href":"https:\/\/aconteceunovale.com.br\/portal\/index.php?rest_route=\/wp\/v2\/posts"}],"about":[{"href":"https:\/\/aconteceunovale.com.br\/portal\/index.php?rest_route=\/wp\/v2\/types\/post"}],"author":[{"embeddable":true,"href":"https:\/\/aconteceunovale.com.br\/portal\/index.php?rest_route=\/wp\/v2\/users\/1"}],"replies":[{"embeddable":true,"href":"https:\/\/aconteceunovale.com.br\/portal\/index.php?rest_route=%2Fwp%2Fv2%2Fcomments&post=114266"}],"version-history":[{"count":0,"href":"https:\/\/aconteceunovale.com.br\/portal\/index.php?rest_route=\/wp\/v2\/posts\/114266\/revisions"}],"wp:featuredmedia":[{"embeddable":true,"href":"https:\/\/aconteceunovale.com.br\/portal\/index.php?rest_route=\/wp\/v2\/media\/114267"}],"wp:attachment":[{"href":"https:\/\/aconteceunovale.com.br\/portal\/index.php?rest_route=%2Fwp%2Fv2%2Fmedia&parent=114266"}],"wp:term":[{"taxonomy":"category","embeddable":true,"href":"https:\/\/aconteceunovale.com.br\/portal\/index.php?rest_route=%2Fwp%2Fv2%2Fcategories&post=114266"},{"taxonomy":"post_tag","embeddable":true,"href":"https:\/\/aconteceunovale.com.br\/portal\/index.php?rest_route=%2Fwp%2Fv2%2Ftags&post=114266"}],"curies":[{"name":"wp","href":"https:\/\/api.w.org\/{rel}","templated":true}]}}