{"id":114260,"date":"2017-05-05T12:46:59","date_gmt":"2017-05-05T14:46:59","guid":{"rendered":"http:\/\/aconteceunovale.com.br\/portal\/?p=114260"},"modified":"2017-05-06T13:47:12","modified_gmt":"2017-05-06T15:47:12","slug":"homem-morre-e-mulher-tem-90-do-corpo-queimado-durante-incendio-em-bocaiuva","status":"publish","type":"post","link":"https:\/\/aconteceunovale.com.br\/portal\/?p=114260","title":{"rendered":"Homem morre e mulher tem 90% do corpo queimado durante inc\u00eandio em Bocaiuva"},"content":{"rendered":"<p>Um morador de Bocaiuva, no Norte de Minas, morreu carbonizado em um inc\u00eandio na casa onde ele morava na madrugada desta sexta-feira (05\/05\/2017). A mulher dele, que tamb\u00e9m estava no quarto, teve 90% do corpo queimado pelo fogo. <\/p>\n<p>Os primeiros a chegar na resid\u00eancia foram os vizinhos das v\u00edtimas, que observaram as chamas e escutaram o barulho dos objetos da casa estralando no inc\u00eandio. A mulher identificada como Patr\u00edcia de F\u00e1tima Moares Pereira, de 34 anos, foi socorrida pelos moradores da regi\u00e3o.<\/p>\n<p>Durante o salvamento, o telhado da casa caiu e impediu que os moradores retirassem Jos\u00e9 de Lourdes Jesus, de 53, do interior da resid\u00eancia. <\/p>\n<p>Quando o Corpo de Bombeiros de Montes Claros chegou ao local, as chamas j\u00e1 haviam sido apagadas pelos vizinhos. Os militares auxiliaram no rescaldo e isolaram o local.<\/p>\n<p>O corpo da v\u00edtima foi encaminhada para uma funer\u00e1ria da cidade. J\u00e1 a mulher  foi levada para um hospital de Montes Claros. <\/p>\n<p>Algumas testemunhas contaram que o fogo teve in\u00edcio depois que uma vela caiu em cima de um colch\u00e3o. A per\u00edcia da Pol\u00edcia Civil foi acionada e o motivo do inc\u00eandio ainda ser\u00e1 esclarecido pelos laudos, que devem ficar prontos em at\u00e9 30 dias. <\/p>\n<p><img decoding=\"async\" src=\"http:\/\/aconteceunovale.com.br\/portal\/wp-content\/uploads\/2017\/05\/incendio_boc_1.jpg\" alt=\"\" \/><em>Inc\u00eandio foi registrado no Bairro Beija Flor II (Foto: Divulga\u00e7\u00e3o\/Corpo de Bombeiros)<\/em><br \/>\n<\/br><\/p>\n<p><img decoding=\"async\" src=\"http:\/\/aconteceunovale.com.br\/portal\/wp-content\/uploads\/2017\/05\/incendio_boc_2.jpg\" alt=\"\" \/><em>Inc\u00eandio foi registrado no Bairro Beija Flor II (Foto: Divulga\u00e7\u00e3o\/Corpo de Bombeiros)<\/em><br \/>\n<\/br><\/p>\n<p><strong>VER PRIMEIRO<\/strong><\/p>\n<p><strong>Receba as not\u00edcias do Aconteceu no Vale em primeira m\u00e3o. Clique em curtir no endere\u00e7o <a href=\"https:\/\/www.facebook.com\/aconteceunovale\" target=\"_blank\"><font color=\"red\">www.facebook.com\/aconteceunovale<\/font><\/a> ou no box abaixo:<\/strong><\/p>\n<div class=\"fb-like\" data-href=\"https:\/\/www.facebook.com\/aconteceunovale\" data-width=\"120\" data-layout=\"standard\" data-action=\"like\" data-size=\"small\" data-show-faces=\"true\" data-share=\"true\"><\/div>\n<p><\/br><\/p>\n<p><em>(Fonte: O Tempo \/ Camila Kifer)<\/em><\/p>\n","protected":false},"excerpt":{"rendered":"<p>Um morador de Bocaiuva, no Norte de Minas, morreu carbonizado em um inc\u00eandio na casa onde ele morava na madrugada desta sexta-feira (05\/05\/2017). A mulher dele, que tamb\u00e9m estava no quarto, teve 90% do corpo queimado pelo fogo. Os primeiros a chegar na resid\u00eancia foram os vizinhos das v\u00edtimas, que observaram as chamas e escutaram [&hellip;]<\/p>\n","protected":false},"author":1,"featured_media":114261,"comment_status":"open","ping_status":"closed","sticky":false,"template":"","format":"standard","meta":{"amp_status":"","footnotes":""},"categories":[1236],"tags":[645,147992,147995,147993,147994,147996,148085,148084],"class_list":["post-114260","post","type-post","status-publish","format-standard","has-post-thumbnail","hentry","category-norte_de_minas","tag-bocaiuva","tag-homem-morre-e-mulher-tem-90-do-corpo-queimado-durante-incendio-em-bocaiuva","tag-homem-morre-em-incendio-em-bocaiuva","tag-incendio-em-bocaiuva","tag-incendio-em-casa-em-bocaiuva","tag-incendio-em-residencia-de-bocaiuva","tag-jose-de-lourdes-jesus","tag-patricia-de-fatima-moares-pereira"],"_links":{"self":[{"href":"https:\/\/aconteceunovale.com.br\/portal\/index.php?rest_route=\/wp\/v2\/posts\/114260","targetHints":{"allow":["GET"]}}],"collection":[{"href":"https:\/\/aconteceunovale.com.br\/portal\/index.php?rest_route=\/wp\/v2\/posts"}],"about":[{"href":"https:\/\/aconteceunovale.com.br\/portal\/index.php?rest_route=\/wp\/v2\/types\/post"}],"author":[{"embeddable":true,"href":"https:\/\/aconteceunovale.com.br\/portal\/index.php?rest_route=\/wp\/v2\/users\/1"}],"replies":[{"embeddable":true,"href":"https:\/\/aconteceunovale.com.br\/portal\/index.php?rest_route=%2Fwp%2Fv2%2Fcomments&post=114260"}],"version-history":[{"count":0,"href":"https:\/\/aconteceunovale.com.br\/portal\/index.php?rest_route=\/wp\/v2\/posts\/114260\/revisions"}],"wp:featuredmedia":[{"embeddable":true,"href":"https:\/\/aconteceunovale.com.br\/portal\/index.php?rest_route=\/wp\/v2\/media\/114261"}],"wp:attachment":[{"href":"https:\/\/aconteceunovale.com.br\/portal\/index.php?rest_route=%2Fwp%2Fv2%2Fmedia&parent=114260"}],"wp:term":[{"taxonomy":"category","embeddable":true,"href":"https:\/\/aconteceunovale.com.br\/portal\/index.php?rest_route=%2Fwp%2Fv2%2Fcategories&post=114260"},{"taxonomy":"post_tag","embeddable":true,"href":"https:\/\/aconteceunovale.com.br\/portal\/index.php?rest_route=%2Fwp%2Fv2%2Ftags&post=114260"}],"curies":[{"name":"wp","href":"https:\/\/api.w.org\/{rel}","templated":true}]}}