{"id":114255,"date":"2017-05-05T12:15:13","date_gmt":"2017-05-05T14:15:13","guid":{"rendered":"http:\/\/aconteceunovale.com.br\/portal\/?p=114255"},"modified":"2017-05-05T12:15:13","modified_gmt":"2017-05-05T14:15:13","slug":"campanha-de-vacinacao-contra-a-gripe-ainda-tem-baixa-cobertura-em-minas","status":"publish","type":"post","link":"https:\/\/aconteceunovale.com.br\/portal\/?p=114255","title":{"rendered":"Campanha de vacina\u00e7\u00e3o contra a gripe ainda tem baixa cobertura em Minas"},"content":{"rendered":"<p>A Campanha de Vacina\u00e7\u00e3o contra a gripe, que teve in\u00edcio no dia 17 de abril, ainda apresenta baixa cobertura em Minas Gerais. At\u00e9 o momento foram aplicadas apenas 1.024.297 doses da vacina em todo o estado, o que corresponde a pouco mais de 24,6% do p\u00fablico alvo da campanha.<\/p>\n<p>Para alcan\u00e7ar a meta de imunizar 90% do p\u00fablico alvo, estimado em 5,5 milh\u00f5es de pessoas, at\u00e9 o dia 26 de maio, data que termina a campanha, o m\u00e9dico epidemiologista da\u00a0Secretaria de Estado de Sa\u00fade de Minas Gerais, Jos\u00e9 Geraldo Leite Ribeiro, convoca a popula\u00e7\u00e3o priorit\u00e1ria e refor\u00e7a que a vacina\u00e7\u00e3o \u00e9 uma das principais formas de preven\u00e7\u00e3o contra a gripe.<\/p>\n<p>\u201cAlguns grupos da sociedade t\u00eam direito a vacina contra a gripe pelo SUS. E tomar a vacina \u00e9 uma maneira de exercer seu direito e ficar protegido contra as formas graves da doen\u00e7a. Portanto, pessoas com 60 anos ou mais de idade, crian\u00e7as na faixa et\u00e1ria de 6 meses a menores de 5 anos de idade, gestantes, pu\u00e9rperas (at\u00e9 45 dias ap\u00f3s o parto), trabalhadores da sa\u00fade, povos ind\u00edgenas aldeados, popula\u00e7\u00e3o privada de liberdade e portadores de doen\u00e7as cr\u00f4nicas n\u00e3o transmiss\u00edveis (diab\u00e9ticos, card\u00edacos, problemas pulmonares cr\u00f4nicos, entre outros). Tamb\u00e9m est\u00e3o inclu\u00eddos, os professores das escolas p\u00fablicas e privadas\u201d, explica Ribeiro.<\/p>\n<p>A aposentada Ros\u00e2ngela de Souza Ferreira, que faz parte do grupo priorit\u00e1rio, relata que participa da campanha todos os anos. \u201cAntes tinha medo de tomar a vacina, medo de ter alguma rea\u00e7\u00e3o e ficar gripada. A\u00ed optava por n\u00e3o tomar. Mas depois que peguei uma gripe muito forte e fiquei acamada, passei a tomar a vacina todos os anos. Agora estou protegida, pois posso at\u00e9 ficar resfriada, mas n\u00e3o chega a ser igual a quando eu n\u00e3o ia receber a dose\u201d, relata.<\/p>\n<p><img decoding=\"async\" src=\"http:\/\/aconteceunovale.com.br\/portal\/wp-content\/uploads\/2017\/05\/vacinacao_gripemg.jpg\" alt=\"\" \/><em>Campanha de vacina\u00e7\u00e3o contra a gripe ainda tem baixa cobertura (Foto: Marcus Ferreira\/Ag\u00eancia Minas)<\/em><br \/>\n<\/br><\/p>\n<p><strong>Dia \u201cD\u201d<\/strong><\/p>\n<p>Para ampliar o acesso do p\u00fablico \u00e0 vacina\u00e7\u00e3o e permitir que pessoas que ainda n\u00e3o tiveram tempo para ir a uma Unidade B\u00e1sica de Sa\u00fade consigam receber a dose, ser\u00e1 realizado no dia 13\/5, s\u00e1bado, o dia \u201cD\u201d de mobiliza\u00e7\u00e3o nacional. A estrat\u00e9gia ir\u00e1 possibilitar a abertura dos postos de sa\u00fade para imuniza\u00e7\u00e3o da popula\u00e7\u00e3o.<\/p>\n<p><strong>Gripe<\/strong><\/p>\n<p>Considerada uma infec\u00e7\u00e3o viral aguda que afeta o sistema respirat\u00f3rio, a gripe \u00e9 transmitida por meio de secre\u00e7\u00f5es das vias respirat\u00f3rias da pessoa contaminada ao falar, tossir, espirrar ou pelas m\u00e3os, que ap\u00f3s contato com superf\u00edcies rec\u00e9m?contaminadas pode levar o agente infeccioso direto \u00e0 boca, olhos e nariz.<\/p>\n<p>De janeiro de 2017 at\u00e9 essa quinta-feira (4\/5) foram registrados 32 casos de S\u00edndrome Respirat\u00f3ria Aguda Grave causada por Influenza, sendo que 5 foram pelo tipo B, 1 pelo tipo A\/H1, 23 pelo tipo A\/H3N2 e 3 pelo tipo A n\u00e3o subtipado ou sem informa\u00e7\u00e3o. Destes, quatro evolu\u00edram para \u00f3bito.<\/p>\n<p>A faixa et\u00e1ria mais acometida \u00e9 de pessoas acima de 50 anos, totalizando 57% dos casos confirmados. Em 2016 foram registrados 1.059 casos de S\u00edndrome Respirat\u00f3ria Aguda Grave por Influenza, sendo que 623 pelo tipo A\/H1N1. No ano, 291 \u00f3bitos foram confirmados por causa da doen\u00e7a.<\/p>\n<p><strong>VER PRIMEIRO<\/strong><\/p>\n<p><strong>Receba as not\u00edcias do Aconteceu no Vale em primeira m\u00e3o. Clique em curtir no endere\u00e7o <a href=\"https:\/\/www.facebook.com\/aconteceunovale\" target=\"_blank\"><font color=\"red\">www.facebook.com\/aconteceunovale<\/font><\/a> ou no box abaixo:<\/strong><\/p>\n<div class=\"fb-like\" data-href=\"https:\/\/www.facebook.com\/aconteceunovale\" data-width=\"120\" data-layout=\"standard\" data-action=\"like\" data-size=\"small\" data-show-faces=\"true\" data-share=\"true\"><\/div>\n<p><\/br><\/p>\n<p><em>(Fonte: Ag\u00eancia Minas)<\/em><\/p>\n","protected":false},"excerpt":{"rendered":"<p>A Campanha de Vacina\u00e7\u00e3o contra a gripe, que teve in\u00edcio no dia 17 de abril, ainda apresenta baixa cobertura em Minas Gerais. At\u00e9 o momento foram aplicadas apenas 1.024.297 doses da vacina em todo o estado, o que corresponde a pouco mais de 24,6% do p\u00fablico alvo da campanha. Para alcan\u00e7ar a meta de imunizar [&hellip;]<\/p>\n","protected":false},"author":1,"featured_media":114256,"comment_status":"open","ping_status":"closed","sticky":false,"template":"","format":"standard","meta":{"amp_status":"","footnotes":""},"categories":[123,40242],"tags":[6224,147991,147989,147990,147987,147988,38784,43700,46376],"class_list":["post-114255","post","type-post","status-publish","format-standard","has-post-thumbnail","hentry","category-gerais","category-saude-2","tag-campanha-de-vacinacao-contra-a-gripe","tag-campanha-de-vacinacao-contra-a-gripe-ainda-tem-baixa-cobertura-em-minas","tag-imunizacao-contra-a-gripe","tag-imunizacao-contra-a-gripe-em-minas-gerais","tag-jose-geraldo-leite-ribeiro","tag-rosangela-de-souza-ferreira","tag-secretaria-de-estado-de-saude-de-minas-gerais","tag-vacinacao-contra-a-gripe","tag-vacinacao-contra-a-gripe-em-minas-gerais"],"_links":{"self":[{"href":"https:\/\/aconteceunovale.com.br\/portal\/index.php?rest_route=\/wp\/v2\/posts\/114255","targetHints":{"allow":["GET"]}}],"collection":[{"href":"https:\/\/aconteceunovale.com.br\/portal\/index.php?rest_route=\/wp\/v2\/posts"}],"about":[{"href":"https:\/\/aconteceunovale.com.br\/portal\/index.php?rest_route=\/wp\/v2\/types\/post"}],"author":[{"embeddable":true,"href":"https:\/\/aconteceunovale.com.br\/portal\/index.php?rest_route=\/wp\/v2\/users\/1"}],"replies":[{"embeddable":true,"href":"https:\/\/aconteceunovale.com.br\/portal\/index.php?rest_route=%2Fwp%2Fv2%2Fcomments&post=114255"}],"version-history":[{"count":0,"href":"https:\/\/aconteceunovale.com.br\/portal\/index.php?rest_route=\/wp\/v2\/posts\/114255\/revisions"}],"wp:featuredmedia":[{"embeddable":true,"href":"https:\/\/aconteceunovale.com.br\/portal\/index.php?rest_route=\/wp\/v2\/media\/114256"}],"wp:attachment":[{"href":"https:\/\/aconteceunovale.com.br\/portal\/index.php?rest_route=%2Fwp%2Fv2%2Fmedia&parent=114255"}],"wp:term":[{"taxonomy":"category","embeddable":true,"href":"https:\/\/aconteceunovale.com.br\/portal\/index.php?rest_route=%2Fwp%2Fv2%2Fcategories&post=114255"},{"taxonomy":"post_tag","embeddable":true,"href":"https:\/\/aconteceunovale.com.br\/portal\/index.php?rest_route=%2Fwp%2Fv2%2Ftags&post=114255"}],"curies":[{"name":"wp","href":"https:\/\/api.w.org\/{rel}","templated":true}]}}