{"id":114223,"date":"2017-04-24T20:16:54","date_gmt":"2017-04-24T22:16:54","guid":{"rendered":"http:\/\/aconteceunovale.com.br\/portal\/?p=114223"},"modified":"2017-05-04T22:22:15","modified_gmt":"2017-05-05T00:22:15","slug":"direto-de-brasilia-leia-na-pagina-da-jornalista-jerusia-arruda-27","status":"publish","type":"post","link":"https:\/\/aconteceunovale.com.br\/portal\/?p=114223","title":{"rendered":"Direto de Bras\u00edlia \u2013 leia na p\u00e1gina da jornalista Jer\u00fasia Arruda"},"content":{"rendered":"<p><center><img decoding=\"async\" src=\"http:\/\/aconteceunovale.com.br\/portal\/wp-content\/uploads\/2017\/01\/jerusia_arruda.jpg\" alt=\"\" \/><a href=\"https:\/\/www.facebook.com\/jerusia.arruda\" target=\"_blank\">JER\u00daSIA ARRUDA &#8211; <font color=\"blue\">www.facebook.com\/jerusia.arruda<\/font><\/a><\/center><br \/>\n<\/br><\/p>\n<p>REFORMA DA PREVID\u00caNCIA<br \/>\nA comiss\u00e3o especial da C\u00e2mara dos Deputados, que analisa a proposta de reforma da Previd\u00eancia, inicia, nesta ter\u00e7a-feira, as discuss\u00f5es do relat\u00f3rio do deputado Arthur Oliveira Maia (PPS-BA). O presidente da comiss\u00e3o, deputado Carlos Marun (PMDB-MS), disse que a tarefa de fazer a reforma n\u00e3o \u00e9 f\u00e1cil, mas \u00e9 necess\u00e1ria. A vota\u00e7\u00e3o do projeto est\u00e1 prevista para ocorrer em 02 de maio, podendo se estender por dois dias. Para ser aprovado, o relat\u00f3rio precisa da maioria dos votos dos parlamentares presentes. <\/p>\n<p>SEM MUDAN\u00c7AS<br \/>\nNa noite deste domingo, o presidente Michel Temer reuniu, no Pal\u00e1cio do Jaburu, com ministros e l\u00edderes da base aliada, quando disse que n\u00e3o haver\u00e1 novas mudan\u00e7as nos textos das reformas trabalhista e Previdenci\u00e1ria. O encontro durou tr\u00eas horas e serviu para a defini\u00e7\u00e3o da estrat\u00e9gia final para a vota\u00e7\u00e3o das duas reformas. Para o presidente Temer. A vota\u00e7\u00e3o ser\u00e1 dos projetos ser\u00e1 um bom momento para voltar a testar a fidelidade da bancada do governo na Casa.<\/p>\n<p>PR\u00caMIO BRASIL MAIS INCLUS\u00c3O<br \/>\nEst\u00e3o abertas as inscri\u00e7\u00f5es para o \u2018Pr\u00eamio Brasil Mais Inclus\u00e3o\u2019, realizado pela C\u00e2mara dos Deputados, com objetivo de valorizar iniciativas em prol de pessoas com defici\u00eancia e exemplos pessoais de supera\u00e7\u00e3o. O pr\u00eamio \u00e9 destinado a empresas, entes federados (Uni\u00e3o, Estados e Munic\u00edpios), entidades ou personalidades que tenham realizado a\u00e7\u00f5es em prol da inclus\u00e3o de pessoas com defici\u00eancia. Este ano a solenidade ser\u00e1 no dia 20 de setembro, durante a semana em que se comemora o Dia Nacional da Luta da Pessoa com Defici\u00eancia (21 de setembro). As inscri\u00e7\u00f5es podem ser feitas at\u00e9 o dia 30 de junho.<\/p>\n<p>ANTECIPA\u00c7\u00c3O DAS ELEI\u00c7\u00d5ES GERAIS<br \/>\nEm entrevista \u00e0 R\u00e1dio Senado, os senadores Roberto Requi\u00e3o (PMDB-PR) e Jorge Viana (PT-AC) defenderam a ideia de que o Brasil antecipe as elei\u00e7\u00f5es 2018 para renovar o Legislativo, a exemplo do que aconteceu na Inglaterra, onde a primeira-ministra, Theresa May, solicitou ao Parlamento a convoca\u00e7\u00e3o de novas elei\u00e7\u00f5es gerais para o in\u00edcio de junho, tr\u00eas anos antes do pleito ordin\u00e1rio. De acordo com o senador Requi\u00e3o, o exemplo da Inglaterra \u00e9 oportuno para o Brasil: \u201cna crise, elei\u00e7\u00f5es gerais\u201d. O senado Jorge Viana \u00e9 da mesma opini\u00e3o, e diz que na Inglaterra a solu\u00e7\u00e3o para a crise \u00e9 mais democracia, mais autoridade de voto. \u201c\u00c9 uma medida a ser seguida pelo Brasil\u201d. <\/p>\n<p>PAUTA DO SENADO<br \/>\nNesta ter\u00e7a-feira, o presidente do Senado, Eun\u00edcio Oliveira, coordena reuni\u00e3o com lideran\u00e7as partid\u00e1rias para acertar a pauta da semana e definir projetos que poder\u00e3o ser votados extrapauta. Entre os temas previstos est\u00e3o as propostas de emenda \u00e0 Constitui\u00e7\u00e3o que estabelecem o Fundo Nacional de Desenvolvimento da Seguran\u00e7a P\u00fablica (PEC 24\/2012) e que inclui o crime de estupro no rol de delitos imprescrit\u00edveis e inafian\u00e7\u00e1veis (PEC 64\/2016).<\/p>\n<p>MUDAN\u00c7A NAS FRANQUIAS DOS CORREIOS<br \/>\nTamb\u00e9m est\u00e1 na pauta desta ter\u00e7a-feira no Senado Federal o in\u00edcio das vota\u00e7\u00f5es do projeto de lei 59\/2016, da C\u00e2mara, que tem por objetivo alterar a forma de tributa\u00e7\u00e3o das ag\u00eancias franqueadas da Empresa Brasileira de Correios e Tel\u00e9grafos (ECT). A proposta \u00e9 que essas franquias realizem atividades auxiliares ao servi\u00e7o postal estipulando a tributa\u00e7\u00e3o de acordo com o percentual de venda dos produtos e servi\u00e7os, o que vai diminuir a carga tribut\u00e1ria dessas pequenas empresas. A medida afasta a possibilidade de tributa\u00e7\u00e3o dos franqueados como se suas atividades fossem de intermedia\u00e7\u00e3o de neg\u00f3cios. <\/p>\n<p>SEMENTES DA LUA<br \/>\nBras\u00edlia \u00e9 uma cidade de muito espa\u00e7o verde, com uma flora que encanta pela beleza e pela diversidade. Cada espa\u00e7o tem uma hist\u00f3ria peculiar. Um deles \u00e9 o bosque da sede do Ibama, na Asa Norte, onde est\u00e1 plantada uma Liquidambar styraciflua, conhecida popularmente como liquid\u00e2mbar, \u00e1rvore do \u00e2mbar ou carvalho canadense, com pouco mais de seis metros, que nasceu de uma semente enviada \u00e0 Lua na Apollo 14, em 1971, levada pelo astronauta Stuart Roosa, junto com outras cerca de 500 sementes. Na viagem \u00e0 Lua, Roosa avaliaria o efeito da gravidade zero e da alta radia\u00e7\u00e3o no processo de germina\u00e7\u00e3o e de crescimento das sementes, que foram plantadas em uma unidade do Servi\u00e7o Florestal no estado do Mississippi. As sementes renderam 450 mudas que foram distribu\u00eddas para capitais estaduais e institui\u00e7\u00f5es de pesquisas espaciais por todo os Estados Unidos. Fora dele, at\u00e9 onde se sabe, s\u00f3 o Brasil, a Su\u00ed\u00e7a e o Jap\u00e3o receberam uma muda.<\/p>\n<p>PENITENCI\u00c1RIA FEDERAL NA PAPUDA<br \/>\nJ\u00e1 est\u00e1 em fase de conclus\u00e3o a penitenci\u00e1ria federal que est\u00e1 sendo constru\u00edda no Complexo da Papuda, em Bras\u00edlia. Prevista para ser inaugurada em setembro, a penitenci\u00e1ria ser\u00e1 a primeira do pa\u00eds a comportar uma ala especial para extraditados e extradit\u00e1veis. Ao todo, ser\u00e3o 26 celas s\u00f3 para este grupo. Al\u00e9m da ala para extraditados, haver\u00e1 tamb\u00e9m espa\u00e7o exclusivo para mulheres. A obra custou R$ 40 milh\u00f5es e est\u00e1 atrasada em nove meses porque a empresa que antes estava \u00e0 frente da constru\u00e7\u00e3o faliu. De acordo com o diretor-geral do Departamento Penitenci\u00e1rio Nacional (Depen), Marco Ant\u00f4nio Severo, todo o pres\u00eddio federal vai poder abrigar 208 detidos. Tratados internacionais demandam que o Brasil mantenha pres\u00eddios com o mesmo padr\u00e3o de qualidade dos pa\u00edses dos presos estrangeiros, \u00e0 disposi\u00e7\u00e3o da Interpol. O Brasil mant\u00e9m acordos de extradi\u00e7\u00e3o com o Mercosul e mais 33 pa\u00edses.<\/p>\n<p><strong>VER PRIMEIRO<\/strong><\/p>\n<p><strong>Receba as not\u00edcias do Aconteceu no Vale em primeira m\u00e3o. Clique em curtir no endere\u00e7o <a href=\"https:\/\/www.facebook.com\/aconteceunovale\" target=\"_blank\"><font color=\"red\">www.facebook.com\/aconteceunovale<\/font><\/a> ou no box abaixo:<\/strong><\/p>\n<div class=\"fb-like\" data-href=\"https:\/\/www.facebook.com\/aconteceunovale\" data-width=\"120\" data-layout=\"standard\" data-action=\"like\" data-size=\"small\" data-show-faces=\"true\" data-share=\"true\"><\/div>\n<p><\/br><\/p>\n","protected":false},"excerpt":{"rendered":"<p>JER\u00daSIA ARRUDA &#8211; www.facebook.com\/jerusia.arruda REFORMA DA PREVID\u00caNCIA A comiss\u00e3o especial da C\u00e2mara dos Deputados, que analisa a proposta de reforma da Previd\u00eancia, inicia, nesta ter\u00e7a-feira, as discuss\u00f5es do relat\u00f3rio do deputado Arthur Oliveira Maia (PPS-BA). O presidente da comiss\u00e3o, deputado Carlos Marun (PMDB-MS), disse que a tarefa de fazer a reforma n\u00e3o \u00e9 f\u00e1cil, mas [&hellip;]<\/p>\n","protected":false},"author":1,"featured_media":106574,"comment_status":"open","ping_status":"closed","sticky":false,"template":"","format":"standard","meta":{"amp_status":"","footnotes":""},"categories":[4927],"tags":[4606,135443,135343,135442,137424,139963,206036],"class_list":["post-114223","post","type-post","status-publish","format-standard","has-post-thumbnail","hentry","category-colunistas","tag-brasilia","tag-coluna-direto-de-brasilia","tag-coluna-jerusia-arruda","tag-direto-de-brasilia","tag-direto-de-brasilia-jerusia-arruda","tag-direto-de-brasilia-coluna-jerusia-arruda","tag-jerusia-arruda"],"_links":{"self":[{"href":"https:\/\/aconteceunovale.com.br\/portal\/index.php?rest_route=\/wp\/v2\/posts\/114223","targetHints":{"allow":["GET"]}}],"collection":[{"href":"https:\/\/aconteceunovale.com.br\/portal\/index.php?rest_route=\/wp\/v2\/posts"}],"about":[{"href":"https:\/\/aconteceunovale.com.br\/portal\/index.php?rest_route=\/wp\/v2\/types\/post"}],"author":[{"embeddable":true,"href":"https:\/\/aconteceunovale.com.br\/portal\/index.php?rest_route=\/wp\/v2\/users\/1"}],"replies":[{"embeddable":true,"href":"https:\/\/aconteceunovale.com.br\/portal\/index.php?rest_route=%2Fwp%2Fv2%2Fcomments&post=114223"}],"version-history":[{"count":0,"href":"https:\/\/aconteceunovale.com.br\/portal\/index.php?rest_route=\/wp\/v2\/posts\/114223\/revisions"}],"wp:featuredmedia":[{"embeddable":true,"href":"https:\/\/aconteceunovale.com.br\/portal\/index.php?rest_route=\/wp\/v2\/media\/106574"}],"wp:attachment":[{"href":"https:\/\/aconteceunovale.com.br\/portal\/index.php?rest_route=%2Fwp%2Fv2%2Fmedia&parent=114223"}],"wp:term":[{"taxonomy":"category","embeddable":true,"href":"https:\/\/aconteceunovale.com.br\/portal\/index.php?rest_route=%2Fwp%2Fv2%2Fcategories&post=114223"},{"taxonomy":"post_tag","embeddable":true,"href":"https:\/\/aconteceunovale.com.br\/portal\/index.php?rest_route=%2Fwp%2Fv2%2Ftags&post=114223"}],"curies":[{"name":"wp","href":"https:\/\/api.w.org\/{rel}","templated":true}]}}