{"id":114127,"date":"2017-05-03T19:24:13","date_gmt":"2017-05-03T21:24:13","guid":{"rendered":"http:\/\/aconteceunovale.com.br\/portal\/?p=114127"},"modified":"2017-05-03T19:24:13","modified_gmt":"2017-05-03T21:24:13","slug":"montes-claros-recebe-primeiro-encontro-regional-do-ministerio-publico-em-2017","status":"publish","type":"post","link":"https:\/\/aconteceunovale.com.br\/portal\/?p=114127","title":{"rendered":"Montes Claros recebe primeiro Encontro Regional do Minist\u00e9rio P\u00fablico em 2017"},"content":{"rendered":"<p>O Minist\u00e9rio P\u00fablico de Minas Gerais (MPMG) realizou nos dias 27 e 28 de abril, em Montes Claros, o Encontro Regional Norte de Minas. Reuniram-se promotores de Justi\u00e7a, servidores das Promotorias de Justi\u00e7a da regi\u00e3o e convidados para workshops e palestras voltadas para a atua\u00e7\u00e3o da institui\u00e7\u00e3o, buscando integra\u00e7\u00e3o, troca de experi\u00eancias e atualiza\u00e7\u00e3o t\u00e9cnica. Participaram integrantes do MPMG de Montes Claros, Bras\u00edlia de Minas, Francisco S\u00e1, Gr\u00e3o Mogol, Jana\u00faba, Rio Pardo de Minas, S\u00e3o Francisco, S\u00e3o Rom\u00e3o e V\u00e1rzea da Palma.<\/p>\n<p>O procurador-geral de Justi\u00e7a, Ant\u00f4nio S\u00e9rgio Tonet, declarou sua satisfa\u00e7\u00e3o em promover o primeiro encontro regional de sua gest\u00e3o em uma cidade que, segundo ele, simboliza uma parte de Minas Gerais que, al\u00e9m de ser acolhedora e hospitaleira, sintetiza diversas caracter\u00edsticas do estado. \u201cEstamos em uma regi\u00e3o com grandes virtudes, mas tamb\u00e9m com problemas preocupantes, relacionados a temas como a defesa das crian\u00e7as e adolescentes, educa\u00e7\u00e3o, entre outros. Temas que afligem a sociedade e, consequentemente, o Minist\u00e9rio P\u00fablico. Portanto, abrir esse novo ciclo aqui \u00e9 bastante significativo para n\u00f3s\u201d, disse ele.<\/p>\n<p>N\u00e3o apenas Tonet, mas outros representantes da administra\u00e7\u00e3o do MPMG \u2013 Heleno Rosa Portes, procurador-geral de Justi\u00e7a adjunto administrativo; Jo\u00e3o Medeiros Silva Neto, secret\u00e1rio-geral; Edson Ribeiro Baeta, chefe de gabinete; Clarissa Duarte Martins, diretora-geral, e o assessor especial do procurador-geral de Justi\u00e7a, Carlos Henrique Torres de Souza &#8211; estiveram em Montes Claros para as atividades do Encontro Regional.<\/p>\n<p>Para a coordenadora das Promotorias de Justi\u00e7a de Montes Claros, Aluisia Beraldo Ribeiro, a presen\u00e7a do procurador-geral de Justi\u00e7a na cidade representou uma  oportunidade para discuss\u00f5es com representantes de outras institui\u00e7\u00f5es e dos poderes municipais a respeito das principais demandas regionais. \u201cOs encontros da administra\u00e7\u00e3o com as autoridades locais, com quem j\u00e1 temos um \u00f3timo relacionamento, refor\u00e7a a credibilidade de nosso trabalho e nos estimula a desempenh\u00e1-lo com ainda mais zelo e entusiasmo na busca de melhores condi\u00e7\u00f5es para os cidad\u00e3os\u201d, afirmou ela.<\/p>\n<p><strong>Palestra<\/strong><\/p>\n<p>Na noite de quinta-feira, 28, aconteceu a palestra O Minist\u00e9rio P\u00fablico no combate \u00e0 corrup\u00e7\u00e3o \u2013 a imperiosa tarefa de prote\u00e7\u00e3o do direito fundamental a uma administra\u00e7\u00e3o p\u00fablica honesta, ministrada pelo promotor de Justi\u00e7a Jos\u00e9 Carlos Fernandes J\u00fanior, coordenador do Centro de Apoio Operacional das Promotorias de Justi\u00e7a de Defesa do Patrim\u00f4nio P\u00fablico (CAO-PP).<\/p>\n<p>\u00c0 palestra, realizada no audit\u00f3rio da Faculdade Santo Agostinho, compareceram promotores de Justi\u00e7a da regi\u00e3o, alunos e professores da universidade, al\u00e9m de autoridades como o prefeito de Montes Claros, Humberto Souto; o procurador-geral do munic\u00edpio, Ot\u00e1vio Batista Rocha Machado, o procurador da Rep\u00fablica em Montes Claros, Allan Versiani de Paula; o comandante da 11\u00aa Regi\u00e3o da Pol\u00edcia Militar, coronel Klevson Pires Martins; o delegado do N\u00facleo Correicional da Pol\u00edcia Civil, Jean Pierre Batista Neves; e o comandante do 4\u00ba Comando Operacional do Corpo de Bombeiros, coronel Primo Lara de Almeida J\u00fanior.<\/p>\n<p>Jos\u00e9 Carlos discorreu sobre a evolu\u00e7\u00e3o do arcabou\u00e7o jur\u00eddico em torno do combate \u00e0 corrup\u00e7\u00e3o, chegando at\u00e9 a lei da Dela\u00e7\u00e3o Premiada, sancionada em 2013. O coordenador do CAO-PP ressaltou, por\u00e9m, que os avan\u00e7os legislativos n\u00e3o teriam efeito sem as efetivas aplica\u00e7\u00f5es. Como exemplo de \u00eaxito na utiliza\u00e7\u00e3o dos instrumentos dispon\u00edveis citou tr\u00eas opera\u00e7\u00f5es em que o MPMG atuou: Serendipity, que envolveu o Grupo de Atua\u00e7\u00e3o Espacial de Combate ao Crime Organizado de Uberl\u00e2ndia; Aequalis, do Grupo Especial de Promotores de Justi\u00e7a de Defesa do Patrim\u00f4nio P\u00fablico (Gepp); e Tempo de Despertar, da coordenadoria das Promotorias de Justi\u00e7a de Defesa do Patrim\u00f4nio P\u00fablico de Montes Claros.<\/p>\n<p><strong>Minicursos<\/strong><\/p>\n<p>Mais cedo, tamb\u00e9m na quinta-feira, foram realizados dois minicursos voltados para membros e servidores do MPMG, magistrados, secretarias municipais, gestores e t\u00e9cnicos.<\/p>\n<p>Um dos cursos, que teve como docente a promotora de Justi\u00e7a Daniela Yokoyama, respons\u00e1vel pela Coordenadoria Estadual de Defesa da Educa\u00e7\u00e3o (Proeduc), foi A escola como \u00f3rg\u00e3o integrante do sistema de garantia de direitos de crian\u00e7as e adolescentes e o trabalho em rede.<\/p>\n<p>O outro, com o tema Execu\u00e7\u00e3o das medidas socioeducativas, ficou a cargo de M\u00e1rcio Rog\u00e9rio Oliveira, da Promotoria de Defesa dos Direitos da Crian\u00e7a e do Adolescente de Belo Horizonte, com atua\u00e7\u00e3o junto ao Centro Integrado de Atendimento ao Adolescente Autor de Auto Infracional (CIA-BH).<\/p>\n<p>A sexta-feira foi reservada para quest\u00f5es e demandas internas do MPMG. O procurador-geral de Justi\u00e7a abriu a reuni\u00e3o dos servidores com a diretora-geral, destacando a import\u00e2ncia da atividade-meio para o bom funcionamento da institui\u00e7\u00e3o. \u201cFormamos um s\u00f3 conjunto e nossa expectativa \u00e9 de que consigamos, a curto prazo, resolver pend\u00eancias dos servidores que temos consci\u00eancia que existem e nos incomodam tamb\u00e9m\u201d, explicou Tonet. Na sequ\u00eancia, ele encerrou o Encontro Regional reunindo-se com os promotores de Justi\u00e7a para levantar as demandas mais urgentes do Norte de Minas e discutir formas de equacion\u00e1-las.<\/p>\n<p><strong>Fotos<\/strong><\/p>\n<p><img decoding=\"async\" src=\"http:\/\/aconteceunovale.com.br\/portal\/wp-content\/uploads\/2017\/05\/encontro_regional_moc_1.jpg\" alt=\"\" \/><\/p>\n<p><img decoding=\"async\" src=\"http:\/\/aconteceunovale.com.br\/portal\/wp-content\/uploads\/2017\/05\/encontro_regional_moc_2.jpg\" alt=\"\" \/><\/p>\n<p><img decoding=\"async\" src=\"http:\/\/aconteceunovale.com.br\/portal\/wp-content\/uploads\/2017\/05\/encontro_regional_moc_3.jpg\" alt=\"\" \/><\/p>\n<p><img decoding=\"async\" src=\"http:\/\/aconteceunovale.com.br\/portal\/wp-content\/uploads\/2017\/05\/encontro_regional_moc_4.jpg\" alt=\"\" \/><\/p>\n<p><img decoding=\"async\" src=\"http:\/\/aconteceunovale.com.br\/portal\/wp-content\/uploads\/2017\/05\/encontro_regional_moc_5.jpg\" alt=\"\" \/><\/p>\n<p><img decoding=\"async\" src=\"http:\/\/aconteceunovale.com.br\/portal\/wp-content\/uploads\/2017\/05\/encontro_regional_moc_6.jpg\" alt=\"\" \/><\/p>\n<p><img decoding=\"async\" src=\"http:\/\/aconteceunovale.com.br\/portal\/wp-content\/uploads\/2017\/05\/encontro_regional_moc_7.jpg\" alt=\"\" \/><\/p>\n<p><img decoding=\"async\" src=\"http:\/\/aconteceunovale.com.br\/portal\/wp-content\/uploads\/2017\/05\/encontro_regional_moc_8.jpg\" alt=\"\" \/><\/p>\n<p><img decoding=\"async\" src=\"http:\/\/aconteceunovale.com.br\/portal\/wp-content\/uploads\/2017\/05\/encontro_regional_moc_9.jpg\" alt=\"\" \/><\/p>\n<p><img decoding=\"async\" src=\"http:\/\/aconteceunovale.com.br\/portal\/wp-content\/uploads\/2017\/05\/encontro_regional_moc_10.jpg\" alt=\"\" \/><\/p>\n<p><img decoding=\"async\" src=\"http:\/\/aconteceunovale.com.br\/portal\/wp-content\/uploads\/2017\/05\/encontro_regional_moc_11.jpg\" alt=\"\" \/><\/p>\n<p><strong>VER PRIMEIRO<\/strong><\/p>\n<p><strong>Receba as not\u00edcias do Aconteceu no Vale em primeira m\u00e3o. Clique em curtir no endere\u00e7o <a href=\"https:\/\/www.facebook.com\/aconteceunovale\" target=\"_blank\"><font color=\"red\">www.facebook.com\/aconteceunovale<\/font><\/a> ou no box abaixo:<\/strong><\/p>\n<div class=\"fb-like\" data-href=\"https:\/\/www.facebook.com\/aconteceunovale\" data-width=\"120\" data-layout=\"standard\" data-action=\"like\" data-size=\"small\" data-show-faces=\"true\" data-share=\"true\"><\/div>\n<p><\/br><\/p>\n<p><em>(Fotos e informa\u00e7\u00f5es do MPMG)<\/em><\/p>\n","protected":false},"excerpt":{"rendered":"<p>O Minist\u00e9rio P\u00fablico de Minas Gerais (MPMG) realizou nos dias 27 e 28 de abril, em Montes Claros, o Encontro Regional Norte de Minas. Reuniram-se promotores de Justi\u00e7a, servidores das Promotorias de Justi\u00e7a da regi\u00e3o e convidados para workshops e palestras voltadas para a atua\u00e7\u00e3o da institui\u00e7\u00e3o, buscando integra\u00e7\u00e3o, troca de experi\u00eancias e atualiza\u00e7\u00e3o t\u00e9cnica. [&hellip;]<\/p>\n","protected":false},"author":1,"featured_media":114138,"comment_status":"open","ping_status":"closed","sticky":false,"template":"","format":"standard","meta":{"amp_status":"","footnotes":""},"categories":[1236],"tags":[132784,129097,195,147859,147855,147857,147858,1395,1153,204,19674,210,147854,19675,147856,39415,421,1522,1811,1340],"class_list":["post-114127","post","type-post","status-publish","format-standard","has-post-thumbnail","hentry","category-norte_de_minas","tag-aluisia-beraldo-ribeiro","tag-antonio-sergio-tonet","tag-brasilia-de-minas","tag-coordenadora-das-promotorias-de-justica-de-montes-claros","tag-encontro-regional-do-mpmg-em-2017","tag-encontro-regional-do-mpmg-em-montes-claros","tag-encontro-regional-norte-de-minas","tag-francisco-sa","tag-grao-mogol","tag-janauba","tag-ministerio-publico-de-minas-gerais","tag-montes-claros","tag-montes-claros-recebe-primeiro-encontro-regional-do-mpmg-em-2017","tag-mpmg","tag-primeiro-encontro-regional-do-mpmg-em-2017","tag-procurador-geral-de-justica","tag-rio-pardo-de-minas","tag-sao-francisco","tag-sao-romao","tag-varzea-da-palma"],"_links":{"self":[{"href":"https:\/\/aconteceunovale.com.br\/portal\/index.php?rest_route=\/wp\/v2\/posts\/114127","targetHints":{"allow":["GET"]}}],"collection":[{"href":"https:\/\/aconteceunovale.com.br\/portal\/index.php?rest_route=\/wp\/v2\/posts"}],"about":[{"href":"https:\/\/aconteceunovale.com.br\/portal\/index.php?rest_route=\/wp\/v2\/types\/post"}],"author":[{"embeddable":true,"href":"https:\/\/aconteceunovale.com.br\/portal\/index.php?rest_route=\/wp\/v2\/users\/1"}],"replies":[{"embeddable":true,"href":"https:\/\/aconteceunovale.com.br\/portal\/index.php?rest_route=%2Fwp%2Fv2%2Fcomments&post=114127"}],"version-history":[{"count":0,"href":"https:\/\/aconteceunovale.com.br\/portal\/index.php?rest_route=\/wp\/v2\/posts\/114127\/revisions"}],"wp:featuredmedia":[{"embeddable":true,"href":"https:\/\/aconteceunovale.com.br\/portal\/index.php?rest_route=\/wp\/v2\/media\/114138"}],"wp:attachment":[{"href":"https:\/\/aconteceunovale.com.br\/portal\/index.php?rest_route=%2Fwp%2Fv2%2Fmedia&parent=114127"}],"wp:term":[{"taxonomy":"category","embeddable":true,"href":"https:\/\/aconteceunovale.com.br\/portal\/index.php?rest_route=%2Fwp%2Fv2%2Fcategories&post=114127"},{"taxonomy":"post_tag","embeddable":true,"href":"https:\/\/aconteceunovale.com.br\/portal\/index.php?rest_route=%2Fwp%2Fv2%2Ftags&post=114127"}],"curies":[{"name":"wp","href":"https:\/\/api.w.org\/{rel}","templated":true}]}}