{"id":114122,"date":"2017-05-03T19:00:14","date_gmt":"2017-05-03T21:00:14","guid":{"rendered":"http:\/\/aconteceunovale.com.br\/portal\/?p=114122"},"modified":"2017-05-03T19:00:14","modified_gmt":"2017-05-03T21:00:14","slug":"eleicao-suplementar-em-guaraciama-e-neste-domingo","status":"publish","type":"post","link":"https:\/\/aconteceunovale.com.br\/portal\/?p=114122","title":{"rendered":"Elei\u00e7\u00e3o suplementar em Guaraciama \u00e9 neste domingo"},"content":{"rendered":"<p style=\"text-align: left;\" align=\"center\">Neste domingo (07\/05\/2017), acontece a elei\u00e7\u00e3o suplementar em Guaraciama, no Norte de Minas, para escolha de prefeito e vice. S\u00e3o 4.400 eleitores que voltam \u00e0s urnas das 8h \u00e0s 17h. No munic\u00edpio, pertencente \u00e0 44\u00aa Zona Eleitoral, de Bocaiuva, a elei\u00e7\u00e3o de 2016 para o cargo de prefeito foi anulada pela Justi\u00e7a Eleitoral porque o candidato que recebeu a maioria dos votos v\u00e1lidos teve o registro de candidatura indeferido.<\/p>\n<p>Os eleitores de Guaraciama poder\u00e3o escolher entre dois candidatos. Filomeno Afonso de Figueiredo, o Fil\u00f3 (PSDB) \u2013 segundo candidato mais votado em 2016 -, e o vice Wagner Jos\u00e9 Leal, o Waguin (PSDB), s\u00e3o candidatos pela Coliga\u00e7\u00e3o Guaraciama Unida (PSDB\/PSD\/PR). Rafael Dias Veloso, o Rafael de Carlucio (PMDB), e o vice Nilton Cesar Fran\u00e7a, o Tim (PMN), s\u00e3o os candidatos da Coliga\u00e7\u00e3o Renova Guaraciama (PMDB\/PMN). Todos os detalhes sobre os candidatos podem ser acessados no sistema\u00a0<span style=\"color: #ff0000;\"><a href=\"http:\/\/divulgacandcontas.tse.jus.br\/divulga\/#\/municipios\/2016\/31089\/42188\/candidatos\" target=\"_blank\"><span style=\"color: #ff0000;\">Divulga\u00e7\u00e3o de Candidaturas e Contas Eleitorais<\/span><\/a><\/span>.<\/p>\n<p>No munic\u00edpio, o candidato a prefeito mais votado, Francisco Adevaldo Soares Praes (Coliga\u00e7\u00e3o DEM\/PP\/PMDB\/PRTB\/PMN) teve seu registro indeferido por causa da rejei\u00e7\u00e3o, pelo Tribunal de Contas da Uni\u00e3o, de contas de conv\u00eanio de quando ele foi prefeito em 2001, e tamb\u00e9m em raz\u00e3o de condena\u00e7\u00e3o pelo Tribunal de Justi\u00e7a de Minas Gerais por crime previsto na Lei de Licita\u00e7\u00f5es. As inelegibilidades que fundamentaram a decis\u00e3o s\u00e3o previstas no art. 1\u00ba, I, al\u00edneas \u201c\u201de\u201d\u00a0 e \u201cg\u201d, da\u00a0<span style=\"color: #ff0000;\"><a href=\"http:\/\/www.tse.jus.br\/legislacao\/codigo-eleitoral\/lei-de-inelegibilidade\/lei-de-inelegibilidade-lei-complementar-nb0-64-de-18-de-maio-de-1990\" target=\"_blank\"><span style=\"color: #ff0000;\">Lei Complementar 64\/90<\/span><\/a><\/span>.<\/p>\n<p>Guaraciama tem 15 se\u00e7\u00f5es eleitorais, sendo uma delas se\u00e7\u00e3o de f\u00e1cil acesso destinada a eleitores com dificuldade de locomo\u00e7\u00e3o, espalhadas por quatro locais de vota\u00e7\u00e3o. Ser\u00e3o utilizadas 15 urnas eletr\u00f4nicas e mais sete ficam \u00e0 disposi\u00e7\u00e3o para casos emergenciais. Est\u00e3o convocados 60 mes\u00e1rios para atuar nas mesas receptoras de votos.<\/p>\n<p>Os eleitores que n\u00e3o puderem comparecer \u00e0s urnas devem\u00a0justificar\u00a0no prazo de 60 dias ap\u00f3s a elei\u00e7\u00e3o. Confira o\u00a0<span style=\"color: #ff0000;\"><a href=\"http:\/\/www.justicaeleitoral.jus.br\/arquivos\/tre-mg-resolucao-tre-mg-n-1033-de-21-de-marco-de-2017\" target=\"_blank\"><span style=\"color: #ff0000;\">Calend\u00e1rio Eleitoral<\/span><\/a><\/span>\u00a0(formato PDF) das elei\u00e7\u00f5es suplementares em Guaraciama.<\/p>\n<p><b>Elei\u00e7\u00e3o suplementar em Cristiano Otoni<\/b><\/p>\n<p>No dia 4 de junho, os eleitores de Cristiano Otoni, regi\u00e3o Central do estado, \u00e9 que voltam \u00e0s urnas para eleger prefeito e vice. No munic\u00edpio, o candidato a prefeito mais votado, Jos\u00e9 Nery (Coliga\u00e7\u00e3o Quem Faz Bem feito Volta a Ser Prefeito, Avante Cristiano Otoni Tradi\u00e7\u00e3o e Inova\u00e7\u00e3o \u2013 PMDB\/DEM\/PTN\/PP\/PV) teve seu registro impugnado e indeferido por ter tido contas p\u00fablicas rejeitadas pela C\u00e2mara Municipal. A inelegibilidade que baseou o caso \u00e9 a do artigo 1\u00ba, inciso I, al\u00ednea g, da Lei Complementar n\u00ba 64\/1990.<\/p>\n<p>Os candidatos para as elei\u00e7\u00f5es suplementares no munic\u00edpio ainda n\u00e3o est\u00e3o definidos: os partidos e coliga\u00e7\u00f5es t\u00eam at\u00e9 as 19h desta quinta-feira (4) para apresentar no cart\u00f3rio eleitoral da 88\u00aa Zona Eleitoral, de Conselheiro Lafaiete (Zona Eleitoral respons\u00e1vel pela cidade de Cristiano Otoni), os pedidos de registro de candidatura. A partir do dia 5 de maio, a propaganda eleitoral \u00e9 permitida.<\/p>\n<p>Confira todos os prazos referentes \u00e0s elei\u00e7\u00f5es suplementares em Cristiano Otoni no\u00a0<a href=\"http:\/\/www.justicaeleitoral.jus.br\/arquivos\/tre-mg-resolucao-tre-mg-n-1034-de-06-de-abril-de-2017\" target=\"_blank\"><span style=\"color: #ff0000;\">Calend\u00e1rio Eleitora<\/span>l<\/a>\u00a0(formato PDF).<\/p>\n<p><strong>VER PRIMEIRO<\/strong><\/p>\n<p><strong>Receba as not\u00edcias do Aconteceu no Vale em primeira m\u00e3o. Clique em curtir no endere\u00e7o <a href=\"https:\/\/www.facebook.com\/aconteceunovale\" target=\"_blank\"><font color=\"red\">www.facebook.com\/aconteceunovale<\/font><\/a> ou no box abaixo:<\/strong><\/p>\n<div class=\"fb-like\" data-href=\"https:\/\/www.facebook.com\/aconteceunovale\" data-width=\"120\" data-layout=\"standard\" data-action=\"like\" data-size=\"small\" data-show-faces=\"true\" data-share=\"true\"><\/div>\n<p><\/br><\/p>\n<p><em>(Fonte: TRE-MG)<\/em><\/p>\n","protected":false},"excerpt":{"rendered":"<p>Neste domingo (07\/05\/2017), acontece a elei\u00e7\u00e3o suplementar em Guaraciama, no Norte de Minas, para escolha de prefeito e vice. S\u00e3o 4.400 eleitores que voltam \u00e0s urnas das 8h \u00e0s 17h. No munic\u00edpio, pertencente \u00e0 44\u00aa Zona Eleitoral, de Bocaiuva, a elei\u00e7\u00e3o de 2016 para o cargo de prefeito foi anulada pela Justi\u00e7a Eleitoral porque o [&hellip;]<\/p>\n","protected":false},"author":1,"featured_media":95688,"comment_status":"open","ping_status":"closed","sticky":false,"template":"","format":"standard","meta":{"amp_status":"","footnotes":""},"categories":[1236,40240],"tags":[143417,1748,143412,143414,143415,147843,143413,147841,147842,143416,147845,121544,1694,147849,147844,143411,143410,147848,147847,147846],"class_list":["post-114122","post","type-post","status-publish","format-standard","has-post-thumbnail","hentry","category-norte_de_minas","category-politica-2","tag-44a-zona-eleitoral-de-bocaiuva","tag-cristiano-otoni","tag-eleicao-em-guaraciama","tag-eleicao-extemporanea-em-guaraciama","tag-eleicao-para-prefeito-em-guaraciama","tag-eleicao-suplementar-em-cristiano-otoni","tag-eleicao-suplementar-em-guaraciama","tag-eleicao-suplementar-em-guaraciama-e-neste-domingo","tag-eleicao-suplementar-guaraciama","tag-escolha-de-novo-prefeito-em-guaraciama","tag-filomeno-afonso-de-figueiredo","tag-francisco-adevaldo-soares-praes","tag-guaraciama","tag-nilton-cesar-franca","tag-nova-eleicao-em-cristiano-otoni","tag-nova-eleicao-em-guaraciama","tag-novo-prefeito-de-guaraciama-sera-escolhido-em-maio","tag-rafael-de-carlucio","tag-rafael-dias-veloso","tag-wagner-jose-leal"],"_links":{"self":[{"href":"https:\/\/aconteceunovale.com.br\/portal\/index.php?rest_route=\/wp\/v2\/posts\/114122","targetHints":{"allow":["GET"]}}],"collection":[{"href":"https:\/\/aconteceunovale.com.br\/portal\/index.php?rest_route=\/wp\/v2\/posts"}],"about":[{"href":"https:\/\/aconteceunovale.com.br\/portal\/index.php?rest_route=\/wp\/v2\/types\/post"}],"author":[{"embeddable":true,"href":"https:\/\/aconteceunovale.com.br\/portal\/index.php?rest_route=\/wp\/v2\/users\/1"}],"replies":[{"embeddable":true,"href":"https:\/\/aconteceunovale.com.br\/portal\/index.php?rest_route=%2Fwp%2Fv2%2Fcomments&post=114122"}],"version-history":[{"count":0,"href":"https:\/\/aconteceunovale.com.br\/portal\/index.php?rest_route=\/wp\/v2\/posts\/114122\/revisions"}],"wp:featuredmedia":[{"embeddable":true,"href":"https:\/\/aconteceunovale.com.br\/portal\/index.php?rest_route=\/wp\/v2\/media\/95688"}],"wp:attachment":[{"href":"https:\/\/aconteceunovale.com.br\/portal\/index.php?rest_route=%2Fwp%2Fv2%2Fmedia&parent=114122"}],"wp:term":[{"taxonomy":"category","embeddable":true,"href":"https:\/\/aconteceunovale.com.br\/portal\/index.php?rest_route=%2Fwp%2Fv2%2Fcategories&post=114122"},{"taxonomy":"post_tag","embeddable":true,"href":"https:\/\/aconteceunovale.com.br\/portal\/index.php?rest_route=%2Fwp%2Fv2%2Ftags&post=114122"}],"curies":[{"name":"wp","href":"https:\/\/api.w.org\/{rel}","templated":true}]}}