{"id":114111,"date":"2017-05-03T00:15:45","date_gmt":"2017-05-03T02:15:45","guid":{"rendered":"http:\/\/aconteceunovale.com.br\/portal\/?p=114111"},"modified":"2017-05-03T00:15:45","modified_gmt":"2017-05-03T02:15:45","slug":"mariana-fecha-acordo-para-atrair-empresas-e-reduzir-dependencia-da-mineracao","status":"publish","type":"post","link":"https:\/\/aconteceunovale.com.br\/portal\/?p=114111","title":{"rendered":"Mariana fecha acordo para atrair empresas e reduzir depend\u00eancia da minera\u00e7\u00e3o"},"content":{"rendered":"<p>A cidade de Mariana, em Minas Gerais, que vive uma crise econ\u00f4mica decorrente da trag\u00e9dia da mineradora Samarco, ocorrida em novembro de 2015, ter\u00e1 apoio de \u00f3rg\u00e3os do governo estadual para atrair novas empresas e reduzir sua depend\u00eancia financeira das atividades de minera\u00e7\u00e3o. O prefeito do munic\u00edpio, Duarte J\u00fanior, assinou hoje (02\/05\/2017), em Belo Horizonte, um conv\u00eanio para constru\u00e7\u00e3o de um distrito industrial.<\/p>\n<p>A estimativa inicial \u00e9 que o investimento seja de aproximadamente R$ 20 milh\u00f5es. Os recursos ser\u00e3o fornecidos pela Funda\u00e7\u00e3o Renova, que foi criada e \u00e9 mantida pela Samarco para gerir as a\u00e7\u00f5es de recupera\u00e7\u00e3o da \u00e1rea afetada pela trag\u00e9dia.<\/p>\n<p>Participam do conv\u00eanio o Banco de Desenvolvimento de Minas Gerais (BDMG), que vai administrar a verba, e o Instituto de Desenvolvimento Integrado de Minas Gerais (Indi), respons\u00e1vel pela busca de empresas interessadas em se instalar em Mariana. O terreno onde ser\u00e1 criado o distrito industrial j\u00e1 foi cedido pela prefeitura.<\/p>\n<p>Mariana enfrenta dificuldades financeiras por influ\u00eancia tanto da crise econ\u00f4mica nacional quanto da paralisa\u00e7\u00e3o das atividades da Samarco, que interrompeu uma cadeia de neg\u00f3cios na cidade. A mineradora n\u00e3o produz desde que teve suas licen\u00e7as suspensas, ap\u00f3s o rompimento da Barragem de Fund\u00e3o, que liberou no ambiente mais de 60 milh\u00f5es de metros c\u00fabicos de rejeitos.<\/p>\n<p>Al\u00e9m de devastar a vegeta\u00e7\u00e3o nativa, a lama poluiu a Bacia do Rio Doce, destruiu comunidades e provocou a morte de 19 pessoas. O epis\u00f3dio \u00e9 considerado a maior trag\u00e9dia ambiental do pa\u00eds. A Samarco espera voltar a operar no segundo semestre deste ano.<\/p>\n<p>O prefeito Duarte J\u00fanior alega que, atualmente, a cada duas pessoas em condi\u00e7\u00f5es de trabalhar no munic\u00edpio, uma est\u00e1 desempregada. A ag\u00eancia do Sistema Nacional de Emprego (Sine) em Mariana estava recolhendo curr\u00edculos a pedido da empreiteira Milplan, que realizar\u00e1 obras para a Samarco e para a Vale e anunciou a abertura de 50 postos de trabalho. De manh\u00e3, foi registrada uma fila de aproximadamente 800 interessados nas vagas. &#8220;O nosso 1\u00ba de maio foi marcado por v\u00e1rias pessoas indo dormir na fila atr\u00e1s de uma oportunidade de emprego&#8221;, disse Duarte J\u00fanior, no Dia do Trabalho, comemorado ontem (1\u00ba).<\/p>\n<p>O compromisso de estimular a diversifica\u00e7\u00e3o econ\u00f4mica de Mariana foi assumido pela Samarco e \u00e9 uma das medidas compensat\u00f3rias da trag\u00e9dia inclu\u00eddas no acordo assinado em mar\u00e7o de 2016 entre a mineradora, as acionistas Vale e BHP Billiton, o governo federal e os governos de Minas Gerais e do Esp\u00edrito Santo. No acordo, a empresa concordou em criar a Funda\u00e7\u00e3o Renova para gerir os programas a serem desenvolvidos em toda a \u00e1rea afetada.<\/p>\n<p>Segundo a Prefeitura de Mariana, 89% da arrecada\u00e7\u00e3o do munic\u00edpio est\u00e1 vinculada \u00e0 minera\u00e7\u00e3o. O prefeito Duarte J\u00fanior espera que, a partir do distrito industrial, sua gest\u00e3o consiga reduzir esse percentual em 20%. &#8220;Sabemos que \u00e9 uma meta ousada, mas vamos trabalhar muito pelos pr\u00f3ximos quatro anos.&#8221;<\/p>\n<p>A presidente do Instituto de Desenvolvimento Integrado de Minas Gerais (INDI), Cristiane Amaral Serpa, disse que a ideia \u00e9 atrair uma empresa \u00e2ncora que tenha capacidade de trazer outros fornecedores e poss\u00edveis clientes para a regi\u00e3o. &#8220;A pr\u00f3pria Samarco \u00e9 um exemplo disso. Por que ela tem grande participa\u00e7\u00e3o na arrecada\u00e7\u00e3o do munic\u00edpio? Porque n\u00e3o s\u00f3 contribui, como tamb\u00e9m todas as outras empresas que a atendem.&#8221;<\/p>\n<p>Para o presidente do Banco de Desenvolvimento de Minas Gerais, Marco Aur\u00e9lio Crocco, o distrito industrial dever\u00e1 se constituir a partir do potencial da regi\u00e3o. &#8220;Voc\u00ea tem a Universidade Federal de Ouro Preto, que tamb\u00e9m tem campus em Mariana, com uma diversidade de expertises. \u00c9 uma institui\u00e7\u00e3o que produz conhecimento, que produz patentes, e voc\u00ea pode tentar um di\u00e1logo com esses setores.&#8221;<\/p>\n<p>Segundo Crocco, o projeto de Mariana dever\u00e1 servir como exemplo para outros similares no futuro, beneficiando mais cidades. &#8220;N\u00e3o apenas cidades dependentes da minera\u00e7\u00e3o, mas qualquer cidade que dependa de um \u00fanico segmento econ\u00f4mico&#8221;, disse.<\/p>\n<p>Para Duarte J\u00fanior, a celebra\u00e7\u00e3o do conv\u00eanio foi a concretiza\u00e7\u00e3o de um sonho. Nascido em Mariana, ele diz que a diversifica\u00e7\u00e3o econ\u00f4mica \u00e9 um desejo antigo e assunto entre seus conterr\u00e2neos desde que ainda era crian\u00e7a. &#8220;Isso sempre foi falado, mas nunca saiu do papel. Foi preciso uma trag\u00e9dia como essa para que tiv\u00e9ssemos a ci\u00eancia de que algo deveria acontecer de verdade.\u201d<\/p>\n<p><strong>Pequeno empres\u00e1rio<\/strong><\/p>\n<p>O BDMG, o Indi e a Funda\u00e7\u00e3o Renova assinaram mais um conv\u00eanio, para a cria\u00e7\u00e3o de um fundo para oferecer empr\u00e9stimos em condi\u00e7\u00f5es favor\u00e1veis a comerciantes e pequenos empres\u00e1rios de todos os munic\u00edpios mineiros que foram impactados pela trag\u00e9dia. \u201cO objetivo \u00e9 garantir capital de giro para pequenos neg\u00f3cios na regi\u00e3o atingida\u201d, disse o diretor de Programas da Funda\u00e7\u00e3o Renova, Marcelo Figueiredo.<\/p>\n<p>A estimativa inicial \u00e9 de aporte de R$ 100 milh\u00f5es. Ser\u00e1 realizada uma nova reuni\u00e3o em 60 dias para que se formalize o in\u00edcio da opera\u00e7\u00e3o do fundo. &#8220;Os comerciantes que obtiverem os empr\u00e9stimos ter\u00e3o prazo e car\u00eancia melhores que as linhas tradicionais do mercado financeiro&#8221;, afirmou o presidente do banco.<\/p>\n<p><strong>VER PRIMEIRO<\/strong><\/p>\n<p><strong>Receba as not\u00edcias do Aconteceu no Vale em primeira m\u00e3o. Clique em curtir no endere\u00e7o <a href=\"https:\/\/www.facebook.com\/aconteceunovale\" target=\"_blank\"><font color=\"red\">www.facebook.com\/aconteceunovale<\/font><\/a> ou no box abaixo:<\/strong><\/p>\n<div class=\"fb-like\" data-href=\"https:\/\/www.facebook.com\/aconteceunovale\" data-width=\"120\" data-layout=\"standard\" data-action=\"like\" data-size=\"small\" data-show-faces=\"true\" data-share=\"true\"><\/div>\n<p><\/br><\/p>\n<p><em>(Fonte: Ag\u00eancia Brasil)<\/em><\/p>\n","protected":false},"excerpt":{"rendered":"<p>A cidade de Mariana, em Minas Gerais, que vive uma crise econ\u00f4mica decorrente da trag\u00e9dia da mineradora Samarco, ocorrida em novembro de 2015, ter\u00e1 apoio de \u00f3rg\u00e3os do governo estadual para atrair novas empresas e reduzir sua depend\u00eancia financeira das atividades de minera\u00e7\u00e3o. O prefeito do munic\u00edpio, Duarte J\u00fanior, assinou hoje (02\/05\/2017), em Belo Horizonte, [&hellip;]<\/p>\n","protected":false},"author":1,"featured_media":72344,"comment_status":"open","ping_status":"closed","sticky":false,"template":"","format":"standard","meta":{"amp_status":"","footnotes":""},"categories":[123],"tags":[58120,147818,147817,65584,7363,147815,147816,32642,146449],"class_list":["post-114111","post","type-post","status-publish","format-standard","has-post-thumbnail","hentry","category-gerais","tag-acordo","tag-construcao-de-distrito-industrial","tag-distrito-industrial-em-mariana","tag-duarte-junior","tag-mariana","tag-mariana-fecha-acordo-para-atrair-empresas-e-reduzir-dependencia-da-mineracao","tag-mariana-vive-uma-crise-economica-decorrente-da-tragedia-da-mineradora-samarco","tag-samarco","tag-tragedia-da-mineradora-samarco"],"_links":{"self":[{"href":"https:\/\/aconteceunovale.com.br\/portal\/index.php?rest_route=\/wp\/v2\/posts\/114111","targetHints":{"allow":["GET"]}}],"collection":[{"href":"https:\/\/aconteceunovale.com.br\/portal\/index.php?rest_route=\/wp\/v2\/posts"}],"about":[{"href":"https:\/\/aconteceunovale.com.br\/portal\/index.php?rest_route=\/wp\/v2\/types\/post"}],"author":[{"embeddable":true,"href":"https:\/\/aconteceunovale.com.br\/portal\/index.php?rest_route=\/wp\/v2\/users\/1"}],"replies":[{"embeddable":true,"href":"https:\/\/aconteceunovale.com.br\/portal\/index.php?rest_route=%2Fwp%2Fv2%2Fcomments&post=114111"}],"version-history":[{"count":0,"href":"https:\/\/aconteceunovale.com.br\/portal\/index.php?rest_route=\/wp\/v2\/posts\/114111\/revisions"}],"wp:featuredmedia":[{"embeddable":true,"href":"https:\/\/aconteceunovale.com.br\/portal\/index.php?rest_route=\/wp\/v2\/media\/72344"}],"wp:attachment":[{"href":"https:\/\/aconteceunovale.com.br\/portal\/index.php?rest_route=%2Fwp%2Fv2%2Fmedia&parent=114111"}],"wp:term":[{"taxonomy":"category","embeddable":true,"href":"https:\/\/aconteceunovale.com.br\/portal\/index.php?rest_route=%2Fwp%2Fv2%2Fcategories&post=114111"},{"taxonomy":"post_tag","embeddable":true,"href":"https:\/\/aconteceunovale.com.br\/portal\/index.php?rest_route=%2Fwp%2Fv2%2Ftags&post=114111"}],"curies":[{"name":"wp","href":"https:\/\/api.w.org\/{rel}","templated":true}]}}